{"id":15719,"date":"2020-09-23T10:04:40","date_gmt":"2020-09-23T15:04:40","guid":{"rendered":"https:\/\/diarioavanzada.com.mx\/?p=15719"},"modified":"2020-09-23T10:06:56","modified_gmt":"2020-09-23T15:06:56","slug":"hospital-general-de-tecoman-no-tiene-medicamentos-ventiladores-ni-tomas-de-oxigeno","status":"publish","type":"post","link":"https:\/\/diarioavanzada.com.mx\/?p=15719","title":{"rendered":"Hospital General de Tecom\u00e1n no tiene medicamentos, ventiladores, ni tomas de ox\u00edgeno"},"content":{"rendered":"\n<p class=\"wp-block-paragraph\">Colima, M\u00e9xico, Avanzada (23\/09\/2020).- M\u00e9dicos y pacientes del Hospital General de Tecom\u00e1n sufren el desabasto de medicamentos, material quir\u00fargico, ventiladores y condiciones adecuadas para poder ofrecer u recibir una adecuada atenci\u00f3n.<\/p>\n\n\n\n<p class=\"wp-block-paragraph\">La desprotecci\u00f3n en la que se encuentra este centro se agrava con la pandemia del COVID-19; Tecom\u00e1n es uno de los municipios con m\u00e1s casos de personas infectadas.<\/p>\n\n\n\n<p class=\"wp-block-paragraph\">A trav\u00e9s de diversas denuncias que recibi\u00f3 AVANZADA, personal adscrito a ese Hospital se\u00f1alaron que no cuentan analg\u00e9sicos, antibi\u00f3ticos, antiinflamatorios, \u201cel paciente tiene que ir a comprarlos\u201d, expusieron.<\/p>\n\n\n\n<p class=\"wp-block-paragraph\">Adem\u00e1s, en el \u00e1rea de choque del Hospital no hay ventiladores, ni tomas de ox\u00edgeno, no s\u00f3lo para atender a los sospechosos de padecer COVID-19, tambi\u00e9n a los pacientes que tienen otras enfermedades pulmonares.<\/p>\n\n\n\n<p class=\"wp-block-paragraph\">\u201cEstamos tratando de casar las cosas adelante, pero es bien dif\u00edcil y la estamos pasando mal. No sabemos si la secretar\u00eda de salud no baja el dinero para comprar esto o qu\u00e9 est\u00e1 sucediendo\u201d, menciona uno de los trabajadores del Hospital General de Tecom\u00e1n entrevistador por Avanzada.<\/p>\n\n\n\n<p class=\"wp-block-paragraph\">Cabe recordar que AVANZADA document\u00f3 que hasta el pasado mes de junio, el estado de Colima no hab\u00eda ejercido ni el uno por ciento de los recursos federales destinados para la compra de medicamentos y otros insumos para las personas sin seguridad social.<\/p>\n\n\n\n<p class=\"wp-block-paragraph\">La informaci\u00f3n menciona que de los 27 millones 964 mil 437 pesos destinados para la adquisici\u00f3n, distribuci\u00f3n de medicamentos y material de curaci\u00f3n solo se han ejercido 765 mil 218 pesos, correspondientes al 0.4 por ciento.<\/p>\n\n\n\n<p class=\"wp-block-paragraph\">Por su parte, el presidente de la Comisi\u00f3n de Salud en el Congreso, Guillermo Toscano Reyes se comprometi\u00f3 a investigar las causas por las cuales la administraci\u00f3n estatal no ha ejercido la totalidad de los recursos enviados por la federaci\u00f3n para la adquisici\u00f3n de estos insumos, sin embargo, hasta el momento no ha informado los avances de las pesquisas.<\/p>\n<div class=\"fb-background-color\">\n\t\t\t  <div \n\t\t\t  \tclass = \"fb-comments\" \n\t\t\t  \tdata-href = \"https:\/\/diarioavanzada.com.mx\/?p=15719\"\n\t\t\t  \tdata-numposts = \"10\"\n\t\t\t  \tdata-lazy = \"true\"\n\t\t\t\tdata-colorscheme = \"light\"\n\t\t\t\tdata-order-by = \"social\"\n\t\t\t\tdata-mobile=true>\n\t\t\t  <\/div><\/div>\n\t\t  <style>\n\t\t    .fb-background-color {\n\t\t\t\tbackground:  !important;\n\t\t\t}\n\t\t\t.fb_iframe_widget_fluid_desktop iframe {\n\t\t\t    width: 100% !important;\n\t\t\t}\n\t\t  <\/style>\n\t\t  ","protected":false},"excerpt":{"rendered":"<p>Colima, M\u00e9xico, Avanzada (23\/09\/2020).- M\u00e9dicos y pacientes del Hospital General de Tecom\u00e1n sufren el desabasto de medicamentos, material quir\u00fargico, ventiladores y condiciones adecuadas para poder ofrecer u recibir una adecuada atenci\u00f3n. La desprotecci\u00f3n en la que se encuentra este centro se agrava con la pandemia del COVID-19; Tecom\u00e1n es uno de los municipios con m\u00e1s [&hellip;]<\/p>\n","protected":false},"author":5,"featured_media":12198,"comment_status":"closed","ping_status":"closed","sticky":false,"template":"","format":"standard","meta":{"_coblocks_attr":"","_coblocks_dimensions":"","_coblocks_responsive_height":"","_coblocks_accordion_ie_support":"","advanced_seo_description":"","jetpack_seo_html_title":"","jetpack_seo_noindex":false,"jetpack_seo_schema_type":"","_jetpack_newsletter_access":"","_jetpack_dont_email_post_to_subs":false,"_jetpack_newsletter_tier_id":0,"_jetpack_memberships_contains_paywalled_content":false,"_wpcom_ai_launchpad_first_post":false,"_jetpack_feature_clip_id":0,"_jetpack_memberships_contains_paid_content":false,"footnotes":"","jetpack_post_was_ever_published":false},"categories":[19],"tags":[300,210,218],"class_list":["post-15719","post","type-post","status-publish","format-standard","has-post-thumbnail","hentry","category-colima","tag-covid-19","tag-portada","tag-salud"],"jetpack-related-posts":[],"jetpack_sharing_enabled":true,"amp_enabled":true,"jetpack_featured_media_url":"https:\/\/diarioavanzada.com.mx\/wp-content\/uploads\/2020\/04\/Salud-Covid-2.jpeg","_links":{"self":[{"href":"https:\/\/diarioavanzada.com.mx\/index.php?rest_route=\/wp\/v2\/posts\/15719","targetHints":{"allow":["GET"]}}],"collection":[{"href":"https:\/\/diarioavanzada.com.mx\/index.php?rest_route=\/wp\/v2\/posts"}],"about":[{"href":"https:\/\/diarioavanzada.com.mx\/index.php?rest_route=\/wp\/v2\/types\/post"}],"author":[{"embeddable":true,"href":"https:\/\/diarioavanzada.com.mx\/index.php?rest_route=\/wp\/v2\/users\/5"}],"replies":[{"embeddable":true,"href":"https:\/\/diarioavanzada.com.mx\/index.php?rest_route=%2Fwp%2Fv2%2Fcomments&post=15719"}],"version-history":[{"count":0,"href":"https:\/\/diarioavanzada.com.mx\/index.php?rest_route=\/wp\/v2\/posts\/15719\/revisions"}],"wp:featuredmedia":[{"embeddable":true,"href":"https:\/\/diarioavanzada.com.mx\/index.php?rest_route=\/wp\/v2\/media\/12198"}],"wp:attachment":[{"href":"https:\/\/diarioavanzada.com.mx\/index.php?rest_route=%2Fwp%2Fv2%2Fmedia&parent=15719"}],"wp:term":[{"taxonomy":"category","embeddable":true,"href":"https:\/\/diarioavanzada.com.mx\/index.php?rest_route=%2Fwp%2Fv2%2Fcategories&post=15719"},{"taxonomy":"post_tag","embeddable":true,"href":"https:\/\/diarioavanzada.com.mx\/index.php?rest_route=%2Fwp%2Fv2%2Ftags&post=15719"}],"curies":[{"name":"wp","href":"https:\/\/api.w.org\/{rel}","templated":true}]}}