{"id":15670,"date":"2020-09-21T12:31:35","date_gmt":"2020-09-21T17:31:35","guid":{"rendered":"https:\/\/diarioavanzada.com.mx\/?p=15670"},"modified":"2020-09-21T12:34:56","modified_gmt":"2020-09-21T17:34:56","slug":"se-registran-530-defunciones-por-covid-19-en-colima","status":"publish","type":"post","link":"https:\/\/diarioavanzada.com.mx\/?p=15670","title":{"rendered":"Se registran 530 defunciones por Covid-19 en Colima"},"content":{"rendered":"\n<p class=\"wp-block-paragraph\">Colima, M\u00e9xico, Comunicado (21\/09\/2020).- Las instituciones del Sector Salud en el Estado reportan que este domingo 20 de septiembre, se registraron 74 nuevos casos y 3 defunciones por Covid-19, con lo que se acumulan 4 mil 438 casos y 530 decesos por esta causa en Colima.<\/p>\n\n\n\n<p class=\"wp-block-paragraph\">La Secretar\u00eda de Salud y Bienestar Social informa que las muertes de esta jornada ocurrieron en 3 hombres, mayores de 65 a\u00f1os de edad, de los cuales 2 eran de Manzanillo y uno de Colima.<\/p>\n\n\n\n<p class=\"wp-block-paragraph\">Se informa adem\u00e1s, que 38 mujeres fueron diagnosticadas como positivas al virus de SARS-CoV-2, con edades entre los cinco y m\u00e1s de 65 a\u00f1os, de las cuales, 22 reciben atenci\u00f3n ambulatoria, 14 est\u00e1n hospitalizadas graves, una hospitalizada no grave y una hospitalizada grave intubada. Por residencia, 13 son de Colima, 9 de Manzanillo, 7 de Tecom\u00e1n, 4 de Villa de \u00c1lvarez, 2 de Cuauht\u00e9moc, una de Armer\u00eda, una de Coquimatl\u00e1n y una de Ixtlahuac\u00e1n.<\/p>\n\n\n\n<p class=\"wp-block-paragraph\">Los varones diagnosticados positivos fueron 36, con edades de un a\u00f1o y hasta los 65 a\u00f1os; de los cuales, 26 reciben atenci\u00f3n ambulatoria, 7 est\u00e1n hospitalizados graves, 2 hospitalizados no graves y uno hospitalizado grave intubado. Por residencia, 9 son de Villa de \u00c1lvarez, 8 de Colima, 8 de Tecom\u00e1n, 6 de Manzanillo, 3 de Comala, uno de Coquimatl\u00e1n y uno de Minatitl\u00e1n.<\/p>\n\n\n\n<p class=\"wp-block-paragraph\">En esta jornada se registraron 2 casos for\u00e1neos, un var\u00f3n de 35 a\u00f1os y una mujer de m\u00e1s de 60 a\u00f1os, hospitalizado no grave y hospitalizada grave, quienes por lineamiento federal ser\u00e1n contabilizados en su entidad de origen.<\/p>\n\n\n\n<p class=\"wp-block-paragraph\">La instituci\u00f3n de Salud reitera el llamado a mantenerse en casa el mayor tiempo posible y usar de manera correcta y obligatoria el cubrebocas, as\u00ed como lavarse las manos con agua y jab\u00f3n con frecuencia y guardar sana distancia al salir a alguna actividad esencial, a fin de disminuir contagios y cortar la transmisi\u00f3n viral.<\/p>\n<div class=\"fb-background-color\">\n\t\t\t  <div \n\t\t\t  \tclass = \"fb-comments\" \n\t\t\t  \tdata-href = \"https:\/\/diarioavanzada.com.mx\/?p=15670\"\n\t\t\t  \tdata-numposts = \"10\"\n\t\t\t  \tdata-lazy = \"true\"\n\t\t\t\tdata-colorscheme = \"light\"\n\t\t\t\tdata-order-by = \"social\"\n\t\t\t\tdata-mobile=true>\n\t\t\t  <\/div><\/div>\n\t\t  <style>\n\t\t    .fb-background-color {\n\t\t\t\tbackground:  !important;\n\t\t\t}\n\t\t\t.fb_iframe_widget_fluid_desktop iframe {\n\t\t\t    width: 100% !important;\n\t\t\t}\n\t\t  <\/style>\n\t\t  ","protected":false},"excerpt":{"rendered":"<p>Colima, M\u00e9xico, Comunicado (21\/09\/2020).- Las instituciones del Sector Salud en el Estado reportan que este domingo 20 de septiembre, se registraron 74 nuevos casos y 3 defunciones por Covid-19, con lo que se acumulan 4 mil 438 casos y 530 decesos por esta causa en Colima. La Secretar\u00eda de Salud y Bienestar Social informa que [&hellip;]<\/p>\n","protected":false},"author":7,"featured_media":15671,"comment_status":"closed","ping_status":"closed","sticky":false,"template":"","format":"standard","meta":{"_coblocks_attr":"","_coblocks_dimensions":"","_coblocks_responsive_height":"","_coblocks_accordion_ie_support":"","advanced_seo_description":"","jetpack_seo_html_title":"","jetpack_seo_noindex":false,"jetpack_seo_schema_type":"","_jetpack_newsletter_access":"","_jetpack_dont_email_post_to_subs":false,"_jetpack_newsletter_tier_id":0,"_jetpack_memberships_contains_paywalled_content":false,"_wpcom_ai_launchpad_first_post":false,"_jetpack_feature_clip_id":0,"_jetpack_memberships_contains_paid_content":false,"footnotes":"","jetpack_post_was_ever_published":false},"categories":[19,27],"tags":[300,210,218],"class_list":["post-15670","post","type-post","status-publish","format-standard","has-post-thumbnail","hentry","category-colima","category-salud","tag-covid-19","tag-portada","tag-salud"],"jetpack-related-posts":[],"jetpack_sharing_enabled":true,"amp_enabled":true,"jetpack_featured_media_url":"https:\/\/diarioavanzada.com.mx\/wp-content\/uploads\/2020\/09\/image-210.png","_links":{"self":[{"href":"https:\/\/diarioavanzada.com.mx\/index.php?rest_route=\/wp\/v2\/posts\/15670","targetHints":{"allow":["GET"]}}],"collection":[{"href":"https:\/\/diarioavanzada.com.mx\/index.php?rest_route=\/wp\/v2\/posts"}],"about":[{"href":"https:\/\/diarioavanzada.com.mx\/index.php?rest_route=\/wp\/v2\/types\/post"}],"author":[{"embeddable":true,"href":"https:\/\/diarioavanzada.com.mx\/index.php?rest_route=\/wp\/v2\/users\/7"}],"replies":[{"embeddable":true,"href":"https:\/\/diarioavanzada.com.mx\/index.php?rest_route=%2Fwp%2Fv2%2Fcomments&post=15670"}],"version-history":[{"count":0,"href":"https:\/\/diarioavanzada.com.mx\/index.php?rest_route=\/wp\/v2\/posts\/15670\/revisions"}],"wp:featuredmedia":[{"embeddable":true,"href":"https:\/\/diarioavanzada.com.mx\/index.php?rest_route=\/wp\/v2\/media\/15671"}],"wp:attachment":[{"href":"https:\/\/diarioavanzada.com.mx\/index.php?rest_route=%2Fwp%2Fv2%2Fmedia&parent=15670"}],"wp:term":[{"taxonomy":"category","embeddable":true,"href":"https:\/\/diarioavanzada.com.mx\/index.php?rest_route=%2Fwp%2Fv2%2Fcategories&post=15670"},{"taxonomy":"post_tag","embeddable":true,"href":"https:\/\/diarioavanzada.com.mx\/index.php?rest_route=%2Fwp%2Fv2%2Ftags&post=15670"}],"curies":[{"name":"wp","href":"https:\/\/api.w.org\/{rel}","templated":true}]}}