{"id":15344,"date":"2020-09-10T08:55:04","date_gmt":"2020-09-10T13:55:04","guid":{"rendered":"https:\/\/diarioavanzada.com.mx\/?p=15344"},"modified":"2020-09-10T10:19:36","modified_gmt":"2020-09-10T15:19:36","slug":"jornaleros-agricolas-victimas-de-la-esclavitud-moderna","status":"publish","type":"post","link":"https:\/\/diarioavanzada.com.mx\/?p=15344","title":{"rendered":"Jornaleros agr\u00edcolas, v\u00edctimas de la esclavitud moderna"},"content":{"rendered":"\n<p class=\"wp-block-paragraph\">Colima, M\u00e9xico, Avanzada (10\/09\/2020).- En teor\u00eda, la esclavitud se aboli\u00f3 en M\u00e9xico hace 200 a\u00f1os, pero en la pr\u00e1ctica sigue vigente aunque de otras formas, y con otros procesos que aquellos que imperaban antes de la guerra de Independencia.<\/p>\n\n\n\n<p class=\"wp-block-paragraph\">En la actualidad, los jornaleros agr\u00edcolas padecen condiciones de trabajo que podr\u00edan catalogarse como la esclavitud moderna, pues laboran desde antes que salga el sol y hasta que se oculta, con un salario que apenas les permite sobrevivir, sin prestaciones y sin ninguna autoridad que realmente vigile y frene los abusos de los que muchas veces son objeto.<\/p>\n\n\n\n<p class=\"wp-block-paragraph\">En Colima, el 23 de marzo de 2015, la secretar\u00eda del Trabajo rescat\u00f3 a 48 trabajadores agr\u00edcolas mixtecos, entre ellos 13 menores de edad, que laboraban en una pepinera en la capital del estado y que eran explotados laboralmente.<\/p>\n\n\n\n<p class=\"wp-block-paragraph\">En su recomendaci\u00f3n 15\/2018, la Comisi\u00f3n Nacional de Derechos Humanos (CNDH) document\u00f3 que entre las principales violaciones &nbsp;a la normatividad laboral documentadas se encontr\u00f3 que en ese lugar exist\u00eda \u201ctrabajo infantil en su modalidad de trabajo forzoso, trabajo agr\u00edcola expuesto a sustancias peligrosas como plaguicidas y pesticidas, sin ning\u00fan equipo de protecci\u00f3n y carencia de seguridad social\u201d.<\/p>\n\n\n\n<p class=\"wp-block-paragraph\">Adem\u00e1s, \u201causencia de control en el manejo de sustancias qu\u00edmicas para jornaleros y fumigadores, acceso sin ning\u00fan tipo de restricci\u00f3n de los ni\u00f1os a sustancias qu\u00edmicas, que ponen en riesgo grave su salud; condiciones insalubres, sin ba\u00f1os o letrinas, s\u00f3lo con un pozo distante del lugar; no les proporcionaban alimento, ni agua potable; y el sueldo era pagado a destajo, por lo que en algunas jornadas no alcanzaba a cubrir ni el salario m\u00ednimo\u201d, se\u00f1ala la recomendaci\u00f3n.<\/p>\n\n\n\n<p class=\"wp-block-paragraph\">Por su parte, a trav\u00e9s de un comunicado de prensa, la secretar\u00eda del Trabajo se\u00f1al\u00f3 que&nbsp; los datos proporcionados durante la inspecci\u00f3n, los jornaleros agr\u00edcolas procedentes de Guerrero recib\u00edan un pago de $3.00 (tres pesos 00\/100 M.N) por cada cubeta de pepino y laboraban desde las 6:00 de la ma\u00f1ana hasta las 16:00 horas, incluso los 13 ni\u00f1os que no contaban con la edad para trabajar.<\/p>\n\n\n\n<p class=\"wp-block-paragraph\">Adem\u00e1s, los jornaleros no contaban con ninguna prestaci\u00f3n de ley, no se les proporcionaba alimentos suficientes y adecuados e incluso los materiales para construir sus precarias viviendas eran sufragados de sus propios ingresos.<\/p>\n\n\n\n<p class=\"wp-block-paragraph\">Derivado de este hecho, la CNDH dict\u00f3 una serie de medidas a diferentes instancias gubernamentales y solicit\u00f3 a las autoridades locales a inspeccionar las condiciones en las que laboran los jornaleros agr\u00edcolas, as\u00ed como advertir &nbsp;la presencia de ni\u00f1as, ni\u00f1os y adolescentes, cuyas condiciones sean de vulnerabilidad, se les brinde protecci\u00f3n integral para garantizar sus derechos humanos, sin embargo, a cinco a\u00f1os de esa situaci\u00f3n, los jornaleros agr\u00edcolas en el estado siguen laborando en condiciones precarias que ponen en riesgo sus vidas y las de sus hijos.<\/p>\n\n\n\n<p class=\"wp-block-paragraph\">El pasado lunes, dos menores de 8 y 4 a\u00f1os de edad murieron cuando la camioneta en la que viajaban volc\u00f3 en un canal de agua en el municipio de Tecom\u00e1n. Los dos infantes iban con un grupo de trabajadores agr\u00edcolas, que en su mayor\u00eda eran menores de edad.<\/p>\n\n\n\n<p class=\"wp-block-paragraph\">Hasta el momento,&nbsp;ninguna autoridad local o federal ha explicado si abrir\u00e1 una investigaci\u00f3n para conocer las condiciones en las que laboran los trabajadores agr\u00edcolas en la entidad y las condiciones de los menores de edad.<\/p>\n<div class=\"fb-background-color\">\n\t\t\t  <div \n\t\t\t  \tclass = \"fb-comments\" \n\t\t\t  \tdata-href = \"https:\/\/diarioavanzada.com.mx\/?p=15344\"\n\t\t\t  \tdata-numposts = \"10\"\n\t\t\t  \tdata-lazy = \"true\"\n\t\t\t\tdata-colorscheme = \"light\"\n\t\t\t\tdata-order-by = \"social\"\n\t\t\t\tdata-mobile=true>\n\t\t\t  <\/div><\/div>\n\t\t  <style>\n\t\t    .fb-background-color {\n\t\t\t\tbackground:  !important;\n\t\t\t}\n\t\t\t.fb_iframe_widget_fluid_desktop iframe {\n\t\t\t    width: 100% !important;\n\t\t\t}\n\t\t  <\/style>\n\t\t  ","protected":false},"excerpt":{"rendered":"<p>Colima, M\u00e9xico, Avanzada (10\/09\/2020).- En teor\u00eda, la esclavitud se aboli\u00f3 en M\u00e9xico hace 200 a\u00f1os, pero en la pr\u00e1ctica sigue vigente aunque de otras formas, y con otros procesos que aquellos que imperaban antes de la guerra de Independencia. En la actualidad, los jornaleros agr\u00edcolas padecen condiciones de trabajo que podr\u00edan catalogarse como la esclavitud [&hellip;]<\/p>\n","protected":false},"author":5,"featured_media":15345,"comment_status":"closed","ping_status":"closed","sticky":false,"template":"","format":"standard","meta":{"_coblocks_attr":"","_coblocks_dimensions":"","_coblocks_responsive_height":"","_coblocks_accordion_ie_support":"","_crdt_document":"","advanced_seo_description":"","jetpack_seo_html_title":"","jetpack_seo_noindex":false,"_jetpack_memberships_contains_paid_content":false,"footnotes":""},"categories":[19],"tags":[210],"class_list":["post-15344","post","type-post","status-publish","format-standard","has-post-thumbnail","hentry","category-colima","tag-portada"],"jetpack_featured_media_url":"https:\/\/diarioavanzada.com.mx\/wp-content\/uploads\/2020\/09\/Palmera-Campo.jpg","jetpack-related-posts":[],"jetpack_sharing_enabled":true,"amp_enabled":true,"_links":{"self":[{"href":"https:\/\/diarioavanzada.com.mx\/index.php?rest_route=\/wp\/v2\/posts\/15344","targetHints":{"allow":["GET"]}}],"collection":[{"href":"https:\/\/diarioavanzada.com.mx\/index.php?rest_route=\/wp\/v2\/posts"}],"about":[{"href":"https:\/\/diarioavanzada.com.mx\/index.php?rest_route=\/wp\/v2\/types\/post"}],"author":[{"embeddable":true,"href":"https:\/\/diarioavanzada.com.mx\/index.php?rest_route=\/wp\/v2\/users\/5"}],"replies":[{"embeddable":true,"href":"https:\/\/diarioavanzada.com.mx\/index.php?rest_route=%2Fwp%2Fv2%2Fcomments&post=15344"}],"version-history":[{"count":0,"href":"https:\/\/diarioavanzada.com.mx\/index.php?rest_route=\/wp\/v2\/posts\/15344\/revisions"}],"wp:featuredmedia":[{"embeddable":true,"href":"https:\/\/diarioavanzada.com.mx\/index.php?rest_route=\/wp\/v2\/media\/15345"}],"wp:attachment":[{"href":"https:\/\/diarioavanzada.com.mx\/index.php?rest_route=%2Fwp%2Fv2%2Fmedia&parent=15344"}],"wp:term":[{"taxonomy":"category","embeddable":true,"href":"https:\/\/diarioavanzada.com.mx\/index.php?rest_route=%2Fwp%2Fv2%2Fcategories&post=15344"},{"taxonomy":"post_tag","embeddable":true,"href":"https:\/\/diarioavanzada.com.mx\/index.php?rest_route=%2Fwp%2Fv2%2Ftags&post=15344"}],"curies":[{"name":"wp","href":"https:\/\/api.w.org\/{rel}","templated":true}]}}