{"id":15298,"date":"2020-09-09T08:16:02","date_gmt":"2020-09-09T13:16:02","guid":{"rendered":"https:\/\/diarioavanzada.com.mx\/?p=15298"},"modified":"2020-09-09T08:16:03","modified_gmt":"2020-09-09T13:16:03","slug":"vladimir-parra-en-lugar-de-salir-de-la-conago-nacho-deberia-salirse-del-gobierno","status":"publish","type":"post","link":"https:\/\/diarioavanzada.com.mx\/?p=15298","title":{"rendered":"Vladimir Parra: En lugar de salir de la CONAGO, Nacho deber\u00eda salirse del gobierno"},"content":{"rendered":"\n<p class=\"wp-block-paragraph\">Colima, M\u00e9xico, Comunicado (09\/09\/2020).- Desde mayo de este a\u00f1o, los gobernadores que integran la autodenominaba &#8220;Alianza Federalista&#8221; y que ahora han anunciado su salida de la Conferencia Nacional de Gobernadores (CONAGO), han emprendido una serie de acciones en contra del Gobierno de M\u00e9xico y se han convertido en opositores sistem\u00e1ticos a la #CuartaTransformaci\u00f3n.\u00a0<\/p>\n\n\n\n<p class=\"wp-block-paragraph\">Lo denunciamos entonces y lo reiteramos ahora: esos 10 gobernadores, incluido el de Colima, Jos\u00e9 Ignacio Peralta S\u00e1nchez, tienen algo en com\u00fan: sus gobiernos son los m\u00e1s endeudados, son los que tienen una menor aprobaci\u00f3n de las y los ciudadanos, y la mayor\u00eda de ellos ha tenido un p\u00e9simo manejo de la pandemia en sus entidades.&nbsp;<\/p>\n\n\n\n<p class=\"wp-block-paragraph\">Este frente de gobernadores anti-AMLO lo \u00fanico que quieren es m\u00e1s dinero, a pesar de que, como la ha dicho el Presidente, el Gobierno Federal ha transferido puntualmente todos y cada uno de los recursos convenidos por concepto de aportaciones y participaciones. Incluso se han comenzado a aplicar los 60 mil millones de pesos del Fondo de Estabilizaci\u00f3n de los Ingresos para las Entidades.&nbsp;<\/p>\n\n\n\n<p class=\"wp-block-paragraph\">Insisten en una revisi\u00f3n del Pacto Fiscal, pero han rechazado apretarse los cinturones y llevar a cabo medidas de austeridad que permitan ahorrar recursos y aplicarlos en el bienestar del pueblo; lo que ellos quieren es su propio bienestar y seguir creciendo sus patrimonios. La derecha se rige por intereses.&nbsp;<\/p>\n\n\n\n<p class=\"wp-block-paragraph\">Aqu\u00ed en Colima, el Gobernador del Estado ha crecido la deuda p\u00fablica global a m\u00e1s de 6 mil 500 millones de pesos. Un verdadero desprop\u00f3sito en contra de los colimenses. En lugar de salir de la CONAGO, el gobernador de Colima, deber\u00eda salir del gobierno, debido al manejo irresponsable que ha llevado a la entidad a la zozobra en materia de salud, econom\u00eda y seguridad.&nbsp;<\/p>\n\n\n\n<p class=\"wp-block-paragraph\">En Coahuila, Miguel \u00c1ngel Riquelme Sol\u00eds recurri\u00f3 a un cr\u00e9dito por 978 millones 047 mil pesos; con lo que la deuda de ese estado lleg\u00f3 a 37 mil 250 millones de pesos. En Jalisco, el gobernador Enrique Alfaro Ram\u00edrez pidi\u00f3 un cr\u00e9dito por 6 mil 200 millones de pesos este a\u00f1o y antes de eso, pidi\u00f3 uno de 5 mil 700 millones.&nbsp;<\/p>\n\n\n\n<p class=\"wp-block-paragraph\">En Michoac\u00e1n, Silvano Aureoles Conejo contrat\u00f3 en siete meses deuda p\u00fablica de corto plazo por 3 mil 900 millones de pesos, seg\u00fan lo denunci\u00f3 nuestro compa\u00f1ero diputado por Morena, Alfredo Ram\u00edrez Bedolla. En Nuevo Le\u00f3n, el gobernador Jaime Rodr\u00edguez Calder\u00f3n contrat\u00f3 en marzo deuda adicional por dos mil 895 millones de pesos. En Tamaulipas, el gobernador Francisco Javier Garc\u00eda Cabeza de Vaca logr\u00f3 que el pasado 8 de abril el Congreso del estado le autorizara solicitar un cr\u00e9dito por 4 mil 500 millones de pesos.<\/p>\n\n\n\n<p class=\"wp-block-paragraph\">El gobernador de Colima y sus amigos los gobernadores fiesteros, han desestimado el mandato popular del 2018. El pueblo vot\u00f3 por una transformaci\u00f3n, vot\u00f3 porque el dinero p\u00fablico se ejerciera de manera honrada, se aplicara austeridad, porque la gente m\u00e1s necesitada estuviera en el centro de las pol\u00edticas del gobierno, no vot\u00f3 por m\u00e1s gasto inmoral ni vot\u00f3 porque los gobernadores se siguieran enriqueciendo. Por eso el Presidente AMLO sigue teniendo m\u00e1s de 60% de aprobaci\u00f3n en Colima, porque est\u00e1n a favor del cambio de r\u00e9gimen.&nbsp;<\/p>\n\n\n\n<p class=\"wp-block-paragraph\">En lugar de reunirse con los gobernadores golpistas y andar de paseo, el gobernador Nacho Peralta deber\u00eda estar en Manzanillo atendiendo los problemas que se presentaron por la Tormenta Tropical \u201cHern\u00e1n\u201d, s\u00f3lo fue y se tom\u00f3 unas fotos, y no han hecho nada para ayudar a las y los manzanillenses. La gente sigue esperando su apoyo. La gente quiere resultados, no que ande haciendo politiquer\u00eda, con miras a las elecciones del a\u00f1o entrante. No es posible que sea tan irresponsable.<\/p>\n\n\n\n<p class=\"wp-block-paragraph\">Es inadmisible que haya tomado decisiones sin consultar a la gente para conocer si se estaba de acuerdo o no en salir de la CONAGO. El gobernador NO escucha a su pueblo, es indolente con el sentir popular. Basta de hacerle tanto da\u00f1o Colima.<\/p>\n<div class=\"fb-background-color\">\n\t\t\t  <div \n\t\t\t  \tclass = \"fb-comments\" \n\t\t\t  \tdata-href = \"https:\/\/diarioavanzada.com.mx\/?p=15298\"\n\t\t\t  \tdata-numposts = \"10\"\n\t\t\t  \tdata-lazy = \"true\"\n\t\t\t\tdata-colorscheme = \"light\"\n\t\t\t\tdata-order-by = \"social\"\n\t\t\t\tdata-mobile=true>\n\t\t\t  <\/div><\/div>\n\t\t  <style>\n\t\t    .fb-background-color {\n\t\t\t\tbackground:  !important;\n\t\t\t}\n\t\t\t.fb_iframe_widget_fluid_desktop iframe {\n\t\t\t    width: 100% !important;\n\t\t\t}\n\t\t  <\/style>\n\t\t  ","protected":false},"excerpt":{"rendered":"<p>Colima, M\u00e9xico, Comunicado (09\/09\/2020).- Desde mayo de este a\u00f1o, los gobernadores que integran la autodenominaba &#8220;Alianza Federalista&#8221; y que ahora han anunciado su salida de la Conferencia Nacional de Gobernadores (CONAGO), han emprendido una serie de acciones en contra del Gobierno de M\u00e9xico y se han convertido en opositores sistem\u00e1ticos a la #CuartaTransformaci\u00f3n.\u00a0 Lo denunciamos [&hellip;]<\/p>\n","protected":false},"author":7,"featured_media":15299,"comment_status":"closed","ping_status":"closed","sticky":false,"template":"","format":"standard","meta":{"_coblocks_attr":"","_coblocks_dimensions":"","_coblocks_responsive_height":"","_coblocks_accordion_ie_support":"","_crdt_document":"","advanced_seo_description":"","jetpack_seo_html_title":"","jetpack_seo_noindex":false,"_jetpack_memberships_contains_paid_content":false,"footnotes":""},"categories":[19],"tags":[],"class_list":["post-15298","post","type-post","status-publish","format-standard","has-post-thumbnail","hentry","category-colima"],"jetpack_featured_media_url":"https:\/\/diarioavanzada.com.mx\/wp-content\/uploads\/2020\/09\/image-59.png","jetpack-related-posts":[],"jetpack_sharing_enabled":true,"amp_enabled":true,"_links":{"self":[{"href":"https:\/\/diarioavanzada.com.mx\/index.php?rest_route=\/wp\/v2\/posts\/15298","targetHints":{"allow":["GET"]}}],"collection":[{"href":"https:\/\/diarioavanzada.com.mx\/index.php?rest_route=\/wp\/v2\/posts"}],"about":[{"href":"https:\/\/diarioavanzada.com.mx\/index.php?rest_route=\/wp\/v2\/types\/post"}],"author":[{"embeddable":true,"href":"https:\/\/diarioavanzada.com.mx\/index.php?rest_route=\/wp\/v2\/users\/7"}],"replies":[{"embeddable":true,"href":"https:\/\/diarioavanzada.com.mx\/index.php?rest_route=%2Fwp%2Fv2%2Fcomments&post=15298"}],"version-history":[{"count":0,"href":"https:\/\/diarioavanzada.com.mx\/index.php?rest_route=\/wp\/v2\/posts\/15298\/revisions"}],"wp:featuredmedia":[{"embeddable":true,"href":"https:\/\/diarioavanzada.com.mx\/index.php?rest_route=\/wp\/v2\/media\/15299"}],"wp:attachment":[{"href":"https:\/\/diarioavanzada.com.mx\/index.php?rest_route=%2Fwp%2Fv2%2Fmedia&parent=15298"}],"wp:term":[{"taxonomy":"category","embeddable":true,"href":"https:\/\/diarioavanzada.com.mx\/index.php?rest_route=%2Fwp%2Fv2%2Fcategories&post=15298"},{"taxonomy":"post_tag","embeddable":true,"href":"https:\/\/diarioavanzada.com.mx\/index.php?rest_route=%2Fwp%2Fv2%2Ftags&post=15298"}],"curies":[{"name":"wp","href":"https:\/\/api.w.org\/{rel}","templated":true}]}}