{"id":15243,"date":"2020-09-07T14:30:12","date_gmt":"2020-09-07T19:30:12","guid":{"rendered":"https:\/\/diarioavanzada.com.mx\/?p=15243"},"modified":"2020-09-07T14:30:14","modified_gmt":"2020-09-07T19:30:14","slug":"aumenta-la-informalidad-laboral-tras-la-pandemia-de-covid-19","status":"publish","type":"post","link":"https:\/\/diarioavanzada.com.mx\/?p=15243","title":{"rendered":"Aumenta la informalidad laboral tras la pandemia de Covid-19"},"content":{"rendered":"\n<p class=\"wp-block-paragraph\">Colima, M\u00e9xico, Avanzada (07\/09\/2020).-\u00a0En julio de este a\u00f1o aument\u00f3 la cifra de trabajadores informarles, es decir, aquellos que no tienen seguridad social como servicios m\u00e9dicos o pensi\u00f3n y jubilaci\u00f3n.<\/p>\n\n\n\n<p class=\"wp-block-paragraph\">Adem\u00e1s, aunque la tasa de desocupaci\u00f3n disminuy\u00f3 ligeramente en comparaci\u00f3n con junio, a\u00fan existen &nbsp;poco m\u00e1s de 2 millones de personas en edad de trabajar que no se encuentran en ninguna actividad econ\u00f3mica.<\/p>\n\n\n\n<p class=\"wp-block-paragraph\">De acuerdo al Instituto Nacional de Estad\u00edstica y Geograf\u00eda (INEGI) en julio pasado hubo una ligera recuperaci\u00f3n econ\u00f3mica en el pa\u00eds a partir de la reapertura parcial de los negocios, lo que permiti\u00f3 incorporar a 1.5 millones de personas que se hab\u00edan quedado sin empleo por la pandemia, a las actividades econ\u00f3micas.<\/p>\n\n\n\n<p class=\"wp-block-paragraph\">Sin embargo, refiere que se incrementaron los trabajadores informales, respecto a aquellos que tienen plazas laborales con las prestaciones que marca la ley.<\/p>\n\n\n\n<p class=\"wp-block-paragraph\">Por otra parte, el mismo INEGI refiere de los 12 millones de personas que dejaron estar activas (no desempleadas) en abril, regresaron a laboral 7.2 millones para julio de 2020.<\/p>\n\n\n\n<p class=\"wp-block-paragraph\">Mientras que 5 de cada 100 personas&nbsp; con capacidad de trabajar, se encuentran desempleadas en el pa\u00eds. La tasa de desocupaci\u00f3n es de 5.4 por ciento, equivalente a 2.8 millones de personas.<\/p>\n\n\n\n<p class=\"wp-block-paragraph\">Las cifras sobre el empleo y desempleo en Colima todav\u00eda no se han dado a conocer, no obstante, el pasado mes de junio se inform\u00f3 que en la entidad se hab\u00edan perdido cuatro mil empleos formales.<\/p>\n<div class=\"fb-background-color\">\n\t\t\t  <div \n\t\t\t  \tclass = \"fb-comments\" \n\t\t\t  \tdata-href = \"https:\/\/diarioavanzada.com.mx\/?p=15243\"\n\t\t\t  \tdata-numposts = \"10\"\n\t\t\t  \tdata-lazy = \"true\"\n\t\t\t\tdata-colorscheme = \"light\"\n\t\t\t\tdata-order-by = \"social\"\n\t\t\t\tdata-mobile=true>\n\t\t\t  <\/div><\/div>\n\t\t  <style>\n\t\t    .fb-background-color {\n\t\t\t\tbackground:  !important;\n\t\t\t}\n\t\t\t.fb_iframe_widget_fluid_desktop iframe {\n\t\t\t    width: 100% !important;\n\t\t\t}\n\t\t  <\/style>\n\t\t  ","protected":false},"excerpt":{"rendered":"<p>Colima, M\u00e9xico, Avanzada (07\/09\/2020).-\u00a0En julio de este a\u00f1o aument\u00f3 la cifra de trabajadores informarles, es decir, aquellos que no tienen seguridad social como servicios m\u00e9dicos o pensi\u00f3n y jubilaci\u00f3n. Adem\u00e1s, aunque la tasa de desocupaci\u00f3n disminuy\u00f3 ligeramente en comparaci\u00f3n con junio, a\u00fan existen &nbsp;poco m\u00e1s de 2 millones de personas en edad de trabajar que [&hellip;]<\/p>\n","protected":false},"author":5,"featured_media":15244,"comment_status":"closed","ping_status":"closed","sticky":false,"template":"","format":"standard","meta":{"_coblocks_attr":"","_coblocks_dimensions":"","_coblocks_responsive_height":"","_coblocks_accordion_ie_support":"","_crdt_document":"","advanced_seo_description":"","jetpack_seo_html_title":"","jetpack_seo_noindex":false,"_jetpack_memberships_contains_paid_content":false,"footnotes":""},"categories":[19],"tags":[210],"class_list":["post-15243","post","type-post","status-publish","format-standard","has-post-thumbnail","hentry","category-colima","tag-portada"],"jetpack_featured_media_url":"https:\/\/diarioavanzada.com.mx\/wp-content\/uploads\/2020\/09\/image-39.png","jetpack-related-posts":[],"jetpack_sharing_enabled":true,"amp_enabled":true,"_links":{"self":[{"href":"https:\/\/diarioavanzada.com.mx\/index.php?rest_route=\/wp\/v2\/posts\/15243","targetHints":{"allow":["GET"]}}],"collection":[{"href":"https:\/\/diarioavanzada.com.mx\/index.php?rest_route=\/wp\/v2\/posts"}],"about":[{"href":"https:\/\/diarioavanzada.com.mx\/index.php?rest_route=\/wp\/v2\/types\/post"}],"author":[{"embeddable":true,"href":"https:\/\/diarioavanzada.com.mx\/index.php?rest_route=\/wp\/v2\/users\/5"}],"replies":[{"embeddable":true,"href":"https:\/\/diarioavanzada.com.mx\/index.php?rest_route=%2Fwp%2Fv2%2Fcomments&post=15243"}],"version-history":[{"count":0,"href":"https:\/\/diarioavanzada.com.mx\/index.php?rest_route=\/wp\/v2\/posts\/15243\/revisions"}],"wp:featuredmedia":[{"embeddable":true,"href":"https:\/\/diarioavanzada.com.mx\/index.php?rest_route=\/wp\/v2\/media\/15244"}],"wp:attachment":[{"href":"https:\/\/diarioavanzada.com.mx\/index.php?rest_route=%2Fwp%2Fv2%2Fmedia&parent=15243"}],"wp:term":[{"taxonomy":"category","embeddable":true,"href":"https:\/\/diarioavanzada.com.mx\/index.php?rest_route=%2Fwp%2Fv2%2Fcategories&post=15243"},{"taxonomy":"post_tag","embeddable":true,"href":"https:\/\/diarioavanzada.com.mx\/index.php?rest_route=%2Fwp%2Fv2%2Ftags&post=15243"}],"curies":[{"name":"wp","href":"https:\/\/api.w.org\/{rel}","templated":true}]}}