{"id":15180,"date":"2020-09-03T11:52:06","date_gmt":"2020-09-03T16:52:06","guid":{"rendered":"https:\/\/diarioavanzada.com.mx\/?p=15180"},"modified":"2020-09-03T11:56:45","modified_gmt":"2020-09-03T16:56:45","slug":"gobierno-intenta-justificar-la-proteccion-otorgada-al-cobro-contra-el-exgobernador-mam","status":"publish","type":"post","link":"https:\/\/diarioavanzada.com.mx\/?p=15180","title":{"rendered":"Gobierno intenta justificar la protecci\u00f3n al exgobernador MAM por el cobro de 515 MDP"},"content":{"rendered":"\n<p class=\"wp-block-paragraph\">Colima, M\u00e9xico, Avanzada (03\/09\/2020).- La secretar\u00eda de Planeaci\u00f3n y Finanzas argument\u00f3 que su negativa para entregar informaci\u00f3n sobre el cr\u00e9dito fiscal por 515 millones de pesos que le debe cobrar al ex gobernador Mario Anguiano Moreno,&nbsp; se debe a que se \u201cafectar\u00eda el debido proceso\u201d y se vulnerar\u00eda el procedimiento en tanto no haya causado estado.<\/p>\n\n\n\n<p class=\"wp-block-paragraph\">Sin embargo, el juicio en contra del ex mandatario colimense ya concluy\u00f3 y el Tribunal Colegiado Trig\u00e9simo Segundo de Distrito ratific\u00f3 la sentencia en contra del ex gobernador, por lo tanto, la secretar\u00eda de Planeaci\u00f3n y Finanzas a cargo de Carlos Noriega Garc\u00eda s\u00f3lo debe cobrar los 515 millones de pesos al exmandatario colimense.<\/p>\n\n\n\n<p class=\"wp-block-paragraph\">De acuerdo a la sentencia del Tribunal Colegiado, la justicia federal neg\u00f3 el amparo que promovi\u00f3 el exgobernador, Mario Anguiano Moreno para combatir las sanciones que le impuso el Congreso del Estado y qued\u00f3 firme la inhabilitaci\u00f3n para ocupar cargos p\u00fablicos hasta por 14 a\u00f1os y la sanci\u00f3n econ\u00f3mica por 515 millones 174 mil 928 pesos.<\/p>\n\n\n\n<p class=\"wp-block-paragraph\">El pasado 16 de agosto, a trav\u00e9s de una solicitud de Transparencia se pidi\u00f3 a la secretar\u00eda de Finanzas las fechas de pago que acord\u00f3 con el ex mandatario colimense para cubrir los 515 millones de pesos, sin embargo, la secretaria estatal sentenci\u00f3 que la informaci\u00f3n se clasific\u00f3 como confidencial y s\u00f3lo podr\u00eda tener acceso a ella, el propio ex mandatario o sus representantes.<\/p>\n\n\n\n<p class=\"wp-block-paragraph\">En tanto, en un bolet\u00edn de prensa la secretar\u00eda de Finanzas se\u00f1al\u00f3 que el procedimiento administrativo de ejecuci\u00f3n de la multa de 515 millones de pesos contra el ex gobernador Mario Anguiano Moreno debe reservarse, pues de entregarse la informaci\u00f3n se violar\u00eda el debido proceso para el sancionado, informa la Secretar\u00eda de Planeaci\u00f3n y Finanzas (Seplafin).<\/p>\n\n\n\n<p class=\"wp-block-paragraph\">El mismo comunicado refiere que la divulgaci\u00f3n de la informaci\u00f3n a terceros, relacionada con el procedimiento administrativo de ejecuci\u00f3n instaurado por la Seplafin generar\u00eda un riesgo real, demostrable e identificable de perjuicio significativo para el inter\u00e9s p\u00fablico, siendo el riesgo de entregar la informaci\u00f3n mayor que las ventajas de su difusi\u00f3n, afectando los derechos del debido proceso y vulnerando la conducci\u00f3n de este procedimiento en tanto no haya causado estado.<\/p>\n\n\n\n<p class=\"wp-block-paragraph\">Despu\u00e9s argumenta que se debe proteger los datos personales. Sin embargo, la secretar\u00eda de Finanzas est\u00e1 obliga a elaborar una versi\u00f3n p\u00fablica sobre la informaci\u00f3n donde se protejan los datos personales, seg\u00fan el Consejo Nacional del Sistema de Transparencia y Acceso a la Informaci\u00f3n P\u00fablica.<\/p>\n<div class=\"fb-background-color\">\n\t\t\t  <div \n\t\t\t  \tclass = \"fb-comments\" \n\t\t\t  \tdata-href = \"https:\/\/diarioavanzada.com.mx\/?p=15180\"\n\t\t\t  \tdata-numposts = \"10\"\n\t\t\t  \tdata-lazy = \"true\"\n\t\t\t\tdata-colorscheme = \"light\"\n\t\t\t\tdata-order-by = \"social\"\n\t\t\t\tdata-mobile=true>\n\t\t\t  <\/div><\/div>\n\t\t  <style>\n\t\t    .fb-background-color {\n\t\t\t\tbackground:  !important;\n\t\t\t}\n\t\t\t.fb_iframe_widget_fluid_desktop iframe {\n\t\t\t    width: 100% !important;\n\t\t\t}\n\t\t  <\/style>\n\t\t  ","protected":false},"excerpt":{"rendered":"<p>Colima, M\u00e9xico, Avanzada (03\/09\/2020).- La secretar\u00eda de Planeaci\u00f3n y Finanzas argument\u00f3 que su negativa para entregar informaci\u00f3n sobre el cr\u00e9dito fiscal por 515 millones de pesos que le debe cobrar al ex gobernador Mario Anguiano Moreno,&nbsp; se debe a que se \u201cafectar\u00eda el debido proceso\u201d y se vulnerar\u00eda el procedimiento en tanto no haya causado [&hellip;]<\/p>\n","protected":false},"author":7,"featured_media":9378,"comment_status":"closed","ping_status":"closed","sticky":false,"template":"","format":"standard","meta":{"_coblocks_attr":"","_coblocks_dimensions":"","_coblocks_responsive_height":"","_coblocks_accordion_ie_support":"","_crdt_document":"","advanced_seo_description":"","jetpack_seo_html_title":"","jetpack_seo_noindex":false,"_jetpack_memberships_contains_paid_content":false,"footnotes":""},"categories":[19],"tags":[210],"class_list":["post-15180","post","type-post","status-publish","format-standard","has-post-thumbnail","hentry","category-colima","tag-portada"],"jetpack_featured_media_url":"https:\/\/diarioavanzada.com.mx\/wp-content\/uploads\/2020\/01\/01-24-MAM.png","jetpack-related-posts":[],"jetpack_sharing_enabled":true,"amp_enabled":true,"_links":{"self":[{"href":"https:\/\/diarioavanzada.com.mx\/index.php?rest_route=\/wp\/v2\/posts\/15180","targetHints":{"allow":["GET"]}}],"collection":[{"href":"https:\/\/diarioavanzada.com.mx\/index.php?rest_route=\/wp\/v2\/posts"}],"about":[{"href":"https:\/\/diarioavanzada.com.mx\/index.php?rest_route=\/wp\/v2\/types\/post"}],"author":[{"embeddable":true,"href":"https:\/\/diarioavanzada.com.mx\/index.php?rest_route=\/wp\/v2\/users\/7"}],"replies":[{"embeddable":true,"href":"https:\/\/diarioavanzada.com.mx\/index.php?rest_route=%2Fwp%2Fv2%2Fcomments&post=15180"}],"version-history":[{"count":0,"href":"https:\/\/diarioavanzada.com.mx\/index.php?rest_route=\/wp\/v2\/posts\/15180\/revisions"}],"wp:featuredmedia":[{"embeddable":true,"href":"https:\/\/diarioavanzada.com.mx\/index.php?rest_route=\/wp\/v2\/media\/9378"}],"wp:attachment":[{"href":"https:\/\/diarioavanzada.com.mx\/index.php?rest_route=%2Fwp%2Fv2%2Fmedia&parent=15180"}],"wp:term":[{"taxonomy":"category","embeddable":true,"href":"https:\/\/diarioavanzada.com.mx\/index.php?rest_route=%2Fwp%2Fv2%2Fcategories&post=15180"},{"taxonomy":"post_tag","embeddable":true,"href":"https:\/\/diarioavanzada.com.mx\/index.php?rest_route=%2Fwp%2Fv2%2Ftags&post=15180"}],"curies":[{"name":"wp","href":"https:\/\/api.w.org\/{rel}","templated":true}]}}