{"id":15089,"date":"2020-09-01T07:39:58","date_gmt":"2020-09-01T12:39:58","guid":{"rendered":"https:\/\/diarioavanzada.com.mx\/?p=15089"},"modified":"2020-09-01T07:41:30","modified_gmt":"2020-09-01T12:41:30","slug":"fiscalia-de-colima-niega-informacion-sobre-las-fosas-de-santa-rosa","status":"publish","type":"post","link":"https:\/\/diarioavanzada.com.mx\/?p=15089","title":{"rendered":"Fiscal\u00eda de Colima niega informaci\u00f3n sobre las fosas de Santa Rosa"},"content":{"rendered":"\n<p class=\"wp-block-paragraph\">Colima, M\u00e9xico, Avanzada (01\/09\/2020).- La Fiscal\u00eda General del Estado (FGE) se neg\u00f3 a informar cu\u00e1les son las l\u00edneas de investigaci\u00f3n para identificar los m\u00e1s de 70 cuerpos localizados en las fosas de Santa Rosa en el municipio de Tecom\u00e1n en febrero de 2019.<\/p>\n\n\n\n<p class=\"wp-block-paragraph\">La solicitud de informaci\u00f3n con el folio 00310720 no recibi\u00f3 ninguna respuesta en el tiempo legal establecido por la Ley de Transparencia y por lo tanto, la misma plataforma donde se recibi\u00f3 la petici\u00f3n, habilit\u00f3 el espacio para interponer la queja correspondiente por el incumplimiento.<\/p>\n\n\n\n<p class=\"wp-block-paragraph\">En la solicitud de transparencia se solicit\u00f3 a la FGE a informar cuantos de los m\u00e1s de 70 cuerpos localizados en Santa Rosa corresponden a personas reportadas como desaparecidas en Colima, adem\u00e1s, cu\u00e1ntos han sido identificados y entregados a familiares y cu\u00e1ntos est\u00e1n en calidad de no identificados y en d\u00f3nde se encuentran estos cuerpos.<\/p>\n\n\n\n<p class=\"wp-block-paragraph\">De igual forma, se solicit\u00f3 la informaci\u00f3n para saber las l\u00edneas de investigaci\u00f3n para esclarecer el caso y la capacidad que actualmente tienen los SEMEFOS en la entidad con la tasa m\u00e1s alta de homicidios dolosos en el pa\u00eds por cada 100 mil habitantes, y la tercera con el mayor n\u00famero de fosas clandestinas desde diciembre de 2018 y hasta junio de 2020.<\/p>\n\n\n\n<p class=\"wp-block-paragraph\">Cabe recordar, que entre el 4 y 11 de febrero de 2019, en la comunidad de Santa Rosa, la autoridad localiz\u00f3 49 fosas donde se exhumaron poco m\u00e1s de 70 cuerpos. Hasta la fecha, la autoridad no ha revelado las l\u00edneas de investigaci\u00f3n y tampoco si tienen sospechosos de estos homicidios.<\/p>\n<div class=\"fb-background-color\">\n\t\t\t  <div \n\t\t\t  \tclass = \"fb-comments\" \n\t\t\t  \tdata-href = \"https:\/\/diarioavanzada.com.mx\/?p=15089\"\n\t\t\t  \tdata-numposts = \"10\"\n\t\t\t  \tdata-lazy = \"true\"\n\t\t\t\tdata-colorscheme = \"light\"\n\t\t\t\tdata-order-by = \"social\"\n\t\t\t\tdata-mobile=true>\n\t\t\t  <\/div><\/div>\n\t\t  <style>\n\t\t    .fb-background-color {\n\t\t\t\tbackground:  !important;\n\t\t\t}\n\t\t\t.fb_iframe_widget_fluid_desktop iframe {\n\t\t\t    width: 100% !important;\n\t\t\t}\n\t\t  <\/style>\n\t\t  ","protected":false},"excerpt":{"rendered":"<p>Colima, M\u00e9xico, Avanzada (01\/09\/2020).- La Fiscal\u00eda General del Estado (FGE) se neg\u00f3 a informar cu\u00e1les son las l\u00edneas de investigaci\u00f3n para identificar los m\u00e1s de 70 cuerpos localizados en las fosas de Santa Rosa en el municipio de Tecom\u00e1n en febrero de 2019. La solicitud de informaci\u00f3n con el folio 00310720 no recibi\u00f3 ninguna respuesta [&hellip;]<\/p>\n","protected":false},"author":5,"featured_media":5200,"comment_status":"closed","ping_status":"closed","sticky":false,"template":"","format":"standard","meta":{"_coblocks_attr":"","_coblocks_dimensions":"","_coblocks_responsive_height":"","_coblocks_accordion_ie_support":"","_crdt_document":"","advanced_seo_description":"","jetpack_seo_html_title":"","jetpack_seo_noindex":false,"_jetpack_memberships_contains_paid_content":false,"footnotes":""},"categories":[19,231],"tags":[229,210,228],"class_list":["post-15089","post","type-post","status-publish","format-standard","has-post-thumbnail","hentry","category-colima","category-seguridad","tag-fosas","tag-portada","tag-violencia"],"jetpack_featured_media_url":"https:\/\/diarioavanzada.com.mx\/wp-content\/uploads\/2019\/05\/FOSAS-CLANDESTINAS-1.jpg","jetpack-related-posts":[],"jetpack_sharing_enabled":true,"amp_enabled":true,"_links":{"self":[{"href":"https:\/\/diarioavanzada.com.mx\/index.php?rest_route=\/wp\/v2\/posts\/15089","targetHints":{"allow":["GET"]}}],"collection":[{"href":"https:\/\/diarioavanzada.com.mx\/index.php?rest_route=\/wp\/v2\/posts"}],"about":[{"href":"https:\/\/diarioavanzada.com.mx\/index.php?rest_route=\/wp\/v2\/types\/post"}],"author":[{"embeddable":true,"href":"https:\/\/diarioavanzada.com.mx\/index.php?rest_route=\/wp\/v2\/users\/5"}],"replies":[{"embeddable":true,"href":"https:\/\/diarioavanzada.com.mx\/index.php?rest_route=%2Fwp%2Fv2%2Fcomments&post=15089"}],"version-history":[{"count":0,"href":"https:\/\/diarioavanzada.com.mx\/index.php?rest_route=\/wp\/v2\/posts\/15089\/revisions"}],"wp:featuredmedia":[{"embeddable":true,"href":"https:\/\/diarioavanzada.com.mx\/index.php?rest_route=\/wp\/v2\/media\/5200"}],"wp:attachment":[{"href":"https:\/\/diarioavanzada.com.mx\/index.php?rest_route=%2Fwp%2Fv2%2Fmedia&parent=15089"}],"wp:term":[{"taxonomy":"category","embeddable":true,"href":"https:\/\/diarioavanzada.com.mx\/index.php?rest_route=%2Fwp%2Fv2%2Fcategories&post=15089"},{"taxonomy":"post_tag","embeddable":true,"href":"https:\/\/diarioavanzada.com.mx\/index.php?rest_route=%2Fwp%2Fv2%2Ftags&post=15089"}],"curies":[{"name":"wp","href":"https:\/\/api.w.org\/{rel}","templated":true}]}}