{"id":15039,"date":"2020-08-31T10:13:13","date_gmt":"2020-08-31T15:13:13","guid":{"rendered":"https:\/\/diarioavanzada.com.mx\/?p=15039"},"modified":"2020-08-31T10:13:16","modified_gmt":"2020-08-31T15:13:16","slug":"la-ballenita-felipon-y-borolas","status":"publish","type":"post","link":"https:\/\/diarioavanzada.com.mx\/?p=15039","title":{"rendered":"La Ballenita, Felip\u00f3n y Borolas"},"content":{"rendered":"\n<p class=\"wp-block-paragraph\">La <strong>Ballenita<\/strong> fue al Instituto Valladolid, colegio poblado por ni\u00f1os bien, pero \u00e9l asisti\u00f3 a este colegio becado porque su padre, Luis Calder\u00f3n Vega, trabajaba all\u00ed impartiendo clases de Filosof\u00eda e Historia.<\/p>\n\n\n\n<p class=\"wp-block-paragraph\">As\u00ed le dec\u00edan a Felipe del Sagrado Coraz\u00f3n de Jes\u00fas Calder\u00f3n Hinojosa sus compa\u00f1eros de colegio, pero su madre opt\u00f3 por llamarlo <strong>Felip\u00f3n<\/strong>. En ambos casos el apodo hac\u00eda alusi\u00f3n a su rollizo y pesado cuerpo.&nbsp;<\/p>\n\n\n\n<p class=\"wp-block-paragraph\">En enero de 2007 visti\u00f3 una casaca de militar con las mangas que le rebasaban las manos y una cachucha militar de campa\u00f1a. El atuendo lo hac\u00eda verse rid\u00edculo, muy parecido al personaje de una revista de historietas llamado Beto el Recluta, adem\u00e1s se asemejaba mucho al personaje interpretado por Joaqu\u00edn Garc\u00eda Vargas, el <strong>Borolas<\/strong>, nativo de Morelia, Michoac\u00e1n, al igual que Felipe Calder\u00f3n.<\/p>\n\n\n\n<p class=\"wp-block-paragraph\">Inici\u00f3 siendo la Ballenita, en la escuela, y Felip\u00f3n en su casa, y&nbsp; muchos a\u00f1os m\u00e1s tarde, se le conocer\u00eda&nbsp; como el Borolas. Esa fue la evoluci\u00f3n de los sobrenombres de <em>Felipe, el oscuro<\/em>.<\/p>\n\n\n\n<p class=\"wp-block-paragraph\">Llamarlo Borolas es un insulto que los mexicanos le impusimos como una primera penitencia por haber traicionado a M\u00e9xico. Tenemos que estigmatizarlo para que no haya un Borolas m\u00e1s en la Presidencia de M\u00e9xico.<\/p>\n\n\n\n<p class=\"wp-block-paragraph\">En su texto <em>Felipe, el oscuro<\/em>, Olga Wornat, nos muestra el mundo \u00edntimo del peor presidente de M\u00e9xico de los \u00faltimos 36 a\u00f1os. Y vaya que la disputa por el t\u00edtulo es muy re\u00f1ida.<\/p>\n\n\n\n<p class=\"wp-block-paragraph\">Los \u00faltimo cinco presidentes (3 del PRI y 2 del PAN) hicieron todo lo posible para que la historia de M\u00e9xico en los \u00faltimos 36 a\u00f1os sea recordada como la historia del narco o la forma en que el narco lleg\u00f3 hasta los niveles m\u00e1s altos del poder pol\u00edtico. Miguel de la Madrid abri\u00f3 la puerta del poder a los tecn\u00f3cratas; Carlos Salinas hizo la transferencia de los bienes p\u00fablicos, es decir, de la sociedad a manos privadas; Ernesto Zedillo, infamemente, convirti\u00f3 la deuda privada en deuda p\u00fablica; Vicente Fox traicion\u00f3 a la democracia y convivi\u00f3 con el narco; Felipe Calder\u00f3n estableci\u00f3 v\u00ednculos org\u00e1nicos con los c\u00e1rteles de las drogas y; Enrique Pe\u00f1a nieto dispar\u00f3 la corrupci\u00f3n en forma exponencial.<\/p>\n\n\n\n<p class=\"wp-block-paragraph\">36 a\u00f1os de historia infame donde los protagonistas fueron: la corrupci\u00f3n, el crimen organizado y el narcotr\u00e1fico.<\/p>\n\n\n\n<p class=\"wp-block-paragraph\"><em>Felipe, el oscuro<\/em> es un libro que nos pone ante el retrato de un usurpador del poder con todas sus miserias, debilidades, ambiciones y mediocridades. Es la cr\u00f3nica de c\u00f3mo un traidor ejerci\u00f3 el poder presidencial en M\u00e9xico.<\/p>\n\n\n\n<p class=\"wp-block-paragraph\">Es un libro de nueve cap\u00edtulos, 387 p\u00e1ginas e impreso por la editorial Planeta, donde se habla de un M\u00e9xico para el olvido. Algo hicimos muy mal para que este tipo de sujetos llegar\u00e1n al poder.<\/p>\n\n\n\n<p class=\"wp-block-paragraph\">Despu\u00e9s de la lectura de <em>Felipe, el oscuro <\/em>uno queda pasmado de c\u00f3mo nos robaron. Y tambi\u00e9n uno empieza a entender por qu\u00e9 la derecha est\u00e1 tan hist\u00e9rica y alocada.<\/p>\n\n\n\n<p class=\"wp-block-paragraph\">Los medios tradicionales de comunicaci\u00f3n se traicionaron a s\u00ed mismos y nos traicionaron a todos al inventar una realidad paralela. Inventaron un mundo de bienestar con gobernantes talentosos y eficientes. Cuando la realidad era que los usurpadores eran unos ineptos y carentes del m\u00e1s m\u00ednimo talento.<\/p>\n\n\n\n<p class=\"wp-block-paragraph\">Debemos luchar para juzgar a los traidores, desde abajo, con la participaci\u00f3n de todos para que tenga legitimidad y fuerza moral su juzgamiento. Que no se vaya a decir que es una cacer\u00eda de brujas.&nbsp;<\/p>\n\n\n\n<p class=\"wp-block-paragraph\">\u00bfQui\u00e9n dijo que los jueces eran honrados? \u00bfQui\u00e9n dijo que los procuradores procuraban justicia?&nbsp;<\/p>\n\n\n\n<p class=\"wp-block-paragraph\">Quienes sostienen\u00a0 que s\u00f3lo basta que act\u00faen el procurador y los jueces para juzgar a los ex presidentes \u2013sin necesidad de consulta- est\u00e1 afirmando \u2013t\u00e1citamente- que antes hab\u00eda estado de derecho. Nada m\u00e1s alejado de la realidad. Con la consulta estamos votando y diciendo s\u00ed a la construcci\u00f3n de un estado de derecho con justicia para todos.<\/p>\n\n\n\n<p class=\"wp-block-paragraph\">Olga Wornat en el mismo libro cita una reflexi\u00f3n de Jorge Luis Borge en relaci\u00f3n al juicio de los militares golpistas en la Argentina. Borges dijo -seg\u00fan Wornat-: <strong><em>\u201cPersonalmente descreo de los castigos, del libre albedr\u00edo. Descreo del infierno y del cielo. Sin embargo, no juzgar y no condenar el crimen ser\u00eda fomentar la impunidad y convertirse de alg\u00fan modo en su c\u00f3mplice\u201d.<\/em><\/strong><\/p>\n<div class=\"fb-background-color\">\n\t\t\t  <div \n\t\t\t  \tclass = \"fb-comments\" \n\t\t\t  \tdata-href = \"https:\/\/diarioavanzada.com.mx\/?p=15039\"\n\t\t\t  \tdata-numposts = \"10\"\n\t\t\t  \tdata-lazy = \"true\"\n\t\t\t\tdata-colorscheme = \"light\"\n\t\t\t\tdata-order-by = \"social\"\n\t\t\t\tdata-mobile=true>\n\t\t\t  <\/div><\/div>\n\t\t  <style>\n\t\t    .fb-background-color {\n\t\t\t\tbackground:  !important;\n\t\t\t}\n\t\t\t.fb_iframe_widget_fluid_desktop iframe {\n\t\t\t    width: 100% !important;\n\t\t\t}\n\t\t  <\/style>\n\t\t  ","protected":false},"excerpt":{"rendered":"<p>La Ballenita fue al Instituto Valladolid, colegio poblado por ni\u00f1os bien, pero \u00e9l asisti\u00f3 a este colegio becado porque su padre, Luis Calder\u00f3n Vega, trabajaba all\u00ed impartiendo clases de Filosof\u00eda e Historia. As\u00ed le dec\u00edan a Felipe del Sagrado Coraz\u00f3n de Jes\u00fas Calder\u00f3n Hinojosa sus compa\u00f1eros de colegio, pero su madre opt\u00f3 por llamarlo Felip\u00f3n. [&hellip;]<\/p>\n","protected":false},"author":9,"featured_media":15040,"comment_status":"closed","ping_status":"closed","sticky":false,"template":"","format":"standard","meta":{"_coblocks_attr":"","_coblocks_dimensions":"","_coblocks_responsive_height":"","_coblocks_accordion_ie_support":"","advanced_seo_description":"","jetpack_seo_html_title":"","jetpack_seo_noindex":false,"jetpack_seo_schema_type":"","_jetpack_newsletter_access":"","_jetpack_dont_email_post_to_subs":false,"_jetpack_newsletter_tier_id":0,"_jetpack_memberships_contains_paywalled_content":false,"_wpcom_ai_launchpad_first_post":false,"_jetpack_feature_clip_id":0,"_jetpack_memberships_contains_paid_content":false,"footnotes":"","jetpack_post_was_ever_published":false},"categories":[19,7,24],"tags":[210],"class_list":["post-15039","post","type-post","status-publish","format-standard","has-post-thumbnail","hentry","category-colima","category-noticias","category-opinion","tag-portada"],"jetpack-related-posts":[],"jetpack_sharing_enabled":true,"amp_enabled":true,"jetpack_featured_media_url":"https:\/\/diarioavanzada.com.mx\/wp-content\/uploads\/2020\/08\/image-185.png","_links":{"self":[{"href":"https:\/\/diarioavanzada.com.mx\/index.php?rest_route=\/wp\/v2\/posts\/15039","targetHints":{"allow":["GET"]}}],"collection":[{"href":"https:\/\/diarioavanzada.com.mx\/index.php?rest_route=\/wp\/v2\/posts"}],"about":[{"href":"https:\/\/diarioavanzada.com.mx\/index.php?rest_route=\/wp\/v2\/types\/post"}],"author":[{"embeddable":true,"href":"https:\/\/diarioavanzada.com.mx\/index.php?rest_route=\/wp\/v2\/users\/9"}],"replies":[{"embeddable":true,"href":"https:\/\/diarioavanzada.com.mx\/index.php?rest_route=%2Fwp%2Fv2%2Fcomments&post=15039"}],"version-history":[{"count":0,"href":"https:\/\/diarioavanzada.com.mx\/index.php?rest_route=\/wp\/v2\/posts\/15039\/revisions"}],"wp:featuredmedia":[{"embeddable":true,"href":"https:\/\/diarioavanzada.com.mx\/index.php?rest_route=\/wp\/v2\/media\/15040"}],"wp:attachment":[{"href":"https:\/\/diarioavanzada.com.mx\/index.php?rest_route=%2Fwp%2Fv2%2Fmedia&parent=15039"}],"wp:term":[{"taxonomy":"category","embeddable":true,"href":"https:\/\/diarioavanzada.com.mx\/index.php?rest_route=%2Fwp%2Fv2%2Fcategories&post=15039"},{"taxonomy":"post_tag","embeddable":true,"href":"https:\/\/diarioavanzada.com.mx\/index.php?rest_route=%2Fwp%2Fv2%2Ftags&post=15039"}],"curies":[{"name":"wp","href":"https:\/\/api.w.org\/{rel}","templated":true}]}}