{"id":14912,"date":"2020-08-26T14:21:53","date_gmt":"2020-08-26T19:21:53","guid":{"rendered":"https:\/\/diarioavanzada.com.mx\/?p=14912"},"modified":"2020-08-26T14:21:55","modified_gmt":"2020-08-26T19:21:55","slug":"carcel-a-salinas-calderon-y-pena","status":"publish","type":"post","link":"https:\/\/diarioavanzada.com.mx\/?p=14912","title":{"rendered":"C\u00e1rcel a Salinas, Calder\u00f3n y Pe\u00f1a"},"content":{"rendered":"\n<p class=\"wp-block-paragraph\">Morena es un partido-movimiento que tiene la gran responsabilidad de poner en el banquillo de los acusados a Salinas, Calder\u00f3n y Pe\u00f1a. El tiempo es oro.<\/p>\n\n\n\n<p class=\"wp-block-paragraph\">Tenemos tres v\u00edas para demandar su enjuiciamiento, que tienen un mismo origen: el pueblo. Un tercio de los diputados y de los senadores lo pueden hacer, el mismo presidente pueden solicitar el juicio, adem\u00e1s los ciudadanos, directamente. Que tendr\u00e1 un solo destino para los traidores, la c\u00e1rcel. O la hacemos ahora o nuestros hijos nos lo restregar\u00e1n en la cara. Lo que pudimos hacer y no hicimos. El parte de aguas para impulsar el renacimiento de M\u00e9xico est\u00e1 en nuestras manos.&nbsp;<\/p>\n\n\n\n<p class=\"wp-block-paragraph\">El proceso de la 4T es muy amplio y precisa de causes, causas e instrumentos que vuelvan realidad las aspiraciones de los votantes afines, y de quienes se sumen, en esta nueva etapa.&nbsp;<\/p>\n\n\n\n<p class=\"wp-block-paragraph\">Morena, desde el primero de julio de 2018, ha entrado en una suerte de par\u00e1lisis que le ha impedido ser un instrumento pol\u00edtico efectivo de la sociedad y del presidente. No procesa bien sus asuntos internos, como se supone lo debe&nbsp; hacer un partido ganador.<\/p>\n\n\n\n<p class=\"wp-block-paragraph\">La par\u00e1lisis de Morena ha venido desesperando a todos los miembros de la sociedad que impulsan los consensos en todos y cada uno de los centros de trabajo, d\u00edgase: escuelas, universidades, oficinas, talleres, comercios, restaurantes, plazas, en fin, en todos los lugares donde la gente hace la vida laboral y cotidiana, adem\u00e1s de las redes sociales.<\/p>\n\n\n\n<p class=\"wp-block-paragraph\">Vamos a enjuiciar a los ex presidentes. Ya se les lleg\u00f3 su hora. Todos los ciudadanos estamos armados para, con una pluma, imprimir nuestra firma y solicitar formalmente el juicio a un hatajo de ladrones que siguen impunes porque su red de complicidades todav\u00eda est\u00e1 viva y goza de cabal salud. Al sistema Judicial lo debemos presionar, a todos sus mecanismos, a sus c\u00f3mplices -donde se encuentren-, los debemos derrotar con argumentos, razonamientos, valores \u00e9ticos y morales.<\/p>\n\n\n\n<p class=\"wp-block-paragraph\">Morena tiene dos v\u00edas directas para impulsar el juicio: sus representantes populares&nbsp; y a su partido en s\u00ed.<\/p>\n\n\n\n<p class=\"wp-block-paragraph\">Morena debe impulsar los dos, \u00a1pero ya! Debe iniciar, lo m\u00e1s pronto posible, con la colecta de firmas para juntar no 1.6 millones, sino 2 o m\u00e1s millones, para que la Suprema Corte de Justicia de la Naci\u00f3n no tenga ninguna duda de lo que queremos y mandatamos los mexicanos. Esto implicar\u00eda la movilizaci\u00f3n de los militantes organizados de Morena y sus simpatizantes.<\/p>\n\n\n\n<p class=\"wp-block-paragraph\">Morena debe movilizarse para salir de su par\u00e1lisis que no es otra cosa que un ensimismamiento, producto de sus contradicciones, que son resultado de su diversidad org\u00e1nica. A Morena, parad\u00f3jicamente, lo inmoviliz\u00f3 la victoria; a sus enemigos la derrota. Su par\u00e1lisis es un problema de \u00e9xito. El que Morena se dedique a organizar esta tarea, de amplio impacto pol\u00edtico, lo dinamizar\u00eda nuevamente y volver\u00eda a ser el instrumento pol\u00edtico que la sociedad precisa; adem\u00e1s, los traidores y oportunistas, quedar\u00edan evidenciados en el proceso, lo que le evitar\u00eda, a este instituto pol\u00edtico, fricciones desgastantes en la pr\u00f3xima selecci\u00f3n de sus candidatos a la elecci\u00f3n intermedia, de gran valor estrat\u00e9gico para profundizar el cambio de r\u00e9gimen.<\/p>\n\n\n\n<p class=\"wp-block-paragraph\">Pero tambi\u00e9n debe impulsar simult\u00e1neamente la b\u00fasqueda de un amplio consenso en las dos c\u00e1maras del Congreso de la Uni\u00f3n, para que \u00e9stas tambi\u00e9n, se movilicen en la lucha contra la corrupci\u00f3n y la limpia de los aparatos del Estado del dominio del narcotr\u00e1fico. Las dos c\u00e1maras (diputados y senadores) deben presentar demandas de juicio contra los ex presidentes, delincuentes y verg\u00fcenza de nuestra patria.<\/p>\n\n\n\n<p class=\"wp-block-paragraph\">Estamos viviendo momentos decisivos.<\/p>\n\n\n\n<p class=\"wp-block-paragraph\">&nbsp;En concreto esta movilizaci\u00f3n, en Colima, nos traer\u00eda como consecuencia ir eliminando a los enemigos que se montaron en la ola de la transformaci\u00f3n para seguir lucrando del gobierno. Por ejemplo, traidores como Joel Padilla, C\u00e9sar Far\u00edas y Guillermo Toscano y los diputados del partido Verde, con Virgilio Mendoza a la cabeza, con qu\u00e9 cara podr\u00edan abordar una lucha de este calibre si en su pr\u00e1ctica pol\u00edtica le aprobaron un cr\u00e9dito a un gobierno en descredito. No son tiempos de luchas de poder palaciego, de lucha por el poder mismo, sino de luchas para transformar la vida pol\u00edtica de nuestro pa\u00eds. Vamos por cosas grandes y hacer historia. Estamos obligados a enjuiciar a los ex presidentes por haber faltado a sus funciones y haber traicionado a los mexicanos.<\/p>\n\n\n\n<p class=\"wp-block-paragraph\">El partido Morena y sus \u00e9xitos, no se pueden entender como un asunto s\u00f3lo de su vida pol\u00edtica, sino que \u00e9ste instituto pol\u00edtico est\u00e1 ligado a amplios sector de la sociedad que, sin militar, apoya y tambi\u00e9n da pautas pol\u00edticas a seguir. Son tiempos donde los colectivos cobran sentido y modifican las decisiones. Los acuerdo internos de los l\u00edderes en lo oscurito son los tiempos del PRIAN. Que la mayor\u00eda de la sociedad despreciamos por autoritarios, injustos y corruptos.<\/p>\n\n\n\n<p class=\"wp-block-paragraph\">Solicitar el enjuiciamiento, en las dos c\u00e1maras, pondr\u00eda en acci\u00f3n a la fuerza mayoritaria, y a sus aliados, promoviendo un debate pol\u00edtico, cultural e hist\u00f3rico para que, por la v\u00eda de los consensos pol\u00edticos, se enjuicie a los ladrones y saqueadores del patrimonio nacional.<\/p>\n\n\n\n<p class=\"wp-block-paragraph\">El requerimiento de la aprobaci\u00f3n de la mayor\u00eda de las c\u00e1maras obliga a un debate m\u00e1s amplio y la concurrencia de la aprobaci\u00f3n del poder Judicial terminar\u00e1 por movilizar a toda la sociedad pol\u00edtica que tendr\u00e1 que escuchar a la sociedad civil movilizada.<\/p>\n\n\n\n<p class=\"wp-block-paragraph\">Estamos en v\u00edsperas de un gran movimiento pac\u00edfico que remover\u00e1 los cimientos de lo que fue el M\u00e9xico autoritario, ese es el tama\u00f1o de la acci\u00f3n de enjuiciar a los ex presidentes.<\/p>\n\n\n\n<p class=\"wp-block-paragraph\">Y finalmente, el mismo presidente debe solicitar el juicio, como consecuencia del amplio acuerdo de los ciudadanos, es decir, demostrar que es un mandatario, no un autoritario.<\/p>\n\n\n\n<p class=\"wp-block-paragraph\">Demandamos un juicio porque Salinas, Calder\u00f3n y Pe\u00f1a deben de estar en la c\u00e1rcel, en ning\u00fan otro lugar, la c\u00e1rcel debe ser su morada.<\/p>\n<div class=\"fb-background-color\">\n\t\t\t  <div \n\t\t\t  \tclass = \"fb-comments\" \n\t\t\t  \tdata-href = \"https:\/\/diarioavanzada.com.mx\/?p=14912\"\n\t\t\t  \tdata-numposts = \"10\"\n\t\t\t  \tdata-lazy = \"true\"\n\t\t\t\tdata-colorscheme = \"light\"\n\t\t\t\tdata-order-by = \"social\"\n\t\t\t\tdata-mobile=true>\n\t\t\t  <\/div><\/div>\n\t\t  <style>\n\t\t    .fb-background-color {\n\t\t\t\tbackground:  !important;\n\t\t\t}\n\t\t\t.fb_iframe_widget_fluid_desktop iframe {\n\t\t\t    width: 100% !important;\n\t\t\t}\n\t\t  <\/style>\n\t\t  ","protected":false},"excerpt":{"rendered":"<p>Morena es un partido-movimiento que tiene la gran responsabilidad de poner en el banquillo de los acusados a Salinas, Calder\u00f3n y Pe\u00f1a. El tiempo es oro. Tenemos tres v\u00edas para demandar su enjuiciamiento, que tienen un mismo origen: el pueblo. Un tercio de los diputados y de los senadores lo pueden hacer, el mismo presidente [&hellip;]<\/p>\n","protected":false},"author":9,"featured_media":14913,"comment_status":"closed","ping_status":"closed","sticky":false,"template":"","format":"standard","meta":{"_coblocks_attr":"","_coblocks_dimensions":"","_coblocks_responsive_height":"","_coblocks_accordion_ie_support":"","advanced_seo_description":"","jetpack_seo_html_title":"","jetpack_seo_noindex":false,"jetpack_seo_schema_type":"","_jetpack_newsletter_access":"","_jetpack_dont_email_post_to_subs":false,"_jetpack_newsletter_tier_id":0,"_jetpack_memberships_contains_paywalled_content":false,"_wpcom_ai_launchpad_first_post":false,"_jetpack_feature_clip_id":0,"_jetpack_memberships_contains_paid_content":false,"footnotes":"","jetpack_post_was_ever_published":false},"categories":[19,24],"tags":[210],"class_list":["post-14912","post","type-post","status-publish","format-standard","has-post-thumbnail","hentry","category-colima","category-opinion","tag-portada"],"jetpack-related-posts":[],"jetpack_sharing_enabled":true,"amp_enabled":true,"jetpack_featured_media_url":"https:\/\/diarioavanzada.com.mx\/wp-content\/uploads\/2020\/08\/118309188_334181881289200_866358656188089828_n.jpg","_links":{"self":[{"href":"https:\/\/diarioavanzada.com.mx\/index.php?rest_route=\/wp\/v2\/posts\/14912","targetHints":{"allow":["GET"]}}],"collection":[{"href":"https:\/\/diarioavanzada.com.mx\/index.php?rest_route=\/wp\/v2\/posts"}],"about":[{"href":"https:\/\/diarioavanzada.com.mx\/index.php?rest_route=\/wp\/v2\/types\/post"}],"author":[{"embeddable":true,"href":"https:\/\/diarioavanzada.com.mx\/index.php?rest_route=\/wp\/v2\/users\/9"}],"replies":[{"embeddable":true,"href":"https:\/\/diarioavanzada.com.mx\/index.php?rest_route=%2Fwp%2Fv2%2Fcomments&post=14912"}],"version-history":[{"count":0,"href":"https:\/\/diarioavanzada.com.mx\/index.php?rest_route=\/wp\/v2\/posts\/14912\/revisions"}],"wp:featuredmedia":[{"embeddable":true,"href":"https:\/\/diarioavanzada.com.mx\/index.php?rest_route=\/wp\/v2\/media\/14913"}],"wp:attachment":[{"href":"https:\/\/diarioavanzada.com.mx\/index.php?rest_route=%2Fwp%2Fv2%2Fmedia&parent=14912"}],"wp:term":[{"taxonomy":"category","embeddable":true,"href":"https:\/\/diarioavanzada.com.mx\/index.php?rest_route=%2Fwp%2Fv2%2Fcategories&post=14912"},{"taxonomy":"post_tag","embeddable":true,"href":"https:\/\/diarioavanzada.com.mx\/index.php?rest_route=%2Fwp%2Fv2%2Ftags&post=14912"}],"curies":[{"name":"wp","href":"https:\/\/api.w.org\/{rel}","templated":true}]}}