{"id":14865,"date":"2020-08-24T10:09:06","date_gmt":"2020-08-24T15:09:06","guid":{"rendered":"https:\/\/diarioavanzada.com.mx\/?p=14865"},"modified":"2020-08-24T10:09:57","modified_gmt":"2020-08-24T15:09:57","slug":"cirrosis-o-embolias-secuelas-del-covid-19-en-pacientes-graves-recuperados","status":"publish","type":"post","link":"https:\/\/diarioavanzada.com.mx\/?p=14865","title":{"rendered":"Cirrosis o embolias, secuelas del Covid-19 en pacientes graves recuperados"},"content":{"rendered":"\n<p class=\"wp-block-paragraph\">Colima, M\u00e9xico, Avanzada (24\/08\/2020).- Los pacientes graves de Covid-19 que se recuperan pueden sufrir una serie de secuelas temporales o cr\u00f3nicas como la cirrosis o embolias pulmonares.<\/p>\n\n\n\n<p class=\"wp-block-paragraph\">Lo anterior fue se\u00f1alado por el personal del servicio de Medicina Interna del Hospital Regional Universitario, quienes detectaron que los pacientes graves recuperados pueden presentar una cascada inflamatoria descontrolada, llamada tormenta de citosina, que puede afectar a los pulmones o al resto de los \u00f3rganos.<\/p>\n\n\n\n<p class=\"wp-block-paragraph\">A trav\u00e9s de la secretar\u00eda de Salud, los m\u00e9dicos se\u00f1alaron que la cirrosis pulmonar (especie de cicatrizaci\u00f3n en los pulmones), requerir\u00e1 de ox\u00edgeno por tiempo prolongado o indefinido; adem\u00e1s se\u00f1alaron que otras de las secuelas en pacientes graves recuperados pueden ser las embolias pulmonares y trombos, que son co\u00e1gulos dentro de las arterias pulmonares, as\u00ed como infecciones sobreagregadas.<\/p>\n\n\n\n<p class=\"wp-block-paragraph\">No es lo \u00fanico, de acuerdo a la informaci\u00f3n detectada, los pacientes tambi\u00e9n pueden padecer consecuencias hematol\u00f3gicas o alteraciones en la coagulaci\u00f3n de la sangre, factor contribuyente en la formaci\u00f3n de microtrombos (peque\u00f1as embolias) que pueden causar obstrucci\u00f3n a nivel circulatorio y por tanto, ataques card\u00edacos, derrames cerebrales u otras complicaciones a nivel vascular o renal.<\/p>\n\n\n\n<p class=\"wp-block-paragraph\">De igual forma, la secretar\u00eda de Salud&nbsp;sentenci\u00f3 que el Covid-19 en pacientes graves puede dejar efectos neurol\u00f3gicos como p\u00e9rdida de olfato y de gusto, encefalopat\u00eda, p\u00e9rdida de conciencia, delirio, cefalea e infarto cerebral, adem\u00e1s de causar complicaciones neuromusculares como dolor de m\u00fasculos y articulaciones, fatiga muscular y debilidad, as\u00ed como ulceras por presi\u00f3n.<\/p>\n\n\n\n<p class=\"wp-block-paragraph\">Adem\u00e1s de alteraci\u00f3n de la memoria y estr\u00e9s postraum\u00e1tico, toda vez que estos pacientes quedan con el temor de volverse a contagiar, despu\u00e9s de su experiencia hospitalaria.<\/p>\n<div class=\"fb-background-color\">\n\t\t\t  <div \n\t\t\t  \tclass = \"fb-comments\" \n\t\t\t  \tdata-href = \"https:\/\/diarioavanzada.com.mx\/?p=14865\"\n\t\t\t  \tdata-numposts = \"10\"\n\t\t\t  \tdata-lazy = \"true\"\n\t\t\t\tdata-colorscheme = \"light\"\n\t\t\t\tdata-order-by = \"social\"\n\t\t\t\tdata-mobile=true>\n\t\t\t  <\/div><\/div>\n\t\t  <style>\n\t\t    .fb-background-color {\n\t\t\t\tbackground:  !important;\n\t\t\t}\n\t\t\t.fb_iframe_widget_fluid_desktop iframe {\n\t\t\t    width: 100% !important;\n\t\t\t}\n\t\t  <\/style>\n\t\t  ","protected":false},"excerpt":{"rendered":"<p>Colima, M\u00e9xico, Avanzada (24\/08\/2020).- Los pacientes graves de Covid-19 que se recuperan pueden sufrir una serie de secuelas temporales o cr\u00f3nicas como la cirrosis o embolias pulmonares. Lo anterior fue se\u00f1alado por el personal del servicio de Medicina Interna del Hospital Regional Universitario, quienes detectaron que los pacientes graves recuperados pueden presentar una cascada inflamatoria [&hellip;]<\/p>\n","protected":false},"author":5,"featured_media":14866,"comment_status":"closed","ping_status":"closed","sticky":false,"template":"","format":"standard","meta":{"_coblocks_attr":"","_coblocks_dimensions":"","_coblocks_responsive_height":"","_coblocks_accordion_ie_support":"","advanced_seo_description":"","jetpack_seo_html_title":"","jetpack_seo_noindex":false,"jetpack_seo_schema_type":"","_jetpack_newsletter_access":"","_jetpack_dont_email_post_to_subs":false,"_jetpack_newsletter_tier_id":0,"_jetpack_memberships_contains_paywalled_content":false,"_wpcom_ai_launchpad_first_post":false,"_jetpack_feature_clip_id":0,"_jetpack_memberships_contains_paid_content":false,"footnotes":"","jetpack_post_was_ever_published":false},"categories":[19,27],"tags":[300,210,218],"class_list":["post-14865","post","type-post","status-publish","format-standard","has-post-thumbnail","hentry","category-colima","category-salud","tag-covid-19","tag-portada","tag-salud"],"jetpack-related-posts":[],"jetpack_sharing_enabled":true,"amp_enabled":true,"jetpack_featured_media_url":"https:\/\/diarioavanzada.com.mx\/wp-content\/uploads\/2020\/08\/116244117_3137235193034312_7456704243210975873_n.jpg","_links":{"self":[{"href":"https:\/\/diarioavanzada.com.mx\/index.php?rest_route=\/wp\/v2\/posts\/14865","targetHints":{"allow":["GET"]}}],"collection":[{"href":"https:\/\/diarioavanzada.com.mx\/index.php?rest_route=\/wp\/v2\/posts"}],"about":[{"href":"https:\/\/diarioavanzada.com.mx\/index.php?rest_route=\/wp\/v2\/types\/post"}],"author":[{"embeddable":true,"href":"https:\/\/diarioavanzada.com.mx\/index.php?rest_route=\/wp\/v2\/users\/5"}],"replies":[{"embeddable":true,"href":"https:\/\/diarioavanzada.com.mx\/index.php?rest_route=%2Fwp%2Fv2%2Fcomments&post=14865"}],"version-history":[{"count":0,"href":"https:\/\/diarioavanzada.com.mx\/index.php?rest_route=\/wp\/v2\/posts\/14865\/revisions"}],"wp:featuredmedia":[{"embeddable":true,"href":"https:\/\/diarioavanzada.com.mx\/index.php?rest_route=\/wp\/v2\/media\/14866"}],"wp:attachment":[{"href":"https:\/\/diarioavanzada.com.mx\/index.php?rest_route=%2Fwp%2Fv2%2Fmedia&parent=14865"}],"wp:term":[{"taxonomy":"category","embeddable":true,"href":"https:\/\/diarioavanzada.com.mx\/index.php?rest_route=%2Fwp%2Fv2%2Fcategories&post=14865"},{"taxonomy":"post_tag","embeddable":true,"href":"https:\/\/diarioavanzada.com.mx\/index.php?rest_route=%2Fwp%2Fv2%2Ftags&post=14865"}],"curies":[{"name":"wp","href":"https:\/\/api.w.org\/{rel}","templated":true}]}}