{"id":14852,"date":"2020-08-24T08:10:47","date_gmt":"2020-08-24T13:10:47","guid":{"rendered":"https:\/\/diarioavanzada.com.mx\/?p=14852"},"modified":"2020-08-24T08:10:49","modified_gmt":"2020-08-24T13:10:49","slug":"el-60-del-cancer-infantil-en-colima-se-diagnostica-en-etapa-tardia","status":"publish","type":"post","link":"https:\/\/diarioavanzada.com.mx\/?p=14852","title":{"rendered":"El 60% del c\u00e1ncer infantil en Colima se diagnostica en etapa tard\u00eda"},"content":{"rendered":"\n<p class=\"wp-block-paragraph\">Colima, M\u00e9xico, Avanzada (24\/08\/2020).- En Colima, seis de cada 10 ni\u00f1os con\u00a0c\u00e1ncer\u00a0que solicitan atenci\u00f3n a la Secretar\u00eda de Salud, son diagnosticados en una etapa tard\u00eda, lo cual complica su recuperaci\u00f3n.<\/p>\n\n\n\n<p class=\"wp-block-paragraph\">Los datos con los que cuenta la secretar\u00eda de Salud en la entidad\u00a0refiere que el c\u00e1ncer infantil detectado en una etapa temprana, permite una recuperaci\u00f3n de casi el 100 por ciento.<\/p>\n\n\n\n<p class=\"wp-block-paragraph\">Desde el 2018, la secretar\u00eda de Salud colimense le apuesta al diagn\u00f3stico oportuno por parte del personal m\u00e9dico que tiene un primer contacto con los menores enfermos.<\/p>\n\n\n\n<p class=\"wp-block-paragraph\">La dependencia refiri\u00f3 que los s\u00edntomas del&nbsp;c\u00e1ncer&nbsp;infantil&nbsp;a veces se confunden con enfermedades respiratorias, por lo tanto, se pierde tiempo en el diagn\u00f3stico certero y la atenci\u00f3n inmediata para el menor de edad.<\/p>\n\n\n\n<p class=\"wp-block-paragraph\">La leucemia, el&nbsp;c\u00e1ncer&nbsp;m\u00e1s frecuente en ni\u00f1os e inicia con un dolor de cabeza, fiebre, peque\u00f1os ganglios en el cuello y moretones sin causa aparente.<\/p>\n\n\n\n<p class=\"wp-block-paragraph\">La secretar\u00eda de Salud dijo que buscan detectar en etapas tempranas el&nbsp;c\u00e1ncer&nbsp;infantil&nbsp;en Colima y con ello, disminuir la mortalidad entre los menores de edad por esta enfermedad.<\/p>\n\n\n\n<p class=\"wp-block-paragraph\">Por ello, desde el 2018 inici\u00f3 la capacitaci\u00f3n para que el personal m\u00e9dico que se encuentra en los Centros de Salud y en los hospitales remita cualquier caso sospechoso\u00a0al Instituto Estatal de Cancerolog\u00eda (IEC).<\/p>\n\n\n\n<p class=\"wp-block-paragraph\">En Colima, cada a\u00f1o se diagnostica un promedio de 20 nuevos casos de&nbsp;c\u00e1ncer&nbsp;infantil&nbsp;y se registran siete defunciones.<\/p>\n\n\n\n<p class=\"wp-block-paragraph\">Los tres c\u00e1nceres m\u00e1s frecuentes en los ni\u00f1os son la leucemia, los tumores del sistema central y los linfomas.<\/p>\n<div class=\"fb-background-color\">\n\t\t\t  <div \n\t\t\t  \tclass = \"fb-comments\" \n\t\t\t  \tdata-href = \"https:\/\/diarioavanzada.com.mx\/?p=14852\"\n\t\t\t  \tdata-numposts = \"10\"\n\t\t\t  \tdata-lazy = \"true\"\n\t\t\t\tdata-colorscheme = \"light\"\n\t\t\t\tdata-order-by = \"social\"\n\t\t\t\tdata-mobile=true>\n\t\t\t  <\/div><\/div>\n\t\t  <style>\n\t\t    .fb-background-color {\n\t\t\t\tbackground:  !important;\n\t\t\t}\n\t\t\t.fb_iframe_widget_fluid_desktop iframe {\n\t\t\t    width: 100% !important;\n\t\t\t}\n\t\t  <\/style>\n\t\t  ","protected":false},"excerpt":{"rendered":"<p>Colima, M\u00e9xico, Avanzada (24\/08\/2020).- En Colima, seis de cada 10 ni\u00f1os con\u00a0c\u00e1ncer\u00a0que solicitan atenci\u00f3n a la Secretar\u00eda de Salud, son diagnosticados en una etapa tard\u00eda, lo cual complica su recuperaci\u00f3n. Los datos con los que cuenta la secretar\u00eda de Salud en la entidad\u00a0refiere que el c\u00e1ncer infantil detectado en una etapa temprana, permite una recuperaci\u00f3n [&hellip;]<\/p>\n","protected":false},"author":5,"featured_media":12823,"comment_status":"closed","ping_status":"closed","sticky":false,"template":"","format":"standard","meta":{"_coblocks_attr":"","_coblocks_dimensions":"","_coblocks_responsive_height":"","_coblocks_accordion_ie_support":"","_crdt_document":"","advanced_seo_description":"","jetpack_seo_html_title":"","jetpack_seo_noindex":false,"_jetpack_memberships_contains_paid_content":false,"footnotes":""},"categories":[19,27],"tags":[304,292,210],"class_list":["post-14852","post","type-post","status-publish","format-standard","has-post-thumbnail","hentry","category-colima","category-salud","tag-cancer","tag-infantes","tag-portada"],"jetpack_featured_media_url":"https:\/\/diarioavanzada.com.mx\/wp-content\/uploads\/2020\/05\/Cancerologi\u0301a.png","jetpack-related-posts":[],"jetpack_sharing_enabled":true,"amp_enabled":true,"_links":{"self":[{"href":"https:\/\/diarioavanzada.com.mx\/index.php?rest_route=\/wp\/v2\/posts\/14852","targetHints":{"allow":["GET"]}}],"collection":[{"href":"https:\/\/diarioavanzada.com.mx\/index.php?rest_route=\/wp\/v2\/posts"}],"about":[{"href":"https:\/\/diarioavanzada.com.mx\/index.php?rest_route=\/wp\/v2\/types\/post"}],"author":[{"embeddable":true,"href":"https:\/\/diarioavanzada.com.mx\/index.php?rest_route=\/wp\/v2\/users\/5"}],"replies":[{"embeddable":true,"href":"https:\/\/diarioavanzada.com.mx\/index.php?rest_route=%2Fwp%2Fv2%2Fcomments&post=14852"}],"version-history":[{"count":0,"href":"https:\/\/diarioavanzada.com.mx\/index.php?rest_route=\/wp\/v2\/posts\/14852\/revisions"}],"wp:featuredmedia":[{"embeddable":true,"href":"https:\/\/diarioavanzada.com.mx\/index.php?rest_route=\/wp\/v2\/media\/12823"}],"wp:attachment":[{"href":"https:\/\/diarioavanzada.com.mx\/index.php?rest_route=%2Fwp%2Fv2%2Fmedia&parent=14852"}],"wp:term":[{"taxonomy":"category","embeddable":true,"href":"https:\/\/diarioavanzada.com.mx\/index.php?rest_route=%2Fwp%2Fv2%2Fcategories&post=14852"},{"taxonomy":"post_tag","embeddable":true,"href":"https:\/\/diarioavanzada.com.mx\/index.php?rest_route=%2Fwp%2Fv2%2Ftags&post=14852"}],"curies":[{"name":"wp","href":"https:\/\/api.w.org\/{rel}","templated":true}]}}