{"id":14821,"date":"2020-08-21T13:08:47","date_gmt":"2020-08-21T18:08:47","guid":{"rendered":"https:\/\/diarioavanzada.com.mx\/?p=14821"},"modified":"2020-08-21T13:10:56","modified_gmt":"2020-08-21T18:10:56","slug":"sin-ejercer-la-abogacia-en-dos-decadas-cambia-rueda-la-diputacion-por-notaria-publica","status":"publish","type":"post","link":"https:\/\/diarioavanzada.com.mx\/?p=14821","title":{"rendered":"Sin ejercer la abogac\u00eda en dos d\u00e9cadas, cambia Rueda la diputaci\u00f3n por notar\u00eda p\u00fablica"},"content":{"rendered":"\n<p class=\"wp-block-paragraph\">Colima, M\u00e9xico, Avanzada (21\/08\/2020).- Este viernes, el Congreso local aprobar\u00e1 la separaci\u00f3n del cargo de diputado por tiempo indefinido del coordinador de la fracci\u00f3n del PRI en el Poder Legislativo, Rogelio Rueda S\u00e1nchez.<\/p>\n\n\n\n<p class=\"wp-block-paragraph\">Aunque no se han especificado las causas de su ausencia, se prev\u00e9 que el legislador asuma la titularidad de una notar\u00eda p\u00fablica, que le otorgar\u00e1 el gobernador, Ignacio Peralta S\u00e1nchez en los pr\u00f3ximos d\u00edas.<\/p>\n\n\n\n<p class=\"wp-block-paragraph\">El pasado mes de julio, en el peri\u00f3dico oficial \u201cEl Estado de Colima\u201d aparece que el mandatario colimense otorg\u00f3 cuatro patentes de aspirantes a notarios entre ellos, al diputado, Rogelio Rueda S\u00e1nchez, al ex magistrado del Tribunal Electoral, Julio C\u00e9sar Mar\u00edn Vel\u00e1zquez Cottier, Clarissa Deyanira Llerenas Rodr\u00edguez, y Ricardo V\u00e1zquez Velasco. Clarissa Deyanira Llerenas Rodr\u00edguez<\/p>\n\n\n\n<p class=\"wp-block-paragraph\">En el peri\u00f3dico oficial se se\u00f1ala que los cuatro aspirantes a notarios cumplieron con los requisitos establecidos en el art\u00edculo 92 de la ley de Notariado y que acreditaron el examen que establece la propia ley.<\/p>\n\n\n\n<p class=\"wp-block-paragraph\">Los requisitos para aspirar a la patente de notario son tener m\u00e1s de 30 a\u00f1os cumplidos y no m\u00e1s de 60 a\u00f1os de edad, ser licenciado en derecho o abogado con t\u00edtulo debidamente registrado y ser aprobado en el examen que marca la ley.<\/p>\n\n\n\n<p class=\"wp-block-paragraph\">Adem\u00e1s,&nbsp;no tener una enfermedad habitual que impida el ejercicio de las facultades intelectuales, acreditar que es una persona honesta.<\/p>\n\n\n\n<p class=\"wp-block-paragraph\">Este d\u00eda, los legisladores aprobar\u00e1n la separaci\u00f3n del cargo de diputado de Rogelio Rueda S\u00e1nchez y en los pr\u00f3ximos d\u00edas recibir\u00eda la adscripci\u00f3n a una notar\u00eda,&nbsp; a pesar de que su actividad profesional est\u00e1 ligada a la pol\u00edtica, por lo menos desde hace 20 a\u00f1os y no propiamente a las actividades relacionadas con el derecho.<\/p>\n\n\n\n<p class=\"wp-block-paragraph\">Antes de la coordinaci\u00f3n de la fracci\u00f3n del PRI en el Congreso, Rueda S\u00e1nchez fue secretario general de Gobierno durante los primeros cinco a\u00f1os del gobierno de Mario Anguiano Moreno (2009-2015), senador de la rep\u00fablica por el PRI (2006-2012), y presidente municipal de Manzanillo.<\/p>\n<div class=\"fb-background-color\">\n\t\t\t  <div \n\t\t\t  \tclass = \"fb-comments\" \n\t\t\t  \tdata-href = \"https:\/\/diarioavanzada.com.mx\/?p=14821\"\n\t\t\t  \tdata-numposts = \"10\"\n\t\t\t  \tdata-lazy = \"true\"\n\t\t\t\tdata-colorscheme = \"light\"\n\t\t\t\tdata-order-by = \"social\"\n\t\t\t\tdata-mobile=true>\n\t\t\t  <\/div><\/div>\n\t\t  <style>\n\t\t    .fb-background-color {\n\t\t\t\tbackground:  !important;\n\t\t\t}\n\t\t\t.fb_iframe_widget_fluid_desktop iframe {\n\t\t\t    width: 100% !important;\n\t\t\t}\n\t\t  <\/style>\n\t\t  ","protected":false},"excerpt":{"rendered":"<p>Colima, M\u00e9xico, Avanzada (21\/08\/2020).- Este viernes, el Congreso local aprobar\u00e1 la separaci\u00f3n del cargo de diputado por tiempo indefinido del coordinador de la fracci\u00f3n del PRI en el Poder Legislativo, Rogelio Rueda S\u00e1nchez. Aunque no se han especificado las causas de su ausencia, se prev\u00e9 que el legislador asuma la titularidad de una notar\u00eda p\u00fablica, [&hellip;]<\/p>\n","protected":false},"author":5,"featured_media":9380,"comment_status":"closed","ping_status":"closed","sticky":false,"template":"","format":"standard","meta":{"_coblocks_attr":"","_coblocks_dimensions":"","_coblocks_responsive_height":"","_coblocks_accordion_ie_support":"","_crdt_document":"","advanced_seo_description":"","jetpack_seo_html_title":"","jetpack_seo_noindex":false,"_jetpack_memberships_contains_paid_content":false,"footnotes":""},"categories":[19],"tags":[210],"class_list":["post-14821","post","type-post","status-publish","format-standard","has-post-thumbnail","hentry","category-colima","tag-portada"],"jetpack_featured_media_url":"https:\/\/diarioavanzada.com.mx\/wp-content\/uploads\/2020\/01\/01-27-rogelio.jpg","jetpack-related-posts":[],"jetpack_sharing_enabled":true,"amp_enabled":true,"_links":{"self":[{"href":"https:\/\/diarioavanzada.com.mx\/index.php?rest_route=\/wp\/v2\/posts\/14821","targetHints":{"allow":["GET"]}}],"collection":[{"href":"https:\/\/diarioavanzada.com.mx\/index.php?rest_route=\/wp\/v2\/posts"}],"about":[{"href":"https:\/\/diarioavanzada.com.mx\/index.php?rest_route=\/wp\/v2\/types\/post"}],"author":[{"embeddable":true,"href":"https:\/\/diarioavanzada.com.mx\/index.php?rest_route=\/wp\/v2\/users\/5"}],"replies":[{"embeddable":true,"href":"https:\/\/diarioavanzada.com.mx\/index.php?rest_route=%2Fwp%2Fv2%2Fcomments&post=14821"}],"version-history":[{"count":0,"href":"https:\/\/diarioavanzada.com.mx\/index.php?rest_route=\/wp\/v2\/posts\/14821\/revisions"}],"wp:featuredmedia":[{"embeddable":true,"href":"https:\/\/diarioavanzada.com.mx\/index.php?rest_route=\/wp\/v2\/media\/9380"}],"wp:attachment":[{"href":"https:\/\/diarioavanzada.com.mx\/index.php?rest_route=%2Fwp%2Fv2%2Fmedia&parent=14821"}],"wp:term":[{"taxonomy":"category","embeddable":true,"href":"https:\/\/diarioavanzada.com.mx\/index.php?rest_route=%2Fwp%2Fv2%2Fcategories&post=14821"},{"taxonomy":"post_tag","embeddable":true,"href":"https:\/\/diarioavanzada.com.mx\/index.php?rest_route=%2Fwp%2Fv2%2Ftags&post=14821"}],"curies":[{"name":"wp","href":"https:\/\/api.w.org\/{rel}","templated":true}]}}