{"id":14797,"date":"2020-08-21T11:30:39","date_gmt":"2020-08-21T16:30:39","guid":{"rendered":"https:\/\/diarioavanzada.com.mx\/?p=14797"},"modified":"2020-08-21T11:30:42","modified_gmt":"2020-08-21T16:30:42","slug":"hospital-general-de-manzanillo-se-queda-sin-ventiladores-para-enfermos-de-covid-19","status":"publish","type":"post","link":"https:\/\/diarioavanzada.com.mx\/?p=14797","title":{"rendered":"Hospital General de Manzanillo se queda sin ventiladores para enfermos de Covid-19"},"content":{"rendered":"\n<p class=\"wp-block-paragraph\">Colima, M\u00e9xico, Avanzada (21\/08\/2020).- El Hospital General N\u00famero 10 de Manzanillo registr\u00f3 el 100 por ciento de la ocupaci\u00f3n de camas con ventilador, seg\u00fan los datos de la secretar\u00eda de Salud de Colima.<\/p>\n\n\n\n<p class=\"wp-block-paragraph\">Mientras que el Hospital n\u00famero 1 del IMSS en Villa de \u00c1lvarez s\u00f3lo tiene el 25 por ciento de la disponibilidad, y el Hospital Regional Universitario (HRU) el 30 por ciento de camas disponibles en el \u00e1rea destinada para atender a los pacientes Covid-19.<\/p>\n\n\n\n<p class=\"wp-block-paragraph\">As\u00ed lo inform\u00f3 la secretar\u00eda de Salud en Colima, Leticia Delgado Carrillo, quien explic\u00f3 que tanto el Hospital n\u00famero 1 de Villa de \u00c1lvarez como el HRU se consideran como nosocomios de concentraci\u00f3n, lo que significa que reciben a todos aquellos pacientes con el virus SARS-CoV-2 que no pudieron ser atendidos en el resto de los municipios, por la falta de espacios o del equipo.<\/p>\n\n\n\n<p class=\"wp-block-paragraph\">Carrillo Delgado afirm\u00f3 que el hecho de que haya hospitales de concentraci\u00f3n limita los espacios que estos hospitales puedan tener para la derechohabiencia de los municipios donde se encuentran, en este caso, la zona conurbada de Colima y Villa de \u00c1lvarez.<\/p>\n\n\n\n<p class=\"wp-block-paragraph\">El Estado de Colima registra 2 mil 930 casos acumulados de Covid-19, 348 defunciones, y 239 casos sospechosos.<\/p>\n\n\n\n<p class=\"wp-block-paragraph\">Los datos de la secretar\u00eda de Salud muestran que Comala, Coquimatl\u00e1n, Colima y Villa de \u00c1lvarez se encuentra en fase activa de contagios, aunque los tres primeros municipios tengan menos casos que la zona conurbada.<\/p>\n\n\n\n<p class=\"wp-block-paragraph\">El mapa de calor que mide la presencia del virus,\u00a0coloca a Comala e Ixtlahuac\u00e1n en Amarillo, Minatitl\u00e1n, en verde, pero en rojo intenso est\u00e1n Manzanillo, Tecom\u00e1n, y Colima; cada uno \u00a0contabilizan m\u00e1s de 501 casos \u00a0acumulados de Covid-19.<\/p>\n\n\n\n<figure class=\"wp-block-image size-large\"><img loading=\"lazy\" decoding=\"async\" width=\"960\" height=\"960\" src=\"https:\/\/diarioavanzada.com.mx\/wp-content\/uploads\/2020\/08\/118358904_3206040109487153_7690283986572340481_o.jpg\" alt=\"\" class=\"wp-image-14798\" \/><\/figure>\n\n\n\n<p class=\"wp-block-paragraph\"><\/p>\n<div class=\"fb-background-color\">\n\t\t\t  <div \n\t\t\t  \tclass = \"fb-comments\" \n\t\t\t  \tdata-href = \"https:\/\/diarioavanzada.com.mx\/?p=14797\"\n\t\t\t  \tdata-numposts = \"10\"\n\t\t\t  \tdata-lazy = \"true\"\n\t\t\t\tdata-colorscheme = \"light\"\n\t\t\t\tdata-order-by = \"social\"\n\t\t\t\tdata-mobile=true>\n\t\t\t  <\/div><\/div>\n\t\t  <style>\n\t\t    .fb-background-color {\n\t\t\t\tbackground:  !important;\n\t\t\t}\n\t\t\t.fb_iframe_widget_fluid_desktop iframe {\n\t\t\t    width: 100% !important;\n\t\t\t}\n\t\t  <\/style>\n\t\t  ","protected":false},"excerpt":{"rendered":"<p>Colima, M\u00e9xico, Avanzada (21\/08\/2020).- El Hospital General N\u00famero 10 de Manzanillo registr\u00f3 el 100 por ciento de la ocupaci\u00f3n de camas con ventilador, seg\u00fan los datos de la secretar\u00eda de Salud de Colima. Mientras que el Hospital n\u00famero 1 del IMSS en Villa de \u00c1lvarez s\u00f3lo tiene el 25 por ciento de la disponibilidad, y [&hellip;]<\/p>\n","protected":false},"author":5,"featured_media":14798,"comment_status":"closed","ping_status":"closed","sticky":false,"template":"","format":"standard","meta":{"_coblocks_attr":"","_coblocks_dimensions":"","_coblocks_responsive_height":"","_coblocks_accordion_ie_support":"","_crdt_document":"","advanced_seo_description":"","jetpack_seo_html_title":"","jetpack_seo_noindex":false,"_jetpack_memberships_contains_paid_content":false,"footnotes":""},"categories":[19,27],"tags":[300,210,218],"class_list":["post-14797","post","type-post","status-publish","format-standard","has-post-thumbnail","hentry","category-colima","category-salud","tag-covid-19","tag-portada","tag-salud"],"jetpack_featured_media_url":"https:\/\/diarioavanzada.com.mx\/wp-content\/uploads\/2020\/08\/118358904_3206040109487153_7690283986572340481_o.jpg","jetpack-related-posts":[],"jetpack_sharing_enabled":true,"amp_enabled":true,"_links":{"self":[{"href":"https:\/\/diarioavanzada.com.mx\/index.php?rest_route=\/wp\/v2\/posts\/14797","targetHints":{"allow":["GET"]}}],"collection":[{"href":"https:\/\/diarioavanzada.com.mx\/index.php?rest_route=\/wp\/v2\/posts"}],"about":[{"href":"https:\/\/diarioavanzada.com.mx\/index.php?rest_route=\/wp\/v2\/types\/post"}],"author":[{"embeddable":true,"href":"https:\/\/diarioavanzada.com.mx\/index.php?rest_route=\/wp\/v2\/users\/5"}],"replies":[{"embeddable":true,"href":"https:\/\/diarioavanzada.com.mx\/index.php?rest_route=%2Fwp%2Fv2%2Fcomments&post=14797"}],"version-history":[{"count":0,"href":"https:\/\/diarioavanzada.com.mx\/index.php?rest_route=\/wp\/v2\/posts\/14797\/revisions"}],"wp:featuredmedia":[{"embeddable":true,"href":"https:\/\/diarioavanzada.com.mx\/index.php?rest_route=\/wp\/v2\/media\/14798"}],"wp:attachment":[{"href":"https:\/\/diarioavanzada.com.mx\/index.php?rest_route=%2Fwp%2Fv2%2Fmedia&parent=14797"}],"wp:term":[{"taxonomy":"category","embeddable":true,"href":"https:\/\/diarioavanzada.com.mx\/index.php?rest_route=%2Fwp%2Fv2%2Fcategories&post=14797"},{"taxonomy":"post_tag","embeddable":true,"href":"https:\/\/diarioavanzada.com.mx\/index.php?rest_route=%2Fwp%2Fv2%2Ftags&post=14797"}],"curies":[{"name":"wp","href":"https:\/\/api.w.org\/{rel}","templated":true}]}}