{"id":14765,"date":"2020-08-20T08:50:19","date_gmt":"2020-08-20T13:50:19","guid":{"rendered":"https:\/\/diarioavanzada.com.mx\/?p=14765"},"modified":"2020-08-20T08:50:45","modified_gmt":"2020-08-20T13:50:45","slug":"elecciones-covid-19-el-7-de-septiembre-arranca-el-proceso-electoral","status":"publish","type":"post","link":"https:\/\/diarioavanzada.com.mx\/?p=14765","title":{"rendered":"Elecciones\/Covid-19, el 7 de septiembre arranca el proceso electoral"},"content":{"rendered":"\n<p class=\"wp-block-paragraph\">Colima, M\u00e9xico, Avanzada (20\/08\/2020).- Colima iniciar\u00e1 el proceso electoral el pr\u00f3ximo mes de septiembre, en medio de una pandemia por el Covid-19, que ha causado la muerte de 348 personas, la p\u00e9rdida de 4 mil empleos formales y tiene al borde del colapso al sistema de salud local.<\/p>\n\n\n\n<p class=\"wp-block-paragraph\">El estado renovar\u00e1 la gubernatura en la elecci\u00f3n del pr\u00f3ximo 6 de junio de 2021, donde tambi\u00e9n se elegir\u00e1 a los nuevos integrantes de los 10 cabildos, las 16 diputaciones locales y las dos diputaciones federales.<\/p>\n\n\n\n<p class=\"wp-block-paragraph\">El Consejo General del Instituto Nacional Electoral (INE) inform\u00f3 que el pr\u00f3ximo 7 de septiembre&nbsp;se llevar\u00e1 a cabo la sesi\u00f3n con la que iniciar\u00e1 formalmente el proceso electoral federal 2020-2021.<\/p>\n\n\n\n<p class=\"wp-block-paragraph\">Con dicha sesi\u00f3n iniciar\u00e1n todas las actividades para realizar las elecciones del 6 de junio de 2021. En el caso de Colima, el INE ser\u00e1 el encargado de organizar los procesos para la renovaci\u00f3n de las diputaciones federales de los distritos I y II, que actualmente ostentan las legisladoras de Morena, Claudia Y\u00e1\u00f1ez Centeno y Arvizu&nbsp;y Rosa Bayardo Cabrera, suplente de Indira Vizca\u00edno Silva.<\/p>\n\n\n\n<p class=\"wp-block-paragraph\">En tanto, el pr\u00f3ximo mes de &nbsp;octubre, el consejo general del Instituto Electoral del Estado (IEE) sesionar\u00e1 para llevar a cabo el arranque del proceso electoral local donde los colimenses elegir\u00e1n al nuevo titular del Ejecutivo.<\/p>\n\n\n\n<p class=\"wp-block-paragraph\">Los procesos electorales tanto federal como local iniciar\u00e1 en medio de la fase tres de contagios por el Covid-19.<\/p>\n\n\n\n<p class=\"wp-block-paragraph\">Hasta el momento, ni el INE, ni el IEE han informado si el proceso electoral tendr\u00e1 modificaciones con la finalidad de evitar las concentraciones o eventos multitudinarios tan caracter\u00edsticos del proceso electoral. &nbsp;<\/p>\n<div class=\"fb-background-color\">\n\t\t\t  <div \n\t\t\t  \tclass = \"fb-comments\" \n\t\t\t  \tdata-href = \"https:\/\/diarioavanzada.com.mx\/?p=14765\"\n\t\t\t  \tdata-numposts = \"10\"\n\t\t\t  \tdata-lazy = \"true\"\n\t\t\t\tdata-colorscheme = \"light\"\n\t\t\t\tdata-order-by = \"social\"\n\t\t\t\tdata-mobile=true>\n\t\t\t  <\/div><\/div>\n\t\t  <style>\n\t\t    .fb-background-color {\n\t\t\t\tbackground:  !important;\n\t\t\t}\n\t\t\t.fb_iframe_widget_fluid_desktop iframe {\n\t\t\t    width: 100% !important;\n\t\t\t}\n\t\t  <\/style>\n\t\t  ","protected":false},"excerpt":{"rendered":"<p>Colima, M\u00e9xico, Avanzada (20\/08\/2020).- Colima iniciar\u00e1 el proceso electoral el pr\u00f3ximo mes de septiembre, en medio de una pandemia por el Covid-19, que ha causado la muerte de 348 personas, la p\u00e9rdida de 4 mil empleos formales y tiene al borde del colapso al sistema de salud local. El estado renovar\u00e1 la gubernatura en la [&hellip;]<\/p>\n","protected":false},"author":5,"featured_media":14766,"comment_status":"closed","ping_status":"closed","sticky":false,"template":"","format":"standard","meta":{"_coblocks_attr":"","_coblocks_dimensions":"","_coblocks_responsive_height":"","_coblocks_accordion_ie_support":"","_crdt_document":"","advanced_seo_description":"","jetpack_seo_html_title":"","jetpack_seo_noindex":false,"_jetpack_memberships_contains_paid_content":false,"footnotes":""},"categories":[19],"tags":[210],"class_list":["post-14765","post","type-post","status-publish","format-standard","has-post-thumbnail","hentry","category-colima","tag-portada"],"jetpack_featured_media_url":"https:\/\/diarioavanzada.com.mx\/wp-content\/uploads\/2020\/08\/117897639_299375161293429_1685774443068203662_n.jpg","jetpack-related-posts":[],"jetpack_sharing_enabled":true,"amp_enabled":true,"_links":{"self":[{"href":"https:\/\/diarioavanzada.com.mx\/index.php?rest_route=\/wp\/v2\/posts\/14765","targetHints":{"allow":["GET"]}}],"collection":[{"href":"https:\/\/diarioavanzada.com.mx\/index.php?rest_route=\/wp\/v2\/posts"}],"about":[{"href":"https:\/\/diarioavanzada.com.mx\/index.php?rest_route=\/wp\/v2\/types\/post"}],"author":[{"embeddable":true,"href":"https:\/\/diarioavanzada.com.mx\/index.php?rest_route=\/wp\/v2\/users\/5"}],"replies":[{"embeddable":true,"href":"https:\/\/diarioavanzada.com.mx\/index.php?rest_route=%2Fwp%2Fv2%2Fcomments&post=14765"}],"version-history":[{"count":0,"href":"https:\/\/diarioavanzada.com.mx\/index.php?rest_route=\/wp\/v2\/posts\/14765\/revisions"}],"wp:featuredmedia":[{"embeddable":true,"href":"https:\/\/diarioavanzada.com.mx\/index.php?rest_route=\/wp\/v2\/media\/14766"}],"wp:attachment":[{"href":"https:\/\/diarioavanzada.com.mx\/index.php?rest_route=%2Fwp%2Fv2%2Fmedia&parent=14765"}],"wp:term":[{"taxonomy":"category","embeddable":true,"href":"https:\/\/diarioavanzada.com.mx\/index.php?rest_route=%2Fwp%2Fv2%2Fcategories&post=14765"},{"taxonomy":"post_tag","embeddable":true,"href":"https:\/\/diarioavanzada.com.mx\/index.php?rest_route=%2Fwp%2Fv2%2Ftags&post=14765"}],"curies":[{"name":"wp","href":"https:\/\/api.w.org\/{rel}","templated":true}]}}