{"id":14716,"date":"2020-08-19T07:44:01","date_gmt":"2020-08-19T12:44:01","guid":{"rendered":"https:\/\/diarioavanzada.com.mx\/?p=14716"},"modified":"2020-08-19T07:44:02","modified_gmt":"2020-08-19T12:44:02","slug":"gobernador-impone-afines-en-el-tribunal-de-justicia-administrativa","status":"publish","type":"post","link":"https:\/\/diarioavanzada.com.mx\/?p=14716","title":{"rendered":"Gobernador impone afines en el Tribunal de Justicia Administrativa"},"content":{"rendered":"\n<p class=\"wp-block-paragraph\">Colima, M\u00e9xico, Avanzada (19\/08\/2020).- Ante la tardanza del Poder Legislativo para nombrar a los magistrados del Tribunal de Justicia Administrativa (TJA), el Poder Ejecutivo dio por concluido el tema y consider\u00f3 aprobadas las propuestas del gobernador, Ignacio Peralta S\u00e1nchez.<\/p>\n\n\n\n<p class=\"wp-block-paragraph\">Sin que ninguna autoridad hiciera alg\u00fan pronunciamiento sobre el tema, el pasado 8 de agosto se public\u00f3 en el Peri\u00f3dico Oficial \u201cEl Estado de Colima\u201d el acuerdo donde&nbsp;se menciona que los magistrados del TJA, son Andr\u00e9s Gerardo Garc\u00eda Noriega, ex titular de la Consejer\u00eda Jur\u00eddica del gobierno del Estado, as\u00ed como Yarazhet Villalpando Valdez, cercana al grupo del panista, Pedro Peralta&nbsp;y Bryant Garc\u00eda Ram\u00edrez, ex colaborador de la delegada de programas sociales del gobierno federal, Indira Vizca\u00edno Silva.<\/p>\n\n\n\n<p class=\"wp-block-paragraph\">En el documento&nbsp;que aparece en el Peri\u00f3dico Oficial&nbsp; refiere que el 28 de febrero pasado, el gobernador envi\u00f3 al Congreso del Estado la terna de propuestas para integrar el \u00f3rgano aut\u00f3nomo&nbsp;que ser\u00e1 el responsable de sancionar los actos ilegales de los servidores p\u00fablicos.<\/p>\n\n\n\n<p class=\"wp-block-paragraph\">El mismo escrito&nbsp;menciona que la Ley de Justicia Administrativa establece que el Congreso del Estado contaba con 10 d\u00edas h\u00e1biles para pronunciarse a favor o en contra de la propuesta gubernamental y sin embargo no lo hizo.<\/p>\n\n\n\n<p class=\"wp-block-paragraph\">Seg\u00fan la relator\u00eda, el 12 de marzo, los diputados locales no avalaron el proceso ni a los perfiles propuestos, por lo que ordenaron que el dictamen con las propuestas se regresara a comisiones.<\/p>\n\n\n\n<p class=\"wp-block-paragraph\">Pero, el gobierno sentencia que dicha propuesta s\u00f3lo fue respaldada por 12 de los 24 diputados presentes, \u201ces decir que no hubo una decisi\u00f3n respecto al dictamen, la propuesta no fue rechazada ni aprobada\u201d, pues sostiene que para eso se necesitaban de al menos 18 de los legisladores presentes, seg\u00fan la Ley de Justicia Administrativa del Estado.<\/p>\n\n\n\n<p class=\"wp-block-paragraph\">El acuerdo del Poder Ejecutivo expone que al no obtener la votaci\u00f3n reglamentaria correspondiente, &nbsp;considera aprobada su propuesta de nombramiento de magistrados del TJA, integrada por Andr\u00e9s Gerardo Garc\u00eda Noriega, Yarazhet Villalpando Valdez y Bryant Garc\u00eda Ram\u00edrez.<\/p>\n<div class=\"fb-background-color\">\n\t\t\t  <div \n\t\t\t  \tclass = \"fb-comments\" \n\t\t\t  \tdata-href = \"https:\/\/diarioavanzada.com.mx\/?p=14716\"\n\t\t\t  \tdata-numposts = \"10\"\n\t\t\t  \tdata-lazy = \"true\"\n\t\t\t\tdata-colorscheme = \"light\"\n\t\t\t\tdata-order-by = \"social\"\n\t\t\t\tdata-mobile=true>\n\t\t\t  <\/div><\/div>\n\t\t  <style>\n\t\t    .fb-background-color {\n\t\t\t\tbackground:  !important;\n\t\t\t}\n\t\t\t.fb_iframe_widget_fluid_desktop iframe {\n\t\t\t    width: 100% !important;\n\t\t\t}\n\t\t  <\/style>\n\t\t  ","protected":false},"excerpt":{"rendered":"<p>Colima, M\u00e9xico, Avanzada (19\/08\/2020).- Ante la tardanza del Poder Legislativo para nombrar a los magistrados del Tribunal de Justicia Administrativa (TJA), el Poder Ejecutivo dio por concluido el tema y consider\u00f3 aprobadas las propuestas del gobernador, Ignacio Peralta S\u00e1nchez. Sin que ninguna autoridad hiciera alg\u00fan pronunciamiento sobre el tema, el pasado 8 de agosto se [&hellip;]<\/p>\n","protected":false},"author":5,"featured_media":11260,"comment_status":"closed","ping_status":"closed","sticky":false,"template":"","format":"standard","meta":{"_coblocks_attr":"","_coblocks_dimensions":"","_coblocks_responsive_height":"","_coblocks_accordion_ie_support":"","_crdt_document":"","advanced_seo_description":"","jetpack_seo_html_title":"","jetpack_seo_noindex":false,"_jetpack_memberships_contains_paid_content":false,"footnotes":""},"categories":[19],"tags":[210],"class_list":["post-14716","post","type-post","status-publish","format-standard","has-post-thumbnail","hentry","category-colima","tag-portada"],"jetpack_featured_media_url":"https:\/\/diarioavanzada.com.mx\/wp-content\/uploads\/2020\/03\/Nacho-Peralta-Risa.png","jetpack-related-posts":[],"jetpack_sharing_enabled":true,"amp_enabled":true,"_links":{"self":[{"href":"https:\/\/diarioavanzada.com.mx\/index.php?rest_route=\/wp\/v2\/posts\/14716","targetHints":{"allow":["GET"]}}],"collection":[{"href":"https:\/\/diarioavanzada.com.mx\/index.php?rest_route=\/wp\/v2\/posts"}],"about":[{"href":"https:\/\/diarioavanzada.com.mx\/index.php?rest_route=\/wp\/v2\/types\/post"}],"author":[{"embeddable":true,"href":"https:\/\/diarioavanzada.com.mx\/index.php?rest_route=\/wp\/v2\/users\/5"}],"replies":[{"embeddable":true,"href":"https:\/\/diarioavanzada.com.mx\/index.php?rest_route=%2Fwp%2Fv2%2Fcomments&post=14716"}],"version-history":[{"count":0,"href":"https:\/\/diarioavanzada.com.mx\/index.php?rest_route=\/wp\/v2\/posts\/14716\/revisions"}],"wp:featuredmedia":[{"embeddable":true,"href":"https:\/\/diarioavanzada.com.mx\/index.php?rest_route=\/wp\/v2\/media\/11260"}],"wp:attachment":[{"href":"https:\/\/diarioavanzada.com.mx\/index.php?rest_route=%2Fwp%2Fv2%2Fmedia&parent=14716"}],"wp:term":[{"taxonomy":"category","embeddable":true,"href":"https:\/\/diarioavanzada.com.mx\/index.php?rest_route=%2Fwp%2Fv2%2Fcategories&post=14716"},{"taxonomy":"post_tag","embeddable":true,"href":"https:\/\/diarioavanzada.com.mx\/index.php?rest_route=%2Fwp%2Fv2%2Ftags&post=14716"}],"curies":[{"name":"wp","href":"https:\/\/api.w.org\/{rel}","templated":true}]}}