{"id":14670,"date":"2020-08-17T08:09:20","date_gmt":"2020-08-17T13:09:20","guid":{"rendered":"https:\/\/diarioavanzada.com.mx\/?p=14670"},"modified":"2020-08-17T08:09:22","modified_gmt":"2020-08-17T13:09:22","slug":"por-ejercicio-indebido-de-recursos-asf-denuncia-a-colima-ante-la-fgr","status":"publish","type":"post","link":"https:\/\/diarioavanzada.com.mx\/?p=14670","title":{"rendered":"Por ejercicio indebido de recursos, ASF denuncia a Colima ante la FGR"},"content":{"rendered":"\n<p class=\"wp-block-paragraph\">Colima, M\u00e9xico, Avanzada (17\/08\/2020).- La Auditor\u00eda Superior de la Federaci\u00f3n (ASF) present\u00f3 23 denuncias penales en contra de diferentes instituciones y gobiernos, entre ellos,&nbsp;el de Colima, por los hallazgos encontrados en la fiscalizaci\u00f3n de la cuenta p\u00fablica federal 2017.<\/p>\n\n\n\n<p class=\"wp-block-paragraph\">El ente fiscalizador acudi\u00f3 a la Fiscal\u00eda General de la Rep\u00fablica (FGR) para interponer las querellas en contra de diversas dependencias federales durante el gobierno de Enrique Pe\u00f1a Nieto y&nbsp;cuatro gobiernos estatales.<\/p>\n\n\n\n<p class=\"wp-block-paragraph\">En el caso de las entidades, la Auditor\u00eda Superior de la Federaci\u00f3n anunci\u00f3 que las denuncias son en contra de los estados de Colima, Nayarit&nbsp;y Zacatecas por el destino y uso de los recursos federales del programa de Fortalecimiento a la Educaci\u00f3n Temprana y Desarrollo Infantil,&nbsp;durante el 2017.<\/p>\n\n\n\n<p class=\"wp-block-paragraph\">En el reporte, la Auditor\u00eda Superior solicit\u00f3 a la Fiscal\u00eda General de la Rep\u00fablica a iniciar con las carpetas de investigaci\u00f3n para fincarles responsabilidades a aquellos funcionarios que utilizaron indebidamente los recursos federales.<\/p>\n\n\n\n<p class=\"wp-block-paragraph\">Seg\u00fan el \u00f3rgano fiscalizador, los estados involucrados en las denuncias no entregaron en el tiempo establecido los informes sobre el uso de los recursos o el destino de \u00e9stos y tampoco devolvieron los faltantes.<\/p>\n\n\n\n<p class=\"wp-block-paragraph\">Por la cuenta p\u00fablica 2017, es la \u00fanica denuncia que la ASF ha interpuesto en contra del gobierno de Colima, durante el gobierno que presidente, Andr\u00e9s Manuel L\u00f3pez Obrador.<\/p>\n<div class=\"fb-background-color\">\n\t\t\t  <div \n\t\t\t  \tclass = \"fb-comments\" \n\t\t\t  \tdata-href = \"https:\/\/diarioavanzada.com.mx\/?p=14670\"\n\t\t\t  \tdata-numposts = \"10\"\n\t\t\t  \tdata-lazy = \"true\"\n\t\t\t\tdata-colorscheme = \"light\"\n\t\t\t\tdata-order-by = \"social\"\n\t\t\t\tdata-mobile=true>\n\t\t\t  <\/div><\/div>\n\t\t  <style>\n\t\t    .fb-background-color {\n\t\t\t\tbackground:  !important;\n\t\t\t}\n\t\t\t.fb_iframe_widget_fluid_desktop iframe {\n\t\t\t    width: 100% !important;\n\t\t\t}\n\t\t  <\/style>\n\t\t  ","protected":false},"excerpt":{"rendered":"<p>Colima, M\u00e9xico, Avanzada (17\/08\/2020).- La Auditor\u00eda Superior de la Federaci\u00f3n (ASF) present\u00f3 23 denuncias penales en contra de diferentes instituciones y gobiernos, entre ellos,&nbsp;el de Colima, por los hallazgos encontrados en la fiscalizaci\u00f3n de la cuenta p\u00fablica federal 2017. El ente fiscalizador acudi\u00f3 a la Fiscal\u00eda General de la Rep\u00fablica (FGR) para interponer las querellas [&hellip;]<\/p>\n","protected":false},"author":5,"featured_media":329,"comment_status":"closed","ping_status":"closed","sticky":false,"template":"","format":"standard","meta":{"_coblocks_attr":"","_coblocks_dimensions":"","_coblocks_responsive_height":"","_coblocks_accordion_ie_support":"","_crdt_document":"","advanced_seo_description":"","jetpack_seo_html_title":"","jetpack_seo_noindex":false,"_jetpack_memberships_contains_paid_content":false,"footnotes":""},"categories":[19,231],"tags":[210],"class_list":["post-14670","post","type-post","status-publish","format-standard","has-post-thumbnail","hentry","category-colima","category-seguridad","tag-portada"],"jetpack_featured_media_url":"https:\/\/diarioavanzada.com.mx\/wp-content\/uploads\/2018\/04\/4-palacio-de-gobierno.jpg","jetpack-related-posts":[],"jetpack_sharing_enabled":true,"amp_enabled":true,"_links":{"self":[{"href":"https:\/\/diarioavanzada.com.mx\/index.php?rest_route=\/wp\/v2\/posts\/14670","targetHints":{"allow":["GET"]}}],"collection":[{"href":"https:\/\/diarioavanzada.com.mx\/index.php?rest_route=\/wp\/v2\/posts"}],"about":[{"href":"https:\/\/diarioavanzada.com.mx\/index.php?rest_route=\/wp\/v2\/types\/post"}],"author":[{"embeddable":true,"href":"https:\/\/diarioavanzada.com.mx\/index.php?rest_route=\/wp\/v2\/users\/5"}],"replies":[{"embeddable":true,"href":"https:\/\/diarioavanzada.com.mx\/index.php?rest_route=%2Fwp%2Fv2%2Fcomments&post=14670"}],"version-history":[{"count":0,"href":"https:\/\/diarioavanzada.com.mx\/index.php?rest_route=\/wp\/v2\/posts\/14670\/revisions"}],"wp:featuredmedia":[{"embeddable":true,"href":"https:\/\/diarioavanzada.com.mx\/index.php?rest_route=\/wp\/v2\/media\/329"}],"wp:attachment":[{"href":"https:\/\/diarioavanzada.com.mx\/index.php?rest_route=%2Fwp%2Fv2%2Fmedia&parent=14670"}],"wp:term":[{"taxonomy":"category","embeddable":true,"href":"https:\/\/diarioavanzada.com.mx\/index.php?rest_route=%2Fwp%2Fv2%2Fcategories&post=14670"},{"taxonomy":"post_tag","embeddable":true,"href":"https:\/\/diarioavanzada.com.mx\/index.php?rest_route=%2Fwp%2Fv2%2Ftags&post=14670"}],"curies":[{"name":"wp","href":"https:\/\/api.w.org\/{rel}","templated":true}]}}