{"id":14640,"date":"2020-08-16T09:08:08","date_gmt":"2020-08-16T14:08:08","guid":{"rendered":"https:\/\/diarioavanzada.com.mx\/?p=14640"},"modified":"2020-08-16T09:10:25","modified_gmt":"2020-08-16T14:10:25","slug":"fiscalia-de-colima-confirma-hallazgo-de-31-cuerpos-en-fosas-clandestinas","status":"publish","type":"post","link":"https:\/\/diarioavanzada.com.mx\/?p=14640","title":{"rendered":"Fiscal\u00eda de Colima confirma hallazgo de 31 cuerpos en fosas clandestinas"},"content":{"rendered":"\n<p class=\"wp-block-paragraph\">Colima, M\u00e9xico, Comunicado (16\/08\/2020).- Al concluir los trabajos de exhumaci\u00f3n y procesamiento del predio r\u00fastico en el que se localizaron fosas clandestinas en Tecom\u00e1n, la Fiscal\u00eda General del Estado (FGE) a trav\u00e9s de la Fiscal\u00eda Especializada en Desaparici\u00f3n de Personas, asegur\u00f3 restos humanos que pudieran corresponder a 31 cuerpos inhumados en el lugar.<\/p>\n\n\n\n<p class=\"wp-block-paragraph\">Sin embargo, la cantidad exacta de cad\u00e1veres podr\u00e1 confirmarse una vez realizadas las confrontas de perfil gen\u00e9tico y otras pruebas periciales que permitan adem\u00e1s avanzar en el proceso de identificaci\u00f3n, para determinar cu\u00e1ntas de estas personas contaban con una denuncia por desaparici\u00f3n.&nbsp;<\/p>\n\n\n\n<p class=\"wp-block-paragraph\">La localizaci\u00f3n de estos cuerpos se llev\u00f3 a cabo con base en informaci\u00f3n de inteligencia y el trabajo coordinado con el Colectivo Estatal de Personas Desaparecidas, la Guardia Nacional, la Comisi\u00f3n de B\u00fasqueda de Personas en el Estado y otras instituciones de seguridad, logrando la ubicaci\u00f3n del lugar sobre una brecha cercana a la carretera Tecom\u00e1n-Cerro de Ortega, en la Comunidad de Cofrad\u00eda de Morelos.<\/p>\n\n\n\n<p class=\"wp-block-paragraph\">Cabe mencionar que la intervenci\u00f3n en estos terrenos se realiz\u00f3 en cumplimiento a la orden de cateo emitida por el juez, en la que personal de Servicios Periciales y Ciencias Forenses, encabezados por el agente del Ministerio P\u00fablico encontraron 15 fosas y dentro de ellas los indicios ya se\u00f1alados.&nbsp;<\/p>\n\n\n\n<p class=\"wp-block-paragraph\">Estos datos son los que por el momento es posible compartir a la opini\u00f3n p\u00fablica, con el objetivo de no entorpecer las investigaciones y respetar la secrec\u00eda que la ley exige para estos casos. La Fiscal\u00eda del Estado emitir\u00e1 m\u00e1s informaci\u00f3n al respecto s\u00f3lo cuando existan condiciones legales que as\u00ed lo permitan.<\/p>\n\n\n\n<p class=\"wp-block-paragraph\"><\/p>\n<div class=\"fb-background-color\">\n\t\t\t  <div \n\t\t\t  \tclass = \"fb-comments\" \n\t\t\t  \tdata-href = \"https:\/\/diarioavanzada.com.mx\/?p=14640\"\n\t\t\t  \tdata-numposts = \"10\"\n\t\t\t  \tdata-lazy = \"true\"\n\t\t\t\tdata-colorscheme = \"light\"\n\t\t\t\tdata-order-by = \"social\"\n\t\t\t\tdata-mobile=true>\n\t\t\t  <\/div><\/div>\n\t\t  <style>\n\t\t    .fb-background-color {\n\t\t\t\tbackground:  !important;\n\t\t\t}\n\t\t\t.fb_iframe_widget_fluid_desktop iframe {\n\t\t\t    width: 100% !important;\n\t\t\t}\n\t\t  <\/style>\n\t\t  ","protected":false},"excerpt":{"rendered":"<p>Colima, M\u00e9xico, Comunicado (16\/08\/2020).- Al concluir los trabajos de exhumaci\u00f3n y procesamiento del predio r\u00fastico en el que se localizaron fosas clandestinas en Tecom\u00e1n, la Fiscal\u00eda General del Estado (FGE) a trav\u00e9s de la Fiscal\u00eda Especializada en Desaparici\u00f3n de Personas, asegur\u00f3 restos humanos que pudieran corresponder a 31 cuerpos inhumados en el lugar. Sin embargo, [&hellip;]<\/p>\n","protected":false},"author":7,"featured_media":14641,"comment_status":"closed","ping_status":"closed","sticky":false,"template":"","format":"standard","meta":{"_coblocks_attr":"","_coblocks_dimensions":"","_coblocks_responsive_height":"","_coblocks_accordion_ie_support":"","_crdt_document":"","advanced_seo_description":"","jetpack_seo_html_title":"","jetpack_seo_noindex":false,"_jetpack_memberships_contains_paid_content":false,"footnotes":""},"categories":[19],"tags":[210],"class_list":["post-14640","post","type-post","status-publish","format-standard","has-post-thumbnail","hentry","category-colima","tag-portada"],"jetpack_featured_media_url":"https:\/\/diarioavanzada.com.mx\/wp-content\/uploads\/2020\/08\/117318042_924215914749321_6084631165688891982_n.jpg","jetpack-related-posts":[],"jetpack_sharing_enabled":true,"amp_enabled":true,"_links":{"self":[{"href":"https:\/\/diarioavanzada.com.mx\/index.php?rest_route=\/wp\/v2\/posts\/14640","targetHints":{"allow":["GET"]}}],"collection":[{"href":"https:\/\/diarioavanzada.com.mx\/index.php?rest_route=\/wp\/v2\/posts"}],"about":[{"href":"https:\/\/diarioavanzada.com.mx\/index.php?rest_route=\/wp\/v2\/types\/post"}],"author":[{"embeddable":true,"href":"https:\/\/diarioavanzada.com.mx\/index.php?rest_route=\/wp\/v2\/users\/7"}],"replies":[{"embeddable":true,"href":"https:\/\/diarioavanzada.com.mx\/index.php?rest_route=%2Fwp%2Fv2%2Fcomments&post=14640"}],"version-history":[{"count":0,"href":"https:\/\/diarioavanzada.com.mx\/index.php?rest_route=\/wp\/v2\/posts\/14640\/revisions"}],"wp:featuredmedia":[{"embeddable":true,"href":"https:\/\/diarioavanzada.com.mx\/index.php?rest_route=\/wp\/v2\/media\/14641"}],"wp:attachment":[{"href":"https:\/\/diarioavanzada.com.mx\/index.php?rest_route=%2Fwp%2Fv2%2Fmedia&parent=14640"}],"wp:term":[{"taxonomy":"category","embeddable":true,"href":"https:\/\/diarioavanzada.com.mx\/index.php?rest_route=%2Fwp%2Fv2%2Fcategories&post=14640"},{"taxonomy":"post_tag","embeddable":true,"href":"https:\/\/diarioavanzada.com.mx\/index.php?rest_route=%2Fwp%2Fv2%2Ftags&post=14640"}],"curies":[{"name":"wp","href":"https:\/\/api.w.org\/{rel}","templated":true}]}}