{"id":14577,"date":"2020-08-11T12:04:32","date_gmt":"2020-08-11T17:04:32","guid":{"rendered":"https:\/\/diarioavanzada.com.mx\/?p=14577"},"modified":"2020-08-11T12:04:34","modified_gmt":"2020-08-11T17:04:34","slug":"mueren-en-colima-dos-medicos-que-se-contagiaron-de-covid-19-en-su-trabajo","status":"publish","type":"post","link":"https:\/\/diarioavanzada.com.mx\/?p=14577","title":{"rendered":"Mueren en Colima dos m\u00e9dicos que se contagiaron de Covid-19 en su trabajo"},"content":{"rendered":"\n<p class=\"wp-block-paragraph\">Colima, M\u00e9xico, Avanzada (11\/08\/2020).- Desde el pasado mes de marzo hasta la fecha, dos m\u00e9dicos en el estado de Colima fallecieron contagiados por Covid-19 y de acuerdo a la informaci\u00f3n, fueron contagiados mientras realizaban sus actividades profesionales.<\/p>\n\n\n\n<p class=\"wp-block-paragraph\">El m\u00e1s reciente caso se present\u00f3 la semana pasada, cuando el Gobierno del Estado y el IMSS en la entidad, confirmaron el fallecimiento del m\u00e9dico &nbsp;familiar del Instituto Mexicano del Seguro Social&nbsp;en Tecom\u00e1n, e integrante de la Cruz Roja Mexicana, &nbsp;Uriel Aguilar Carrillo.<\/p>\n\n\n\n<p class=\"wp-block-paragraph\">El m\u00e9dico, quien era padre de familia de una ni\u00f1a, atend\u00eda a pacientes enfermos por Covid-19 en el \u00e1rea de urgencias el hospital del IMSS en Tecom\u00e1n, municipio que junto con Manzanillo, Colima y Villa de \u00c1lvarez, encabeza el n\u00famero de enfermos por el virus del SAR-CoV-2.<\/p>\n\n\n\n<p class=\"wp-block-paragraph\">Adem\u00e1s, otro m\u00e9dico particular falleci\u00f3 despu\u00e9s de contagiarse del virus, as\u00ed lo informaron en las redes sociales, varios profesionales de la salud&nbsp; cuando se confirm\u00f3 el fallecimiento del m\u00e9dico Uriel Aguilar.<\/p>\n\n\n\n<p class=\"wp-block-paragraph\">Por su parte, en diversas entrevistas a medios de comunicaci\u00f3n,&nbsp; el presidente del Colegio de M\u00e9dicos&nbsp;en la entidad, Julio C\u00e9sar Naranjo Ch\u00e1vez dijo que hay varios trabajadores de la salud que est\u00e1n contagiados por el Covid-19 en el estado,&nbsp;\u201calgunos est\u00e1n con tratamiento en sus casas, pero otros est\u00e1n en hospitales, algunos delicados y otros muy graves\u201d, se\u00f1al\u00f3.<\/p>\n\n\n\n<p class=\"wp-block-paragraph\">El pasado 14 de julio, medios nacionales informaron que M\u00e9xico era el quinto pa\u00eds en el mundo, con m\u00e1s muertes de personal m\u00e9dico.<\/p>\n<div class=\"fb-background-color\">\n\t\t\t  <div \n\t\t\t  \tclass = \"fb-comments\" \n\t\t\t  \tdata-href = \"https:\/\/diarioavanzada.com.mx\/?p=14577\"\n\t\t\t  \tdata-numposts = \"10\"\n\t\t\t  \tdata-lazy = \"true\"\n\t\t\t\tdata-colorscheme = \"light\"\n\t\t\t\tdata-order-by = \"social\"\n\t\t\t\tdata-mobile=true>\n\t\t\t  <\/div><\/div>\n\t\t  <style>\n\t\t    .fb-background-color {\n\t\t\t\tbackground:  !important;\n\t\t\t}\n\t\t\t.fb_iframe_widget_fluid_desktop iframe {\n\t\t\t    width: 100% !important;\n\t\t\t}\n\t\t  <\/style>\n\t\t  ","protected":false},"excerpt":{"rendered":"<p>Colima, M\u00e9xico, Avanzada (11\/08\/2020).- Desde el pasado mes de marzo hasta la fecha, dos m\u00e9dicos en el estado de Colima fallecieron contagiados por Covid-19 y de acuerdo a la informaci\u00f3n, fueron contagiados mientras realizaban sus actividades profesionales. El m\u00e1s reciente caso se present\u00f3 la semana pasada, cuando el Gobierno del Estado y el IMSS en [&hellip;]<\/p>\n","protected":false},"author":5,"featured_media":14578,"comment_status":"closed","ping_status":"closed","sticky":false,"template":"","format":"standard","meta":{"_coblocks_attr":"","_coblocks_dimensions":"","_coblocks_responsive_height":"","_coblocks_accordion_ie_support":"","advanced_seo_description":"","jetpack_seo_html_title":"","jetpack_seo_noindex":false,"jetpack_seo_schema_type":"","_jetpack_newsletter_access":"","_jetpack_dont_email_post_to_subs":false,"_jetpack_newsletter_tier_id":0,"_jetpack_memberships_contains_paywalled_content":false,"_wpcom_ai_launchpad_first_post":false,"_jetpack_feature_clip_id":0,"_jetpack_memberships_contains_paid_content":false,"footnotes":"","jetpack_post_was_ever_published":false},"categories":[19],"tags":[300,210,218],"class_list":["post-14577","post","type-post","status-publish","format-standard","has-post-thumbnail","hentry","category-colima","tag-covid-19","tag-portada","tag-salud"],"jetpack-related-posts":[],"jetpack_sharing_enabled":true,"amp_enabled":true,"jetpack_featured_media_url":"https:\/\/diarioavanzada.com.mx\/wp-content\/uploads\/2020\/08\/116723907_3336584246434731_5176180044685682481_n.jpg","_links":{"self":[{"href":"https:\/\/diarioavanzada.com.mx\/index.php?rest_route=\/wp\/v2\/posts\/14577","targetHints":{"allow":["GET"]}}],"collection":[{"href":"https:\/\/diarioavanzada.com.mx\/index.php?rest_route=\/wp\/v2\/posts"}],"about":[{"href":"https:\/\/diarioavanzada.com.mx\/index.php?rest_route=\/wp\/v2\/types\/post"}],"author":[{"embeddable":true,"href":"https:\/\/diarioavanzada.com.mx\/index.php?rest_route=\/wp\/v2\/users\/5"}],"replies":[{"embeddable":true,"href":"https:\/\/diarioavanzada.com.mx\/index.php?rest_route=%2Fwp%2Fv2%2Fcomments&post=14577"}],"version-history":[{"count":0,"href":"https:\/\/diarioavanzada.com.mx\/index.php?rest_route=\/wp\/v2\/posts\/14577\/revisions"}],"wp:featuredmedia":[{"embeddable":true,"href":"https:\/\/diarioavanzada.com.mx\/index.php?rest_route=\/wp\/v2\/media\/14578"}],"wp:attachment":[{"href":"https:\/\/diarioavanzada.com.mx\/index.php?rest_route=%2Fwp%2Fv2%2Fmedia&parent=14577"}],"wp:term":[{"taxonomy":"category","embeddable":true,"href":"https:\/\/diarioavanzada.com.mx\/index.php?rest_route=%2Fwp%2Fv2%2Fcategories&post=14577"},{"taxonomy":"post_tag","embeddable":true,"href":"https:\/\/diarioavanzada.com.mx\/index.php?rest_route=%2Fwp%2Fv2%2Ftags&post=14577"}],"curies":[{"name":"wp","href":"https:\/\/api.w.org\/{rel}","templated":true}]}}