{"id":14543,"date":"2020-08-10T08:29:59","date_gmt":"2020-08-10T13:29:59","guid":{"rendered":"https:\/\/diarioavanzada.com.mx\/?p=14543"},"modified":"2020-08-10T08:30:02","modified_gmt":"2020-08-10T13:30:02","slug":"locho-y-felipe-compran-lamparas-led-a-sobreprecio","status":"publish","type":"post","link":"https:\/\/diarioavanzada.com.mx\/?p=14543","title":{"rendered":"Locho y Felipe compran l\u00e1mparas LED a sobreprecio"},"content":{"rendered":"\n<p class=\"wp-block-paragraph\">Colima, M\u00e9xico, Avanzada (10\/08\/2020).- En los \u00faltimos a\u00f1os, los ayuntamientos en Colima le apuestan a las l\u00e1mparas con tecnolog\u00eda LED para sustituir a las bombillas tradicionales y con ello, disminuir los costos de la energ\u00eda el\u00e9ctrica.<\/p>\n\n\n\n<p class=\"wp-block-paragraph\">Sin embargo, a pesar de que pr\u00e1cticamente las l\u00e1mparas tendr\u00e1n las mismas funciones, los costos entre un municipio y otro tienen variaciones considerables que impactan en las arcas municipales, adem\u00e1s, de los beneficios para la poblaci\u00f3n.<\/p>\n\n\n\n<p class=\"wp-block-paragraph\">En este caso, en diciembre de 2019, el alcalde del Ayuntamiento de Colima, Leoncio Mor\u00e1n S\u00e1nchez anunci\u00f3 la sustituci\u00f3n de 17 mil 873 l\u00e1mparas de alumbrado p\u00fablico por luminarias con tecnolog\u00eda LED con un costo de 88 millones de pesos.<\/p>\n\n\n\n<p class=\"wp-block-paragraph\">En ese anuncio, Mor\u00e1n S\u00e1nchez afirm\u00f3 que el costo total lo asumir\u00eda el municipio con recursos propios y al t\u00e9rmino de su gobierno \u2013 en octubre de 2021- estar\u00edan cubiertos los 88 millones de pesos.<\/p>\n\n\n\n<p class=\"wp-block-paragraph\">No obstante, la semana pasada, en el municipio de Manzanillo, la presidenta municipal, Griselda Mart\u00ednez Mart\u00ednez expres\u00f3 que iniciar\u00e1 la instalaci\u00f3n de 7 mil luminarias con tecnolog\u00eda LED con un costo de 24 millones de pesos.<\/p>\n\n\n\n<p class=\"wp-block-paragraph\">Con el presupuesto que se manej\u00f3 en Manzanillo para la adquisici\u00f3n de luminarias LED, si cambiara las 17 mil del municipio de Colima, la inversi\u00f3n ser\u00eda de aproximadamente 72 millones de pesos, casi 16 millones de pesos menos, que el proyecto de la capital colimense. &nbsp;<\/p>\n\n\n\n<p class=\"wp-block-paragraph\">De igual forma, la alcaldesa de Manzanillo anunci\u00f3 que la instalaci\u00f3n de este tipo de luminaria permitir\u00e1 que el municipio tenga ahorros en el costo de la energ\u00eda el\u00e9ctrica que se paga a la CFE, y por lo tanto, su administraci\u00f3n eliminar\u00e1, -para los habitantes del puerto-, el cobro de Derecho de Alumbrado P\u00fablico (DAP) que actualmente pagan todos los colimenses a pesar de que es inconstitucional.<\/p>\n\n\n\n<p class=\"wp-block-paragraph\">De acuerdo a la informaci\u00f3n, las l\u00e1mparas LED permiten el ahorro de un 80 por ciento de energ\u00eda el\u00e9ctrica, menos costos de mantenimiento y de emisi\u00f3n de di\u00f3xido de carbono a la atm\u00f3sfera.<\/p>\n<div class=\"fb-background-color\">\n\t\t\t  <div \n\t\t\t  \tclass = \"fb-comments\" \n\t\t\t  \tdata-href = \"https:\/\/diarioavanzada.com.mx\/?p=14543\"\n\t\t\t  \tdata-numposts = \"10\"\n\t\t\t  \tdata-lazy = \"true\"\n\t\t\t\tdata-colorscheme = \"light\"\n\t\t\t\tdata-order-by = \"social\"\n\t\t\t\tdata-mobile=true>\n\t\t\t  <\/div><\/div>\n\t\t  <style>\n\t\t    .fb-background-color {\n\t\t\t\tbackground:  !important;\n\t\t\t}\n\t\t\t.fb_iframe_widget_fluid_desktop iframe {\n\t\t\t    width: 100% !important;\n\t\t\t}\n\t\t  <\/style>\n\t\t  ","protected":false},"excerpt":{"rendered":"<p>Colima, M\u00e9xico, Avanzada (10\/08\/2020).- En los \u00faltimos a\u00f1os, los ayuntamientos en Colima le apuestan a las l\u00e1mparas con tecnolog\u00eda LED para sustituir a las bombillas tradicionales y con ello, disminuir los costos de la energ\u00eda el\u00e9ctrica. Sin embargo, a pesar de que pr\u00e1cticamente las l\u00e1mparas tendr\u00e1n las mismas funciones, los costos entre un municipio y [&hellip;]<\/p>\n","protected":false},"author":5,"featured_media":14544,"comment_status":"closed","ping_status":"closed","sticky":false,"template":"","format":"standard","meta":{"_coblocks_attr":"","_coblocks_dimensions":"","_coblocks_responsive_height":"","_coblocks_accordion_ie_support":"","_crdt_document":"","advanced_seo_description":"","jetpack_seo_html_title":"","jetpack_seo_noindex":false,"_jetpack_memberships_contains_paid_content":false,"footnotes":""},"categories":[19],"tags":[210],"class_list":["post-14543","post","type-post","status-publish","format-standard","has-post-thumbnail","hentry","category-colima","tag-portada"],"jetpack_featured_media_url":"https:\/\/diarioavanzada.com.mx\/wp-content\/uploads\/2020\/08\/116874416_1012470595872908_6561497719241619491_n.jpg","jetpack-related-posts":[],"jetpack_sharing_enabled":true,"amp_enabled":true,"_links":{"self":[{"href":"https:\/\/diarioavanzada.com.mx\/index.php?rest_route=\/wp\/v2\/posts\/14543","targetHints":{"allow":["GET"]}}],"collection":[{"href":"https:\/\/diarioavanzada.com.mx\/index.php?rest_route=\/wp\/v2\/posts"}],"about":[{"href":"https:\/\/diarioavanzada.com.mx\/index.php?rest_route=\/wp\/v2\/types\/post"}],"author":[{"embeddable":true,"href":"https:\/\/diarioavanzada.com.mx\/index.php?rest_route=\/wp\/v2\/users\/5"}],"replies":[{"embeddable":true,"href":"https:\/\/diarioavanzada.com.mx\/index.php?rest_route=%2Fwp%2Fv2%2Fcomments&post=14543"}],"version-history":[{"count":0,"href":"https:\/\/diarioavanzada.com.mx\/index.php?rest_route=\/wp\/v2\/posts\/14543\/revisions"}],"wp:featuredmedia":[{"embeddable":true,"href":"https:\/\/diarioavanzada.com.mx\/index.php?rest_route=\/wp\/v2\/media\/14544"}],"wp:attachment":[{"href":"https:\/\/diarioavanzada.com.mx\/index.php?rest_route=%2Fwp%2Fv2%2Fmedia&parent=14543"}],"wp:term":[{"taxonomy":"category","embeddable":true,"href":"https:\/\/diarioavanzada.com.mx\/index.php?rest_route=%2Fwp%2Fv2%2Fcategories&post=14543"},{"taxonomy":"post_tag","embeddable":true,"href":"https:\/\/diarioavanzada.com.mx\/index.php?rest_route=%2Fwp%2Fv2%2Ftags&post=14543"}],"curies":[{"name":"wp","href":"https:\/\/api.w.org\/{rel}","templated":true}]}}