{"id":14417,"date":"2020-08-05T07:50:37","date_gmt":"2020-08-05T12:50:37","guid":{"rendered":"https:\/\/diarioavanzada.com.mx\/?p=14417"},"modified":"2020-08-05T07:50:39","modified_gmt":"2020-08-05T12:50:39","slug":"el-sonido-y-la-furia-bla-bla-bla","status":"publish","type":"post","link":"https:\/\/diarioavanzada.com.mx\/?p=14417","title":{"rendered":"El sonido y la furia: bla, bla, bla\u2026"},"content":{"rendered":"\n<p class=\"wp-block-paragraph\">Cuando le\u00ed <em>El sonido y la furia<\/em> de William Faulkner no comprend\u00eda ni una palabra, no entend\u00eda nada. La culpa la tuvo el traductor. Yo confiado trataba de darle sentido al t\u00edtulo que se hab\u00eda traducido literalmente. Debi\u00f3 traducirse, a algo parecido a, hablar por hablar o un bla, bla, bla. Yo ca\u00ed v\u00edctima de sus imprecisiones. Desde entonces los t\u00edtulos de los libros y las pel\u00edculas los tomo con reservas.<\/p>\n\n\n\n<p class=\"wp-block-paragraph\">La oposici\u00f3n en M\u00e9xico est\u00e1 extraviada, ya ni siquiera tiene ret\u00f3rica, las ideas y las propuestas pol\u00edticas, hace mucho tiempo que los abandonaron, por ello, a continuaci\u00f3n les presento un&nbsp; protocolo para entenderla.<\/p>\n\n\n\n<p class=\"wp-block-paragraph\"><strong><em>Fase I. La negaci\u00f3n<\/em><\/strong><\/p>\n\n\n\n<p class=\"wp-block-paragraph\">La oposici\u00f3n, en los primeros meses del actual gobierno, entr\u00f3 en un proceso de negaci\u00f3n. Estaban todos tranquilos diciendo que no pasaba nada. El presidente Amlo har\u00eda lo que hacen todos los presidentes, afirmaban serenamente. Abandonar\u00eda su discurso de campa\u00f1a y empezar\u00eda a aplicar medidas \u201crealistas\u201d, vaticinaban alegremente. Aclarar\u00eda que una cosa es la campa\u00f1a y otra muy diferente la realidad, pontificaban. S\u00ed, continuar\u00e1 con los gasolinazos, profetizaban; la mal llamada Reforma Educativa continuar\u00e1, porque as\u00ed lo demanda la naci\u00f3n; aplicar\u00e1 nuevos impuestos porque la recaudaci\u00f3n fiscal es muy baja y; en cuanto a la corrupci\u00f3n, har\u00e1 los mismo de siempre, tomar\u00e1 preso a un pez gordo, al azar, digamos, a Luis Videgaray, lo meter\u00e1 a la c\u00e1rcel y todo seguir\u00eda igual, conclu\u00edan muy seguros de sus dichos.&nbsp;<\/p>\n\n\n\n<p class=\"wp-block-paragraph\">La oposici\u00f3n en tono indulgente y condescendiente les dec\u00eda, a los pobres chairos, que lo entendieran porque as\u00ed es la pol\u00edtica real. Los rom\u00e1nticos no existen, murieron en siglo XIX, conclu\u00edan.<\/p>\n\n\n\n<p class=\"wp-block-paragraph\">La oposici\u00f3n estaba esperado esto pero no pas\u00f3.<\/p>\n\n\n\n<p class=\"wp-block-paragraph\">La oposici\u00f3n estaba en su fase de negaci\u00f3n.<\/p>\n\n\n\n<p class=\"wp-block-paragraph\"><strong><em>Fase II. La frustraci\u00f3n<\/em><\/strong><\/p>\n\n\n\n<p class=\"wp-block-paragraph\">La oposici\u00f3n se fue con todo contra los adultos mayores y los ninis. \u00bfC\u00f3mo es posible que a la gente que no produce le den dinero? Es un desperdicio darles dinero a los viejos que no sirven para nada y, mucho mayor es el pecado, cuando se trata de ninis que son unos buenos para nada, adem\u00e1s, los quieren poner a estudiar d\u00e1ndoles becas. Eso es inadmisible, explotaban.<\/p>\n\n\n\n<p class=\"wp-block-paragraph\">S\u00ed, el gobierno les estaba dando dinero a los viejos y a la bola de chairos que votaron por el cambio, que votaron por Morena. Bola de incultos, indios prietos y patas rajadas. Esos son los culpables de que el gobierno decretara la austeridad y la eliminaci\u00f3n de los salarios alt\u00edsimos. Poner fin a la clase dorado de bur\u00f3cratas, que osad\u00eda. La eliminaci\u00f3n de fideicomisos, como el de turismo, nos va a llevar a la cat\u00e1strofe econ\u00f3mica, presagiaban.<\/p>\n\n\n\n<p class=\"wp-block-paragraph\">La separaci\u00f3n del poder econ\u00f3mico del pol\u00edtico va y los fif\u00eds desplazados del poder encuentran en los indios, en los prietos y marginales a sus verdugos. Esos son los culpables: los chairos pueriles. Ven la vuelta al poder como algo imposible. Les est\u00e1n robando a M\u00e9xico. \u201cAnlo devulvenos a nuestros pa\u00eds, deja en paz a M\u00e9xico\u201d, gritan desaforadamente. Es su frustraci\u00f3n plena.<\/p>\n\n\n\n<p class=\"wp-block-paragraph\">Hicieron del insulto racista y clasista su mejor instrumento para expresar su frustraci\u00f3n del poder perdido ante unos indios, prietos, sucios y pobres.&nbsp;<\/p>\n\n\n\n<p class=\"wp-block-paragraph\">Niegan o afirman, seg\u00fan el nivel de histeria circunstancial, por ejemplo, Sergio Sarmiento tuite\u00f3: \u201cDetienen a \u201cEl Marro\u201d (sic), jefe del cartel de Santa Rosa de Lima de Guanajuato. Bien\u2026\/Pero, \u00bfno hab\u00edan dicho que ya no iban detr\u00e1s de los capos?<\/p>\n\n\n\n<p class=\"wp-block-paragraph\">Su histeria parece no tener l\u00edmites. Pues nada les embona.<\/p>\n\n\n\n<p class=\"wp-block-paragraph\"><strong><em>Fase III. La negaci\u00f3n<\/em><\/strong><\/p>\n\n\n\n<p class=\"wp-block-paragraph\">Todos los capitales se van a ir del pa\u00eds porque no se est\u00e1 respetando el estado de derecho, el gobierno de los Estados Unidos nos va a vetar como pa\u00eds confiable. La inversi\u00f3n se va caer, las remesas se esfumar\u00e1n y la seguridad nos llevar\u00e1 al colapso.<\/p>\n\n\n\n<p class=\"wp-block-paragraph\">Nada de eso pas\u00f3. La inversi\u00f3n extranjera, a pesar de la pandemia, ha venido creciendo, se firm\u00f3 el T-MEC (Tratado de Libre Comercio con los Estados Unidos y Canad\u00e1), y las remesas han venido creciendo consistentemente. Y la seguridad ha venido mejorando, cuanto los gobernadores panistas se hacen a un lado dejan operar a las fuerzas federales. Como sucedi\u00f3 recientemente en Guanajuato.<\/p>\n\n\n\n<p class=\"wp-block-paragraph\">Niegan conocer todo lo malo de su periodo de gobierno. Calder\u00f3n niega conocer a Garc\u00eda Luna y el PAN&nbsp; a trav\u00e9s de Marko Cort\u00e9s niega la militancia de ambos en el PAN, dijo textualmente en un tuit: \u201cFelipe Calder\u00f3n hace a\u00f1os que no es panista y Genaro Garc\u00eda Luna nunca fue militante, cualquier delito cometido es totalmente ajeno a nuestra instituci\u00f3n que es mucho m\u00e1s que dos o tres personajes.\u201d A ese ritmo terminar\u00e1n neg\u00e1ndose a s\u00ed mismos. Dir\u00e1n: \u201cEl PAN niega que exista el PAN.<\/p>\n\n\n\n<p class=\"wp-block-paragraph\"><strong><em>Fase IV. La depresi\u00f3n<\/em><\/strong><\/p>\n\n\n\n<p class=\"wp-block-paragraph\">La oposici\u00f3n dice muchas cosas encontradas, sin sentido. Apoya la corrupci\u00f3n y est\u00e1 exigiendo un Ingreso B\u00e1sico Universal, cuando su historial como gobierno ha sido incapaz de votar una sola iniciativa con car\u00e1cter social, han hecho todo lo contrario, ah\u00ed est\u00e1 el outsourcing como ejemplo. En los estados donde gobiernan no han instrumentado un proyecto similar que refleje su sentido de la propuesta. La verdad es que su discurso est\u00e1 extraviado, perdido entre incoherencias, estupideces y sin sentidos que lo ha hecho caer en un humorismo involuntario que mi amigo Alberto Barreto lo llam\u00f3&nbsp; el humor de \u201clos comediantes grises\u201d.<\/p>\n\n\n\n<p class=\"wp-block-paragraph\">Pasan de la comedia a la tragedia sin percibir d\u00f3nde est\u00e1n. Hoy dicen una cosa y ma\u00f1ana ellos mismos se contradecir\u00e1n \u2013sin notarlo-. Se perciben tristes, melanc\u00f3licos. Piden una nueva oportunidad un d\u00eda (panistas sonorenses)&nbsp; y al otro llaman a un golpe de estado, en reuniones p\u00fablicas \u2013en las redes-, como lo hizo Felipe Calder\u00f3n.<\/p>\n\n\n\n<p class=\"wp-block-paragraph\">Traen una crisis existencial horrible. Es su depresi\u00f3n que los ha llevado a realizar caravanas de autos lujosos, donde desde su imaginario, piden la renuncia del presidente sencillamente porque su histeria se los aconseja.<\/p>\n\n\n\n<p class=\"wp-block-paragraph\">Es tal su depresi\u00f3n que hasta columnistas como Pablo Hiriart anunci\u00f3, en forma elegante y eufem\u00edstica, que se va de M\u00e9xico \u201cLes comento que a partir de ma\u00f1ana tomar\u00e9 vacaciones, y en pocas semanas me incorporo como corresponsal de El Financiero en Estados Unidos para la cobertura y an\u00e1lisis del proceso electoral en ese pa\u00eds.\u201d Escribi\u00f3 el 3 de agosto de 2020.<\/p>\n\n\n\n<p class=\"wp-block-paragraph\"><strong><em>Fase V. La aceptaci\u00f3n&nbsp;<\/em><\/strong><\/p>\n\n\n\n<p class=\"wp-block-paragraph\">Aqu\u00ed todav\u00eda no llegan ni llegar\u00e1n. Estimo que no llegar\u00e1n pues la Fiscal\u00eda General de la Rep\u00fablica y los electores en julio de 2021 los tienen en la mira.<\/p>\n\n\n\n<p class=\"wp-block-paragraph\"><strong><em>Colof\u00f3n<\/em><\/strong><\/p>\n\n\n\n<p class=\"wp-block-paragraph\">La para entender a la oposici\u00f3n es conveniente mirar su discurso como un bla, bla, bla, sin sentido, dicho por tipos enajenados. Dice Augusto Monterroso en su libro La palabra m\u00e1gica: \u201cPor ahora yo s\u00f3lo me atrevo a proponer a ustedes que vean en su&nbsp;<em>Concise Oxford Dictionary<\/em>&nbsp;lo que \u201c<em>sound and fury\u201d<\/em>&nbsp;quiere decir en el texto de Shakespeare: \u00fanicamente \u201cbla, bla, bla\u201d. Como El sonido&nbsp; y la furia de William Faulkner es un bla, bla, bla&#8230;&nbsp;<\/p>\n\n\n\n<p class=\"wp-block-paragraph\">Observen su discurso, ni los m\u00e1s preclaros representantes de la oposici\u00f3n son capaces de articular un discurso coherente y racional y, por ende, realista. Son el sonido y la furia son: bla, bla, bla\u2026ni siquiera su discurso es ret\u00f3rico.<\/p>\n\n\n\n<p class=\"wp-block-paragraph\">La oposici\u00f3n anda extraviada, muy extraviada.<\/p>\n\n\n\n<p class=\"wp-block-paragraph\"><\/p>\n<div class=\"fb-background-color\">\n\t\t\t  <div \n\t\t\t  \tclass = \"fb-comments\" \n\t\t\t  \tdata-href = \"https:\/\/diarioavanzada.com.mx\/?p=14417\"\n\t\t\t  \tdata-numposts = \"10\"\n\t\t\t  \tdata-lazy = \"true\"\n\t\t\t\tdata-colorscheme = \"light\"\n\t\t\t\tdata-order-by = \"social\"\n\t\t\t\tdata-mobile=true>\n\t\t\t  <\/div><\/div>\n\t\t  <style>\n\t\t    .fb-background-color {\n\t\t\t\tbackground:  !important;\n\t\t\t}\n\t\t\t.fb_iframe_widget_fluid_desktop iframe {\n\t\t\t    width: 100% !important;\n\t\t\t}\n\t\t  <\/style>\n\t\t  ","protected":false},"excerpt":{"rendered":"<p>Cuando le\u00ed El sonido y la furia de William Faulkner no comprend\u00eda ni una palabra, no entend\u00eda nada. La culpa la tuvo el traductor. Yo confiado trataba de darle sentido al t\u00edtulo que se hab\u00eda traducido literalmente. Debi\u00f3 traducirse, a algo parecido a, hablar por hablar o un bla, bla, bla. Yo ca\u00ed v\u00edctima de [&hellip;]<\/p>\n","protected":false},"author":9,"featured_media":14418,"comment_status":"closed","ping_status":"closed","sticky":false,"template":"","format":"standard","meta":{"_coblocks_attr":"","_coblocks_dimensions":"","_coblocks_responsive_height":"","_coblocks_accordion_ie_support":"","advanced_seo_description":"","jetpack_seo_html_title":"","jetpack_seo_noindex":false,"jetpack_seo_schema_type":"","_jetpack_newsletter_access":"","_jetpack_dont_email_post_to_subs":false,"_jetpack_newsletter_tier_id":0,"_jetpack_memberships_contains_paywalled_content":false,"_wpcom_ai_launchpad_first_post":false,"_jetpack_feature_clip_id":0,"_jetpack_memberships_contains_paid_content":false,"footnotes":"","jetpack_post_was_ever_published":false},"categories":[19,24],"tags":[210],"class_list":["post-14417","post","type-post","status-publish","format-standard","has-post-thumbnail","hentry","category-colima","category-opinion","tag-portada"],"jetpack-related-posts":[],"jetpack_sharing_enabled":true,"amp_enabled":true,"jetpack_featured_media_url":"https:\/\/diarioavanzada.com.mx\/wp-content\/uploads\/2020\/08\/116719154_288563969225561_6450272203603484051_o.jpg","_links":{"self":[{"href":"https:\/\/diarioavanzada.com.mx\/index.php?rest_route=\/wp\/v2\/posts\/14417","targetHints":{"allow":["GET"]}}],"collection":[{"href":"https:\/\/diarioavanzada.com.mx\/index.php?rest_route=\/wp\/v2\/posts"}],"about":[{"href":"https:\/\/diarioavanzada.com.mx\/index.php?rest_route=\/wp\/v2\/types\/post"}],"author":[{"embeddable":true,"href":"https:\/\/diarioavanzada.com.mx\/index.php?rest_route=\/wp\/v2\/users\/9"}],"replies":[{"embeddable":true,"href":"https:\/\/diarioavanzada.com.mx\/index.php?rest_route=%2Fwp%2Fv2%2Fcomments&post=14417"}],"version-history":[{"count":0,"href":"https:\/\/diarioavanzada.com.mx\/index.php?rest_route=\/wp\/v2\/posts\/14417\/revisions"}],"wp:featuredmedia":[{"embeddable":true,"href":"https:\/\/diarioavanzada.com.mx\/index.php?rest_route=\/wp\/v2\/media\/14418"}],"wp:attachment":[{"href":"https:\/\/diarioavanzada.com.mx\/index.php?rest_route=%2Fwp%2Fv2%2Fmedia&parent=14417"}],"wp:term":[{"taxonomy":"category","embeddable":true,"href":"https:\/\/diarioavanzada.com.mx\/index.php?rest_route=%2Fwp%2Fv2%2Fcategories&post=14417"},{"taxonomy":"post_tag","embeddable":true,"href":"https:\/\/diarioavanzada.com.mx\/index.php?rest_route=%2Fwp%2Fv2%2Ftags&post=14417"}],"curies":[{"name":"wp","href":"https:\/\/api.w.org\/{rel}","templated":true}]}}