{"id":14404,"date":"2020-08-04T11:51:22","date_gmt":"2020-08-04T16:51:22","guid":{"rendered":"https:\/\/diarioavanzada.com.mx\/?p=14404"},"modified":"2020-08-04T11:54:08","modified_gmt":"2020-08-04T16:54:08","slug":"murieron-58-personas-por-covid-19-en-10-dias-en-colima","status":"publish","type":"post","link":"https:\/\/diarioavanzada.com.mx\/?p=14404","title":{"rendered":"Murieron 58 personas por Covid-19 en Colima en los \u00faltimos 10 d\u00edas"},"content":{"rendered":"\n<p class=\"wp-block-paragraph\">Colima, M\u00e9xico, Avanzada (04\/08\/2020).- En los \u00faltimos 10 d\u00edas, en la entidad han fallecido 58 personas por Covid-19 y 533 han resultado positivas al virus, lo que equivale a una tasa de letalidad de 10.8<\/p>\n\n\n\n<p class=\"wp-block-paragraph\">Lo anterior significa que de cada 100 personas contagiadas, &nbsp;10 pierden la vida, seg\u00fan los datos que en las \u00faltimas dos semanas ha proporcionado la secretar\u00eda de Salud estatal sobre el n\u00famero de personas contagiadas y el n\u00famero de defunciones.<\/p>\n\n\n\n<p class=\"wp-block-paragraph\">La cifra&nbsp; de muertos en el estado en las \u00faltimas dos semanas, supera al n\u00famero de suicidios que en el 2018 registr\u00f3 el estado, seg\u00fan el INEGI, y que llev\u00f3 a la entidad a ocupar una de las 10 tasas por cada 100 mil habitantes m\u00e1s altas del pa\u00eds.<\/p>\n\n\n\n<p class=\"wp-block-paragraph\">Ayer, la subsecretaria de Epidemiolog\u00eda de la Secretar\u00eda de Salud, Diana Carrasco Alc\u00e1ntara enfatiz\u00f3 que en la fase tres de la pandemia, el n\u00famero de casos de Covid-19 aumenta de forma exponencial, pero tambi\u00e9n el n\u00famero de fallecidos.<\/p>\n\n\n\n<p class=\"wp-block-paragraph\">En los \u00faltimos 10 d\u00edas han perdido la vida por Covid-19,&nbsp; 26 mujeres, la mayor\u00eda entre los 30 y 65 a\u00f1os de edad, de acuerdo a los reportes de la secretar\u00eda de Salud&nbsp;y 32 hombres.<\/p>\n\n\n\n<p class=\"wp-block-paragraph\">En contraste, en estos 10 d\u00edas se reportaron 533 nuevos casos&nbsp; de Covid-19 en el territorio estatal, mismos que se encuentran activos, adem\u00e1s de los 99 casos que est\u00e1n&nbsp; esperando un resultado positivo o negativo al virus SARs-CoV-2.<\/p>\n\n\n\n<p class=\"wp-block-paragraph\">De igual forma, la secretar\u00eda de Salud en Colima inform\u00f3 que la tasa de positividad al virus en el estado es de 63 por ciento, es decir, 6 de cada 10 personas a las que se les hace la prueba son positivas; no obstante, en el municipio de Tecom\u00e1n, Ixtlahuac\u00e1n y Coquimatl\u00e1n es de 75 por ciento.<\/p>\n\n\n\n<p class=\"wp-block-paragraph\"><\/p>\n<div class=\"fb-background-color\">\n\t\t\t  <div \n\t\t\t  \tclass = \"fb-comments\" \n\t\t\t  \tdata-href = \"https:\/\/diarioavanzada.com.mx\/?p=14404\"\n\t\t\t  \tdata-numposts = \"10\"\n\t\t\t  \tdata-lazy = \"true\"\n\t\t\t\tdata-colorscheme = \"light\"\n\t\t\t\tdata-order-by = \"social\"\n\t\t\t\tdata-mobile=true>\n\t\t\t  <\/div><\/div>\n\t\t  <style>\n\t\t    .fb-background-color {\n\t\t\t\tbackground:  !important;\n\t\t\t}\n\t\t\t.fb_iframe_widget_fluid_desktop iframe {\n\t\t\t    width: 100% !important;\n\t\t\t}\n\t\t  <\/style>\n\t\t  ","protected":false},"excerpt":{"rendered":"<p>Colima, M\u00e9xico, Avanzada (04\/08\/2020).- En los \u00faltimos 10 d\u00edas, en la entidad han fallecido 58 personas por Covid-19 y 533 han resultado positivas al virus, lo que equivale a una tasa de letalidad de 10.8 Lo anterior significa que de cada 100 personas contagiadas, &nbsp;10 pierden la vida, seg\u00fan los datos que en las \u00faltimas [&hellip;]<\/p>\n","protected":false},"author":5,"featured_media":14405,"comment_status":"closed","ping_status":"closed","sticky":false,"template":"","format":"standard","meta":{"_coblocks_attr":"","_coblocks_dimensions":"","_coblocks_responsive_height":"","_coblocks_accordion_ie_support":"","advanced_seo_description":"","jetpack_seo_html_title":"","jetpack_seo_noindex":false,"jetpack_seo_schema_type":"","_jetpack_newsletter_access":"","_jetpack_dont_email_post_to_subs":false,"_jetpack_newsletter_tier_id":0,"_jetpack_memberships_contains_paywalled_content":false,"_wpcom_ai_launchpad_first_post":false,"_jetpack_feature_clip_id":0,"_jetpack_memberships_contains_paid_content":false,"footnotes":"","jetpack_post_was_ever_published":false},"categories":[19,27],"tags":[300,210],"class_list":["post-14404","post","type-post","status-publish","format-standard","has-post-thumbnail","hentry","category-colima","category-salud","tag-covid-19","tag-portada"],"jetpack-related-posts":[],"jetpack_sharing_enabled":true,"amp_enabled":true,"jetpack_featured_media_url":"https:\/\/diarioavanzada.com.mx\/wp-content\/uploads\/2020\/08\/117170204_3157644900993341_6536797145205768161_o.jpg","_links":{"self":[{"href":"https:\/\/diarioavanzada.com.mx\/index.php?rest_route=\/wp\/v2\/posts\/14404","targetHints":{"allow":["GET"]}}],"collection":[{"href":"https:\/\/diarioavanzada.com.mx\/index.php?rest_route=\/wp\/v2\/posts"}],"about":[{"href":"https:\/\/diarioavanzada.com.mx\/index.php?rest_route=\/wp\/v2\/types\/post"}],"author":[{"embeddable":true,"href":"https:\/\/diarioavanzada.com.mx\/index.php?rest_route=\/wp\/v2\/users\/5"}],"replies":[{"embeddable":true,"href":"https:\/\/diarioavanzada.com.mx\/index.php?rest_route=%2Fwp%2Fv2%2Fcomments&post=14404"}],"version-history":[{"count":0,"href":"https:\/\/diarioavanzada.com.mx\/index.php?rest_route=\/wp\/v2\/posts\/14404\/revisions"}],"wp:featuredmedia":[{"embeddable":true,"href":"https:\/\/diarioavanzada.com.mx\/index.php?rest_route=\/wp\/v2\/media\/14405"}],"wp:attachment":[{"href":"https:\/\/diarioavanzada.com.mx\/index.php?rest_route=%2Fwp%2Fv2%2Fmedia&parent=14404"}],"wp:term":[{"taxonomy":"category","embeddable":true,"href":"https:\/\/diarioavanzada.com.mx\/index.php?rest_route=%2Fwp%2Fv2%2Fcategories&post=14404"},{"taxonomy":"post_tag","embeddable":true,"href":"https:\/\/diarioavanzada.com.mx\/index.php?rest_route=%2Fwp%2Fv2%2Ftags&post=14404"}],"curies":[{"name":"wp","href":"https:\/\/api.w.org\/{rel}","templated":true}]}}