{"id":14321,"date":"2020-07-30T08:28:31","date_gmt":"2020-07-30T13:28:31","guid":{"rendered":"https:\/\/diarioavanzada.com.mx\/?p=14321"},"modified":"2020-07-30T08:30:06","modified_gmt":"2020-07-30T13:30:06","slug":"en-colima-solo-hay-257-camas-para-atender-pacientes-por-covid-19-y-149-ventiladores","status":"publish","type":"post","link":"https:\/\/diarioavanzada.com.mx\/?p=14321","title":{"rendered":"En Colima s\u00f3lo hay 257 camas para atender a pacientes con Covid-19 y 149 ventiladores"},"content":{"rendered":"\n<p class=\"wp-block-paragraph\">Colima, M\u00e9xico, Avanzada (30\/07\/2020).- En el estado de Colima, el sector salud &nbsp;(Hospital Regional, IMSS e ISSSTE) cuenta con s\u00f3lo 257&nbsp;camas&nbsp;para atender a los enfermos por Covid-19 y s\u00f3lo 149 ventiladores.<\/p>\n\n\n\n<p class=\"wp-block-paragraph\">En contraste, entre el 24 y 28 de julio se detectaron 375 casos positivos al Covid-19, &nbsp;de los cuales, 84 requirieron hospitalizaci\u00f3n.<\/p>\n\n\n\n<p class=\"wp-block-paragraph\">Desde esta semana, la secretaria de Salud en la entidad, Leticia Delgado Carrillo advirti\u00f3 del riesgo de colapso en el sistema de salud estatal, y report\u00f3 que por momentos, los hospitales del IMSS en Manzanillo, Tecom\u00e1n y Villa de \u00c1lvarez, as\u00ed como el Hospital Regional Universitario han alcanzado el 100 por ciento de su ocupaci\u00f3n.<\/p>\n\n\n\n<p class=\"wp-block-paragraph\">Por su parte, el m\u00e9dico Gustavo Gayt\u00e1n Sandoval, que es el coordinador t\u00e9cnico del &nbsp;Comando COVID por parte de la secretar\u00eda de Salud estatal, inform\u00f3 que en el sector p\u00fablico estatal se cuenta con 146 ventiladores, de los cuales, 99 se encuentran dentro de los hospitales de la Secretaria de Salud, por ejemplo, el Hospital Regional Universitario, mientras que el IMSS tiene 33 distribuidos en las diferentes cl\u00ednicas de la entidad donde atiende a enfermos de Covid-19.<\/p>\n\n\n\n<p class=\"wp-block-paragraph\">Por su parte, el ISSSTE cuenta con s\u00f3lo 3 ventiladores, la Secretar\u00eda de Marina con 5, y la secretar\u00eda de la Defensa Nacional con 9.<\/p>\n\n\n\n<p class=\"wp-block-paragraph\">El mismo m\u00e9dico dijo que el gobierno del Estado adquiri\u00f3 46 ventiladores y ha recibido 53 a trav\u00e9s de donaciones que se desglosan&nbsp; continuaci\u00f3n:<\/p>\n\n\n\n<p class=\"wp-block-paragraph\">Ternium don\u00f3 3; fundaci\u00f3n Mexicana para la salud, 15; la fundaci\u00f3n Juntos por la Salud, 5; la Secretar\u00eda de Relaciones Exteriores a trav\u00e9s del INSABI, 20; la SRE en colaboraci\u00f3n con la fundaci\u00f3n Juntos por la Salud, 10.<\/p>\n\n\n\n<p class=\"wp-block-paragraph\"><\/p>\n<div class=\"fb-background-color\">\n\t\t\t  <div \n\t\t\t  \tclass = \"fb-comments\" \n\t\t\t  \tdata-href = \"https:\/\/diarioavanzada.com.mx\/?p=14321\"\n\t\t\t  \tdata-numposts = \"10\"\n\t\t\t  \tdata-lazy = \"true\"\n\t\t\t\tdata-colorscheme = \"light\"\n\t\t\t\tdata-order-by = \"social\"\n\t\t\t\tdata-mobile=true>\n\t\t\t  <\/div><\/div>\n\t\t  <style>\n\t\t    .fb-background-color {\n\t\t\t\tbackground:  !important;\n\t\t\t}\n\t\t\t.fb_iframe_widget_fluid_desktop iframe {\n\t\t\t    width: 100% !important;\n\t\t\t}\n\t\t  <\/style>\n\t\t  ","protected":false},"excerpt":{"rendered":"<p>Colima, M\u00e9xico, Avanzada (30\/07\/2020).- En el estado de Colima, el sector salud &nbsp;(Hospital Regional, IMSS e ISSSTE) cuenta con s\u00f3lo 257&nbsp;camas&nbsp;para atender a los enfermos por Covid-19 y s\u00f3lo 149 ventiladores. En contraste, entre el 24 y 28 de julio se detectaron 375 casos positivos al Covid-19, &nbsp;de los cuales, 84 requirieron hospitalizaci\u00f3n. Desde esta [&hellip;]<\/p>\n","protected":false},"author":5,"featured_media":14322,"comment_status":"closed","ping_status":"closed","sticky":false,"template":"","format":"standard","meta":{"_coblocks_attr":"","_coblocks_dimensions":"","_coblocks_responsive_height":"","_coblocks_accordion_ie_support":"","advanced_seo_description":"","jetpack_seo_html_title":"","jetpack_seo_noindex":false,"jetpack_seo_schema_type":"","_jetpack_newsletter_access":"","_jetpack_dont_email_post_to_subs":false,"_jetpack_newsletter_tier_id":0,"_jetpack_memberships_contains_paywalled_content":false,"_wpcom_ai_launchpad_first_post":false,"_jetpack_feature_clip_id":0,"_jetpack_memberships_contains_paid_content":false,"footnotes":"","jetpack_post_was_ever_published":false},"categories":[19,27],"tags":[300,210],"class_list":["post-14321","post","type-post","status-publish","format-standard","has-post-thumbnail","hentry","category-colima","category-salud","tag-covid-19","tag-portada"],"jetpack-related-posts":[],"jetpack_sharing_enabled":true,"amp_enabled":true,"jetpack_featured_media_url":"https:\/\/diarioavanzada.com.mx\/wp-content\/uploads\/2020\/07\/109521726_3104215409669624_434297217165425411_o.jpg","_links":{"self":[{"href":"https:\/\/diarioavanzada.com.mx\/index.php?rest_route=\/wp\/v2\/posts\/14321","targetHints":{"allow":["GET"]}}],"collection":[{"href":"https:\/\/diarioavanzada.com.mx\/index.php?rest_route=\/wp\/v2\/posts"}],"about":[{"href":"https:\/\/diarioavanzada.com.mx\/index.php?rest_route=\/wp\/v2\/types\/post"}],"author":[{"embeddable":true,"href":"https:\/\/diarioavanzada.com.mx\/index.php?rest_route=\/wp\/v2\/users\/5"}],"replies":[{"embeddable":true,"href":"https:\/\/diarioavanzada.com.mx\/index.php?rest_route=%2Fwp%2Fv2%2Fcomments&post=14321"}],"version-history":[{"count":0,"href":"https:\/\/diarioavanzada.com.mx\/index.php?rest_route=\/wp\/v2\/posts\/14321\/revisions"}],"wp:featuredmedia":[{"embeddable":true,"href":"https:\/\/diarioavanzada.com.mx\/index.php?rest_route=\/wp\/v2\/media\/14322"}],"wp:attachment":[{"href":"https:\/\/diarioavanzada.com.mx\/index.php?rest_route=%2Fwp%2Fv2%2Fmedia&parent=14321"}],"wp:term":[{"taxonomy":"category","embeddable":true,"href":"https:\/\/diarioavanzada.com.mx\/index.php?rest_route=%2Fwp%2Fv2%2Fcategories&post=14321"},{"taxonomy":"post_tag","embeddable":true,"href":"https:\/\/diarioavanzada.com.mx\/index.php?rest_route=%2Fwp%2Fv2%2Ftags&post=14321"}],"curies":[{"name":"wp","href":"https:\/\/api.w.org\/{rel}","templated":true}]}}