{"id":14285,"date":"2020-07-29T13:18:50","date_gmt":"2020-07-29T18:18:50","guid":{"rendered":"https:\/\/diarioavanzada.com.mx\/?p=14285"},"modified":"2020-07-29T13:18:54","modified_gmt":"2020-07-29T18:18:54","slug":"seccion-39-del-snte-adios-a-los-anos-dorados","status":"publish","type":"post","link":"https:\/\/diarioavanzada.com.mx\/?p=14285","title":{"rendered":"Secci\u00f3n 39 del Snte, adi\u00f3s a los a\u00f1os dorados"},"content":{"rendered":"\n<p class=\"wp-block-paragraph\">Con inter\u00e9s le\u00ed una nota de <em>Rotativa libre, <\/em>en donde se publica el caso del profesor Christian Vega Cruz, que demanda a las autoridades estatales consulta m\u00e9dica y medicamentos, as\u00ed como pr\u00e9stamos personales. Lo hace a nombre del Comit\u00e9 Delegacional de Primarias Matutinas de la secci\u00f3n 39 del Snte (D-I-II).<\/p>\n\n\n\n<p class=\"wp-block-paragraph\">Califica al profesor Heriberto&nbsp; Valladares de pasivo y omiso. Que \u00e9ste sea pasivo y omiso no es ninguna novedad, pues ese es el perfil que adoptaban todos&nbsp; y cada uno de los ex dirigentes de esa secci\u00f3n sindical, lo diferente radica en que los tiempos cambiaron \u2013vivimos en un contexto diametralmente distinto- y tambi\u00e9n los maestros de Colima est\u00e1n frente al peor gobernador de todos los tiempos del PRI. La secci\u00f3n 39 del Snte siempre hab\u00eda apoyado en forma corporativo al PRI y, hoy, \u00e9ste est\u00e1 en ca\u00edda libre hacia su extinci\u00f3n. El PRI ya se fue. El PRI de Colima son los restos de un naufragio.<\/p>\n\n\n\n<p class=\"wp-block-paragraph\">La secci\u00f3n 39, ya entr\u00f3 en su fase acelerada de decadencia, sus a\u00f1os dorados se acabaron y la realidad los alcanz\u00f3. Alguien debe informarles a los dirigentes sindicales que el corporativismo est\u00e1 agonizante y seguir actuando de conformidad con esas pr\u00e1cticas sindicales y pol\u00edticas es un&nbsp; suicidio. Est\u00e1n dejando a sus agremiados morir poco a poco (esto es literal).&nbsp;<\/p>\n\n\n\n<p class=\"wp-block-paragraph\">Los dirigentes de la secci\u00f3n deben entender, porque la realidad la tienen enfrente, el PRI va en picada y este instituto pol\u00edtico no es capaz de construir nuevos esquemas pol\u00edticos. Siguen trabajando con los sindicatos&nbsp; bajo los viejos esquemas corporativos, donde se privilegiaban los grupos de presi\u00f3n, esquemas de intercambio de favores y acuerdos inconfesables. Fueron fieles al PRI porque les garantizaban dadivas, que por cierto a otros sindicatos afiliados al PRI no les daba, pero eso ya se acab\u00f3. Porque tambi\u00e9n ning\u00fan sindicato puede controlar el voto corporativo de sus agremiados y \u00e9stos ya no pueden ser fuentes seguras de votos. La sociedad ya se diversific\u00f3 y rescat\u00f3 el poder y control de su voto.<\/p>\n\n\n\n<p class=\"wp-block-paragraph\">La secci\u00f3n 39 fue una isla, indiferente a lo que suced\u00eda en la secci\u00f3n 6 del Snte \u2013por ejemplo-, incapaz de otorgar solidaridad a los maestros federales en alguno de sus problemas laborales importantes, a pesar de ser hermanas como gremio y como parte del mismo corporativo sindical. Cero solidaridad es su marca distintiva. Cosa que no es enorgullecedora.&nbsp;<\/p>\n\n\n\n<p class=\"wp-block-paragraph\">La lucha que dieron los maestros, a nivel nacional contra la mal llamada Reforma Educativa, que por cierto ganaron, no mereci\u00f3 un m\u00ednimo apoyo a los maestros, que al verse amenazados sus conquistas laborales fueron capaces de manifestarse p\u00fablicamente para combatirla y mantener en alto el orgullo magisterial, sino todo lo contrario, algunos de esos maestros fueron reprimidos por el mismo sindicato. Esto \u00faltimo fiel a su esquema corporativo.<\/p>\n\n\n\n<p class=\"wp-block-paragraph\">Su nueva realidad es que tienen un sistema m\u00e9dico en picada y peor su abastecimiento de medicinas y una forma incompleta e injusta del pago de los seguros y ahorro a los maestros fallecidos.<\/p>\n\n\n\n<p class=\"wp-block-paragraph\">Qu\u00e9 curioso que un solo maestro, Christian Vega Cruz, est\u00e9 exigiendo a Nacho Peralta, el in\u00fatil, que pague los 300 millones de adeudo al <strong>Instito de Pensiones de los Servidores P\u00fablicos del Estado de Colima<\/strong>. Qu\u00e9 \u00e9ste pague las cuotas y las retenciones que se les hace los trabajadores. Asunto verdaderamente grave. \u00bfD\u00f3nde est\u00e1n los l\u00edderes?<\/p>\n\n\n\n<p class=\"wp-block-paragraph\">La secci\u00f3n 39 no tiene otro camino que la democratizaci\u00f3n como una forma de ponerse al frente de sus agremiados y dejar de tener la cabeza metida en el hoyo como un avestruz. Las reformas a las leyes laborales lo van a obligarse a abrirse a la pluralidad, \u00bfpor qu\u00e9 no hacerlo ya?, ganarle tiempo al tiempo para instrumentar mecanismos de defensa de sus conquistas laborales.<\/p>\n\n\n\n<p class=\"wp-block-paragraph\">La reformas los van obligar a aplicar el voto universal y secreto. \u00bfQu\u00e9 est\u00e1n esperando?<\/p>\n\n\n\n<p class=\"wp-block-paragraph\">Es una verg\u00fcenza que un sindicato de maestros se comporte como un sindicato de los m\u00e1s atrasados e injustos del pa\u00eds. Su tarea es defender a sus agremiados no dejarlos a la buena de dios.<\/p>\n\n\n\n<p class=\"wp-block-paragraph\">En la secci\u00f3n 39 del Snte, la cuerda se est\u00e1 rompiendo por su parte m\u00e1s fr\u00e1gil, por su sistema de pensiones que se est\u00e1 devorando el presente y el futuro de los maestros y los bur\u00f3cratas del gobierno del estado.<\/p>\n\n\n\n<p class=\"wp-block-paragraph\">El sistema m\u00e9dico de los maestros se est\u00e1 derrumbando y sus dirigentes son incapaces de dar una explicaci\u00f3n transparente y decorosa.<\/p>\n\n\n\n<p class=\"wp-block-paragraph\">Cuando sus agremiados llegan a los a\u00f1os dorados, la 39 perdi\u00f3 sus a\u00f1os dorados de corporativismo. No tienen opci\u00f3n, deben cambiar.<\/p>\n\n\n\n<p class=\"wp-block-paragraph\">La pasividad y las omisiones de su l\u00edder, Humberto Valladares, es un s\u00edntoma de que no saben qu\u00e9 hacer en estos tiempos de cambios y alguien que no sabe qu\u00e9 hacer debe dejarle los espacios a quienes s\u00ed sepan actuar. Los maestros necesitan l\u00edderes no bur\u00f3cratas.<\/p>\n\n\n\n<p class=\"wp-block-paragraph\">A La secci\u00f3n 39 la devor\u00f3 su ego\u00edsmo pol\u00edtico. Quieren seguir en las mismas cuando el gobierno del estado ya se devor\u00f3 los ahorros y las cuotas de los trabajadores y su opacidad es superlativa.<\/p>\n\n\n\n<p class=\"wp-block-paragraph\">Lo \u00fanico claro, ahora, es que Nacho Peralta est\u00e1 manejando a discrecionalidad al Ipecol y los sindicatos, como la secci\u00f3n 39 del Snte, lo est\u00e1n apoyando.&nbsp;<\/p>\n\n\n\n<p class=\"wp-block-paragraph\">La secci\u00f3n 39 tiene un dilema ante s\u00ed: o se pone al frente de sus agremiados o contin\u00faa en su pol\u00edtica de sumisi\u00f3n y colaboracionismo del gobierno corrupto en turno.<\/p>\n\n\n\n<p class=\"wp-block-paragraph\">Seguir sosteniendo una pol\u00edtica corporativa es un suicidio, lento pero seguro.<\/p>\n\n\n\n<p class=\"wp-block-paragraph\">Su deber es ponerse al frente del sindicato y llamar a cuentas al gobernador y solicitar transparencia de lo que ocurre con los dineros de los maestros y poner a salvo los intereses de los maestros. \u00bfO ser\u00e1 que llevan tajada?<\/p>\n\n\n\n<p class=\"wp-block-paragraph\">La realidad es que el sistema de atenci\u00f3n m\u00e9dica de los maestros y de pensiones, ya es historia, no lo supieron defender sus l\u00edderes. Qu\u00e9 sistema soporta comprar medicinas a sobre precio. El gobierno federal por ello tom\u00f3 determinaci\u00f3n de comprar las medicinas bajo el esquema de compras consolidadas que los gobiernos estatales, como el Nacho Peralta, rechazan.<\/p>\n\n\n\n<p class=\"wp-block-paragraph\">Lo positivo es que la secci\u00f3n 39 puede volverse un sindicato abierto y democr\u00e1tico y dejar atr\u00e1s su cerraz\u00f3n y su ego\u00edsmo. Tienen cuadros muy aptos para liderar este proceso. Su problema es tomar la decisi\u00f3n y hacerlo a tiempo.&nbsp;<\/p>\n\n\n\n<p class=\"wp-block-paragraph\">Su otra v\u00eda es la pasividad, que no es sino una manera eufem\u00edstica de defender la corrupci\u00f3n.<\/p>\n\n\n\n<p class=\"wp-block-paragraph\">Los maestros deben de dejar de quejarse en privado de sus l\u00edderes y comenzar a hacerlo p\u00fablicamente para darle a su organizaci\u00f3n una nueva oportunidad.<\/p>\n\n\n\n<p class=\"wp-block-paragraph\">Tambi\u00e9n pueden esperar, sentados, a que los salve un milagro. Que los conservadores triunfen en los pr\u00f3ximos comicios y la corrupci\u00f3n, a nivel nacional, vuelva&nbsp; a ser la forma de abordar los problemas, es decir, continuar con el sistema de privilegios especiales, o sea, reg\u00edmenes especiales.<\/p>\n\n\n\n<p class=\"wp-block-paragraph\">La realidad es que en la secci\u00f3n 39 est\u00e1 aflorando una crisis de consecuencias y de pron\u00f3stico reservado.<\/p>\n\n\n\n<p class=\"wp-block-paragraph\"><\/p>\n<div class=\"fb-background-color\">\n\t\t\t  <div \n\t\t\t  \tclass = \"fb-comments\" \n\t\t\t  \tdata-href = \"https:\/\/diarioavanzada.com.mx\/?p=14285\"\n\t\t\t  \tdata-numposts = \"10\"\n\t\t\t  \tdata-lazy = \"true\"\n\t\t\t\tdata-colorscheme = \"light\"\n\t\t\t\tdata-order-by = \"social\"\n\t\t\t\tdata-mobile=true>\n\t\t\t  <\/div><\/div>\n\t\t  <style>\n\t\t    .fb-background-color {\n\t\t\t\tbackground:  !important;\n\t\t\t}\n\t\t\t.fb_iframe_widget_fluid_desktop iframe {\n\t\t\t    width: 100% !important;\n\t\t\t}\n\t\t  <\/style>\n\t\t  ","protected":false},"excerpt":{"rendered":"<p>Con inter\u00e9s le\u00ed una nota de Rotativa libre, en donde se publica el caso del profesor Christian Vega Cruz, que demanda a las autoridades estatales consulta m\u00e9dica y medicamentos, as\u00ed como pr\u00e9stamos personales. Lo hace a nombre del Comit\u00e9 Delegacional de Primarias Matutinas de la secci\u00f3n 39 del Snte (D-I-II). Califica al profesor Heriberto&nbsp; Valladares [&hellip;]<\/p>\n","protected":false},"author":9,"featured_media":14286,"comment_status":"closed","ping_status":"closed","sticky":false,"template":"","format":"standard","meta":{"_coblocks_attr":"","_coblocks_dimensions":"","_coblocks_responsive_height":"","_coblocks_accordion_ie_support":"","advanced_seo_description":"","jetpack_seo_html_title":"","jetpack_seo_noindex":false,"jetpack_seo_schema_type":"","_jetpack_newsletter_access":"","_jetpack_dont_email_post_to_subs":false,"_jetpack_newsletter_tier_id":0,"_jetpack_memberships_contains_paywalled_content":false,"_wpcom_ai_launchpad_first_post":false,"_jetpack_feature_clip_id":0,"_jetpack_memberships_contains_paid_content":false,"footnotes":"","jetpack_post_was_ever_published":false},"categories":[19,24],"tags":[220,210],"class_list":["post-14285","post","type-post","status-publish","format-standard","has-post-thumbnail","hentry","category-colima","category-opinion","tag-opinion","tag-portada"],"jetpack-related-posts":[],"jetpack_sharing_enabled":true,"amp_enabled":true,"jetpack_featured_media_url":"https:\/\/diarioavanzada.com.mx\/wp-content\/uploads\/2020\/07\/91877934_3017257471650332_5188903097291767808_o.jpg","_links":{"self":[{"href":"https:\/\/diarioavanzada.com.mx\/index.php?rest_route=\/wp\/v2\/posts\/14285","targetHints":{"allow":["GET"]}}],"collection":[{"href":"https:\/\/diarioavanzada.com.mx\/index.php?rest_route=\/wp\/v2\/posts"}],"about":[{"href":"https:\/\/diarioavanzada.com.mx\/index.php?rest_route=\/wp\/v2\/types\/post"}],"author":[{"embeddable":true,"href":"https:\/\/diarioavanzada.com.mx\/index.php?rest_route=\/wp\/v2\/users\/9"}],"replies":[{"embeddable":true,"href":"https:\/\/diarioavanzada.com.mx\/index.php?rest_route=%2Fwp%2Fv2%2Fcomments&post=14285"}],"version-history":[{"count":0,"href":"https:\/\/diarioavanzada.com.mx\/index.php?rest_route=\/wp\/v2\/posts\/14285\/revisions"}],"wp:featuredmedia":[{"embeddable":true,"href":"https:\/\/diarioavanzada.com.mx\/index.php?rest_route=\/wp\/v2\/media\/14286"}],"wp:attachment":[{"href":"https:\/\/diarioavanzada.com.mx\/index.php?rest_route=%2Fwp%2Fv2%2Fmedia&parent=14285"}],"wp:term":[{"taxonomy":"category","embeddable":true,"href":"https:\/\/diarioavanzada.com.mx\/index.php?rest_route=%2Fwp%2Fv2%2Fcategories&post=14285"},{"taxonomy":"post_tag","embeddable":true,"href":"https:\/\/diarioavanzada.com.mx\/index.php?rest_route=%2Fwp%2Fv2%2Ftags&post=14285"}],"curies":[{"name":"wp","href":"https:\/\/api.w.org\/{rel}","templated":true}]}}