{"id":14266,"date":"2020-07-28T11:53:48","date_gmt":"2020-07-28T16:53:48","guid":{"rendered":"https:\/\/diarioavanzada.com.mx\/?p=14266"},"modified":"2020-07-28T11:53:50","modified_gmt":"2020-07-28T16:53:50","slug":"a-punto-de-colapsar-el-sistema-de-salud-en-colima-por-covid-19","status":"publish","type":"post","link":"https:\/\/diarioavanzada.com.mx\/?p=14266","title":{"rendered":"A punto de colapsar el sistema de salud en Colima por Covid-19"},"content":{"rendered":"\n<p class=\"wp-block-paragraph\">Colima, M\u00e9xico, Avanzada (28\/07\/2020).- En Colima la mayor\u00eda de los hospitales del sector p\u00fablico se encuentran al l\u00edmite de sus capacidades para atender a los enfermos de Covid-19,&nbsp;sin embargo, son las cl\u00ednicas del IMSS de Manzanillo y Villa de \u00c1lvarez las que han reportado el 100 por ciento de ocupaci\u00f3n.<\/p>\n\n\n\n<p class=\"wp-block-paragraph\">Lo anterior fue confirmado por la secretaria de Salud en la entidad, Leticia Delgado Carillo, quien se\u00f1al\u00f3 que hay signos de alerta que deben preocupar a toda la poblaci\u00f3n y explic\u00f3 que las tres cl\u00ednicas del IMSS, distribuidas &nbsp;en Manzanillo, Tecom\u00e1n y Villa de \u00c1lvarez han tenido, por momento, todas sus camas ocupadas.<\/p>\n\n\n\n<p class=\"wp-block-paragraph\">Mientras que el Hospital Regional Universitario&nbsp;y la cl\u00ednica del ISSSTE en la capital del Estado, se encuentran al 90 por ciento de su capacidad, \u201cnos estamos a cercando a esta realidad y los hospitales Covid-19, por momentos llegan a su l\u00edmite de capacidad\u201d, advirti\u00f3.<\/p>\n\n\n\n<p class=\"wp-block-paragraph\">Leticia Delgado Carillo puntualiz\u00f3 que a nivel nacional a Colima se le ubica con el 66 por ciento de la capacidad de atenci\u00f3n, pero dijo que las cifras dentro de los hospitales cambian minuto a minuto, mientras que el reporte a la secretar\u00eda de Salud federal se hace cada 24 horas, \u201cpor eso puede haber discrepancia entre las cifras\u201d.<\/p>\n\n\n\n<p class=\"wp-block-paragraph\">Refiri\u00f3 que el primero de julio ten\u00edan 593 casos confirmados del virus SARs-COV-2 y sin embargo, esta cifra se triplic\u00f3 en menos de un mes. Tambi\u00e9n sentenci\u00f3 que&nbsp;hubo un aumento en el n\u00famero de personas fallecidas.<\/p>\n\n\n\n<p class=\"wp-block-paragraph\">Leticia Delgado Carillo&nbsp; enfatiz\u00f3 que de seguir incrementando los casos, no habr\u00e1 inversi\u00f3n suficiente disponible para garantizar la atenci\u00f3n m\u00e9dica de todos los pacientes que requieran ingresar a los hospitales p\u00fablicos, \u201csi no contamos con la participaci\u00f3n de la ciudadan\u00eda, estaremos muy pronto al l\u00edmite de la capacidad para la prestaci\u00f3n de los servicios\u201d.<\/p>\n\n\n\n<p class=\"wp-block-paragraph\">Advirti\u00f3 que se corre el riesgo de que en la entidad existan pacientes que necesiten ser ingresados a un nosocomio, pero no encuentren espacio para que reciba una atenci\u00f3n m\u00e9dica, \u201ctu hija, tu hijo, padre, madre y hermanos, se pueden quedar sin atenci\u00f3n m\u00e9dica y pueden llegar a morir\u201d, advirti\u00f3 la secretar\u00eda de Salud, quien insisti\u00f3 en la necesidad de guardar el aislamiento el mayor tiempo posible, usar cubrebocas y lavarse las manos de manera frecuente. \u00a0<\/p>\n\n\n\n<p class=\"wp-block-paragraph\"><\/p>\n<div class=\"fb-background-color\">\n\t\t\t  <div \n\t\t\t  \tclass = \"fb-comments\" \n\t\t\t  \tdata-href = \"https:\/\/diarioavanzada.com.mx\/?p=14266\"\n\t\t\t  \tdata-numposts = \"10\"\n\t\t\t  \tdata-lazy = \"true\"\n\t\t\t\tdata-colorscheme = \"light\"\n\t\t\t\tdata-order-by = \"social\"\n\t\t\t\tdata-mobile=true>\n\t\t\t  <\/div><\/div>\n\t\t  <style>\n\t\t    .fb-background-color {\n\t\t\t\tbackground:  !important;\n\t\t\t}\n\t\t\t.fb_iframe_widget_fluid_desktop iframe {\n\t\t\t    width: 100% !important;\n\t\t\t}\n\t\t  <\/style>\n\t\t  ","protected":false},"excerpt":{"rendered":"<p>Colima, M\u00e9xico, Avanzada (28\/07\/2020).- En Colima la mayor\u00eda de los hospitales del sector p\u00fablico se encuentran al l\u00edmite de sus capacidades para atender a los enfermos de Covid-19,&nbsp;sin embargo, son las cl\u00ednicas del IMSS de Manzanillo y Villa de \u00c1lvarez las que han reportado el 100 por ciento de ocupaci\u00f3n. Lo anterior fue confirmado por [&hellip;]<\/p>\n","protected":false},"author":5,"featured_media":14267,"comment_status":"closed","ping_status":"closed","sticky":false,"template":"","format":"standard","meta":{"_coblocks_attr":"","_coblocks_dimensions":"","_coblocks_responsive_height":"","_coblocks_accordion_ie_support":"","advanced_seo_description":"","jetpack_seo_html_title":"","jetpack_seo_noindex":false,"jetpack_seo_schema_type":"","_jetpack_newsletter_access":"","_jetpack_dont_email_post_to_subs":false,"_jetpack_newsletter_tier_id":0,"_jetpack_memberships_contains_paywalled_content":false,"_wpcom_ai_launchpad_first_post":false,"_jetpack_feature_clip_id":0,"_jetpack_memberships_contains_paid_content":false,"footnotes":"","jetpack_post_was_ever_published":false},"categories":[19,27],"tags":[300,210],"class_list":["post-14266","post","type-post","status-publish","format-standard","has-post-thumbnail","hentry","category-colima","category-salud","tag-covid-19","tag-portada"],"jetpack-related-posts":[],"jetpack_sharing_enabled":true,"amp_enabled":true,"jetpack_featured_media_url":"https:\/\/diarioavanzada.com.mx\/wp-content\/uploads\/2020\/07\/116244117_3137235193034312_7456704243210975873_n.jpg","_links":{"self":[{"href":"https:\/\/diarioavanzada.com.mx\/index.php?rest_route=\/wp\/v2\/posts\/14266","targetHints":{"allow":["GET"]}}],"collection":[{"href":"https:\/\/diarioavanzada.com.mx\/index.php?rest_route=\/wp\/v2\/posts"}],"about":[{"href":"https:\/\/diarioavanzada.com.mx\/index.php?rest_route=\/wp\/v2\/types\/post"}],"author":[{"embeddable":true,"href":"https:\/\/diarioavanzada.com.mx\/index.php?rest_route=\/wp\/v2\/users\/5"}],"replies":[{"embeddable":true,"href":"https:\/\/diarioavanzada.com.mx\/index.php?rest_route=%2Fwp%2Fv2%2Fcomments&post=14266"}],"version-history":[{"count":0,"href":"https:\/\/diarioavanzada.com.mx\/index.php?rest_route=\/wp\/v2\/posts\/14266\/revisions"}],"wp:featuredmedia":[{"embeddable":true,"href":"https:\/\/diarioavanzada.com.mx\/index.php?rest_route=\/wp\/v2\/media\/14267"}],"wp:attachment":[{"href":"https:\/\/diarioavanzada.com.mx\/index.php?rest_route=%2Fwp%2Fv2%2Fmedia&parent=14266"}],"wp:term":[{"taxonomy":"category","embeddable":true,"href":"https:\/\/diarioavanzada.com.mx\/index.php?rest_route=%2Fwp%2Fv2%2Fcategories&post=14266"},{"taxonomy":"post_tag","embeddable":true,"href":"https:\/\/diarioavanzada.com.mx\/index.php?rest_route=%2Fwp%2Fv2%2Ftags&post=14266"}],"curies":[{"name":"wp","href":"https:\/\/api.w.org\/{rel}","templated":true}]}}