{"id":14260,"date":"2020-07-28T10:28:55","date_gmt":"2020-07-28T15:28:55","guid":{"rendered":"https:\/\/diarioavanzada.com.mx\/?p=14260"},"modified":"2020-07-28T10:28:56","modified_gmt":"2020-07-28T15:28:56","slug":"nacho-estuvo-el-viernes-con-el-gobernador-de-durango-quien-dio-positivo-a-covid-19","status":"publish","type":"post","link":"https:\/\/diarioavanzada.com.mx\/?p=14260","title":{"rendered":"Nacho estuvo el viernes con el gobernador de Durango, quien dio positivo a covid-19"},"content":{"rendered":"\n<p class=\"wp-block-paragraph\">Colima, M\u00e9xico, Avanzada (28\/07\/2020).- El gobernador de Colima, Jos\u00e9 Ignacio Peralta S\u00e1nchez, particip\u00f3 el viernes 24 de julio en la reuni\u00f3n del grupo de ocho gobernadores en el estado de Guanajuato, donde estuvo tambi\u00e9n el mandatario de Durango, Jos\u00e9 Rosas Aispuro Torres, quien la noche de este lunes anunci\u00f3 que dio positivo a covid-19.<\/p>\n\n\n\n<p class=\"wp-block-paragraph\">En un mensaje difundido en la red social Twitter a las 22:03 horas de este lunes 27, el jefe del Ejecutivo duranguense expuso:<\/p>\n\n\n\n<p class=\"wp-block-paragraph\">\u201cDebido a las constantes giras que realizo por el estado, peri\u00f3dicamente me someto a pruebas de covid-19. Hace unos instantes me informaron que di positivo, raz\u00f3n por la que estar\u00e9 en aislamiento, pero continuar\u00e9 trabajando desde casa. Conf\u00edo en Dios mi pronta recuperaci\u00f3n\u201d.<\/p>\n\n\n\n<p class=\"wp-block-paragraph\">La reuni\u00f3n del viernes pasado en Guanajuato fue muy cuestionada porque al final el mandatario de esa entidad, Diego Sinhue Rodr\u00edguez Vallejo, ofreci\u00f3 una convivencia para funcionarios y gobernadores de Aguascalientes, Michoac\u00e1n, Nuevo Le\u00f3n, Durango, Coahuila, Tamaulipas, y Colima, de acuerdo con los reportes de diversos medios de comunicaci\u00f3n y redes sociales.<\/p>\n\n\n\n<p class=\"wp-block-paragraph\">De acuerdo con la informaci\u00f3n publicada, la fiesta se llev\u00f3 a cabo en los jardines de San Gabriel de Barrera, en la capital de Guanajuato, situaci\u00f3n que fue criticada por internautas, quienes afirmaron que la prohibici\u00f3n de fiestas por la pandemia de covid-10 est\u00e1 limitada para toda poblaci\u00f3n excepto para los gobernantes.<\/p>\n\n\n\n<p class=\"wp-block-paragraph\">Seg\u00fan el portal de noticias Infobae, los funcionarios p\u00fablicos de los estados de la \u201cAlianza Federalista por M\u00e9xico\u201d, a la que pertenece el gobernador Jos\u00e9 Ignacio Peralta S\u00e1nchez, pasearon por el centro de Guanajuato sin seguir las medidas sanitarias de prevenci\u00f3n b\u00e1sicas como la sana distancia.<\/p>\n\n\n\n<p class=\"wp-block-paragraph\">Se\u00f1al\u00f3 que durante el d\u00eda se implement\u00f3 un operativo de seguridad en las instalaciones de San Gabriel de Barrera donde aproximadamente 500 personas convivieron despu\u00e9s de la reuni\u00f3n de la Alianza.<\/p>\n\n\n\n<p class=\"wp-block-paragraph\">Se reportaron decenas de veh\u00edculos particulares, camionetas, y unidades del Sistema de Urgencias del Estado (SUEG) y de Protecci\u00f3n Civil Estatal, las cuales llenaron los estacionamientos de la ex hacienda administrada por el Sistema DIF estatal.<\/p>\n\n\n\n<p class=\"wp-block-paragraph\">Adem\u00e1s, elementos de las Fuerzas de Seguridad P\u00fablica de Guanajuato resguardaron el evento: los accesos se mantuvieron bajo la vigilancia de polic\u00edas para impedir que personas ajenas ingresaran a las instalaciones del hotel, museo, y los jardines que conforman San Gabriel de Barrera.<\/p>\n\n\n\n<p class=\"wp-block-paragraph\">Citando al peri\u00f3dico digital Sin Embargo, Infobae indic\u00f3 que a lo lejos se pod\u00eda escuchar la m\u00fasica de la convivencia, y tambi\u00e9n se pod\u00eda observar la entrada y salida de patrullas y motocicletas de las autoridades de seguridad del estado, mientras que para la primera parte de la fiesta se contrat\u00f3 a una estudiantina.<\/p>\n\n\n\n<p class=\"wp-block-paragraph\">De acuerdo con el portal Periodismo y Opini\u00f3n P\u00fablica POPLAB, durante toda la ma\u00f1ana y tarde del viernes, los gobernadores de la Alianza estuvieron en la Alh\u00f3ndiga de Granaditas para la Reuni\u00f3n Interestatal COVID-19, luego hicieron un recorrido por las calles del centro hist\u00f3rico de Guanajuato para tomarse fotograf\u00edas en las escalinatas del edificio central de la Universidad de Guanajuato. M\u00e1s tarde caminaron hasta el Teatro Ju\u00e1rez donde ofrecieron una conferencia de prensa virtual.<\/p>\n\n\n\n<p class=\"wp-block-paragraph\">Tras haber participado en la reuni\u00f3n de Guanajuato, Jos\u00e9 Ignacio Peralta S\u00e1nchez regres\u00f3 a Colima, donde seg\u00fan la Secretar\u00eda de Salud y Bienestar Social (SSyBS) de su gobierno el fin de semana se lleg\u00f3 a registrar la saturaci\u00f3n de hospitales por el r\u00e1pido crecimiento de contagios de covid-19.<\/p>\n\n\n\n<p class=\"wp-block-paragraph\">Por la ma\u00f1ana del lunes, la secretaria de Salud, Leticia Delgado Carrillo, llam\u00f3 a la poblaci\u00f3n a respetar las medidas de sana distancia y a resguardarse en sus domicilios para evitar que contin\u00fae el crecimiento de la pandemia en Colima, pues advirti\u00f3 que la entidad est\u00e1 cerca de no poder atender m\u00e1s enfermos a causa de la saturaci\u00f3n.<\/p>\n\n\n\n<p class=\"wp-block-paragraph\">Por la tarde del lunes, la Secretar\u00eda de Salud del Gobierno Federal inform\u00f3 que con la tendencia creciente registrada en las \u00faltimas semanas, Colima ya se encuentra entre los estados con la mayor incidencia de casos activos de covid-19.<\/p>\n\n\n\n<p class=\"wp-block-paragraph\">Durante la rueda de prensa encabezada por el doctor Hugo L\u00f3pez Gatell se inform\u00f3 que Colima es uno de los ocho estados que presentan una tasa estimada mayor a 70 casos activos de covid por cada 100 mil habitantes, junto con Baja California Sur, San Luis Potos\u00ed, Tabasco, Ciudad de M\u00e9xico, Coahuila, Yucat\u00e1n y Nuevo Le\u00f3n.<\/p>\n\n\n\n<p class=\"wp-block-paragraph\">Conforme a las gr\u00e1ficas ofrecidas por la dependencia federal, la mayor\u00eda de los estados (19) tiene una tasa menor a 40 casos activos por cada cien mil habitantes.<\/p>\n\n\n\n<p class=\"wp-block-paragraph\">De acuerdo con las cifras oficiales, Colima tiene 1 mil 684 casos positivos acumulados de covid-19, de los que 784 se encuentran activos y la cantidad de fallecidos ya lleg\u00f3 a 196.<\/p>\n<div class=\"fb-background-color\">\n\t\t\t  <div \n\t\t\t  \tclass = \"fb-comments\" \n\t\t\t  \tdata-href = \"https:\/\/diarioavanzada.com.mx\/?p=14260\"\n\t\t\t  \tdata-numposts = \"10\"\n\t\t\t  \tdata-lazy = \"true\"\n\t\t\t\tdata-colorscheme = \"light\"\n\t\t\t\tdata-order-by = \"social\"\n\t\t\t\tdata-mobile=true>\n\t\t\t  <\/div><\/div>\n\t\t  <style>\n\t\t    .fb-background-color {\n\t\t\t\tbackground:  !important;\n\t\t\t}\n\t\t\t.fb_iframe_widget_fluid_desktop iframe {\n\t\t\t    width: 100% !important;\n\t\t\t}\n\t\t  <\/style>\n\t\t  ","protected":false},"excerpt":{"rendered":"<p>Colima, M\u00e9xico, Avanzada (28\/07\/2020).- El gobernador de Colima, Jos\u00e9 Ignacio Peralta S\u00e1nchez, particip\u00f3 el viernes 24 de julio en la reuni\u00f3n del grupo de ocho gobernadores en el estado de Guanajuato, donde estuvo tambi\u00e9n el mandatario de Durango, Jos\u00e9 Rosas Aispuro Torres, quien la noche de este lunes anunci\u00f3 que dio positivo a covid-19. En [&hellip;]<\/p>\n","protected":false},"author":7,"featured_media":14261,"comment_status":"closed","ping_status":"closed","sticky":false,"template":"","format":"standard","meta":{"_coblocks_attr":"","_coblocks_dimensions":"","_coblocks_responsive_height":"","_coblocks_accordion_ie_support":"","advanced_seo_description":"","jetpack_seo_html_title":"","jetpack_seo_noindex":false,"jetpack_seo_schema_type":"","_jetpack_newsletter_access":"","_jetpack_dont_email_post_to_subs":false,"_jetpack_newsletter_tier_id":0,"_jetpack_memberships_contains_paywalled_content":false,"_wpcom_ai_launchpad_first_post":false,"_jetpack_feature_clip_id":0,"_jetpack_memberships_contains_paid_content":false,"footnotes":"","jetpack_post_was_ever_published":false},"categories":[19,27],"tags":[300,210],"class_list":["post-14260","post","type-post","status-publish","format-standard","has-post-thumbnail","hentry","category-colima","category-salud","tag-covid-19","tag-portada"],"jetpack-related-posts":[],"jetpack_sharing_enabled":true,"amp_enabled":true,"jetpack_featured_media_url":"https:\/\/diarioavanzada.com.mx\/wp-content\/uploads\/2020\/07\/conacho.png","_links":{"self":[{"href":"https:\/\/diarioavanzada.com.mx\/index.php?rest_route=\/wp\/v2\/posts\/14260","targetHints":{"allow":["GET"]}}],"collection":[{"href":"https:\/\/diarioavanzada.com.mx\/index.php?rest_route=\/wp\/v2\/posts"}],"about":[{"href":"https:\/\/diarioavanzada.com.mx\/index.php?rest_route=\/wp\/v2\/types\/post"}],"author":[{"embeddable":true,"href":"https:\/\/diarioavanzada.com.mx\/index.php?rest_route=\/wp\/v2\/users\/7"}],"replies":[{"embeddable":true,"href":"https:\/\/diarioavanzada.com.mx\/index.php?rest_route=%2Fwp%2Fv2%2Fcomments&post=14260"}],"version-history":[{"count":0,"href":"https:\/\/diarioavanzada.com.mx\/index.php?rest_route=\/wp\/v2\/posts\/14260\/revisions"}],"wp:featuredmedia":[{"embeddable":true,"href":"https:\/\/diarioavanzada.com.mx\/index.php?rest_route=\/wp\/v2\/media\/14261"}],"wp:attachment":[{"href":"https:\/\/diarioavanzada.com.mx\/index.php?rest_route=%2Fwp%2Fv2%2Fmedia&parent=14260"}],"wp:term":[{"taxonomy":"category","embeddable":true,"href":"https:\/\/diarioavanzada.com.mx\/index.php?rest_route=%2Fwp%2Fv2%2Fcategories&post=14260"},{"taxonomy":"post_tag","embeddable":true,"href":"https:\/\/diarioavanzada.com.mx\/index.php?rest_route=%2Fwp%2Fv2%2Ftags&post=14260"}],"curies":[{"name":"wp","href":"https:\/\/api.w.org\/{rel}","templated":true}]}}