{"id":14239,"date":"2020-07-27T10:23:03","date_gmt":"2020-07-27T15:23:03","guid":{"rendered":"https:\/\/diarioavanzada.com.mx\/?p=14239"},"modified":"2020-07-27T10:23:04","modified_gmt":"2020-07-27T15:23:04","slug":"perdidas-de-empleo-y-negocios-al-borde-de-la-quiebra-saldos-de-la-pandemia-en-colima","status":"publish","type":"post","link":"https:\/\/diarioavanzada.com.mx\/?p=14239","title":{"rendered":"P\u00e9rdidas de empleo y negocios al borde de la quiebra, saldos de la pandemia en Colima"},"content":{"rendered":"\n<p class=\"wp-block-paragraph\">Colima, M\u00e9xico, Avanzada (27\/07\/2020).- El sistema de salud en la entidad no es el \u00fanico que est\u00e1 en riesgo de colapsar por las medidas implementadas para frenar los contagios de Covid-19, tambi\u00e9n el sector econ\u00f3mico en la entidad reporta p\u00e9rdidas de empleo, cierres de comercios y deudas bancarias que pr\u00e1cticamente los tienen al borde de la quiebra.<\/p>\n\n\n\n<p class=\"wp-block-paragraph\">El domingo anterior, el Instituto Mexicano del Seguro Social inform\u00f3 que en los \u00faltimos tres meses, en Colima se perdieron 4 mil 500 empleos, mientras que la organizaci\u00f3n M\u00e9xico \u00bfC\u00f3mo Vamos? report\u00f3 que en el segundo trimestre de este a\u00f1o, la entidad no gener\u00f3 ninguna nueva plaza laboral.<\/p>\n\n\n\n<p class=\"wp-block-paragraph\">No es lo \u00fanico que se ha visto afectado, desde el pasado mes de marzo, los trabajadores de la industria del entretenimiento y el sector tur\u00edstico&nbsp;que a\u00fan conservan sus plazas laborales, reciben \u00fanicamente entre el 50 y 30 por ciento de su salario. Mientras que desde el pasado primero de junio,&nbsp;trabajadores de los diversos Casinos que se encuentran en la capital del Estado dejaron de percibir cualquier pago y no tiene fecha para retornar a sus actividades.<\/p>\n\n\n\n<p class=\"wp-block-paragraph\">En cuanto al sector restaurantero, el 12 por ciento de los establecimientos quebraron, mientras el 50 por ciento busca cambiar de giro, pues las ventas disminuyeron a\u00fan m\u00e1s desde el pasado lunes, cuando se decret\u00f3 en la entidad la fase 3 de la pandemia.<\/p>\n\n\n\n<p class=\"wp-block-paragraph\">Este fin de semana, en entrevistas con diversos medios de comunicaci\u00f3n, el l\u00edder de la CANIRAC en el estado, Felipe Santana Linares advirti\u00f3 que lo peor est\u00e1 por venir, pues en las pr\u00f3ximas semanas deber\u00e1n pagar los cr\u00e9ditos bancarios que solicitaron para poder solventar la emergencia sanitaria.<\/p>\n\n\n\n<p class=\"wp-block-paragraph\">Refiri\u00f3 que en la econom\u00eda, la etapa cr\u00edtica se presentar\u00e1 en agosto cuando deban liquidar las tarjetas, cr\u00e9ditos hipotecarios y cr\u00e9ditos a capital.<\/p>\n<div class=\"fb-background-color\">\n\t\t\t  <div \n\t\t\t  \tclass = \"fb-comments\" \n\t\t\t  \tdata-href = \"https:\/\/diarioavanzada.com.mx\/?p=14239\"\n\t\t\t  \tdata-numposts = \"10\"\n\t\t\t  \tdata-lazy = \"true\"\n\t\t\t\tdata-colorscheme = \"light\"\n\t\t\t\tdata-order-by = \"social\"\n\t\t\t\tdata-mobile=true>\n\t\t\t  <\/div><\/div>\n\t\t  <style>\n\t\t    .fb-background-color {\n\t\t\t\tbackground:  !important;\n\t\t\t}\n\t\t\t.fb_iframe_widget_fluid_desktop iframe {\n\t\t\t    width: 100% !important;\n\t\t\t}\n\t\t  <\/style>\n\t\t  ","protected":false},"excerpt":{"rendered":"<p>Colima, M\u00e9xico, Avanzada (27\/07\/2020).- El sistema de salud en la entidad no es el \u00fanico que est\u00e1 en riesgo de colapsar por las medidas implementadas para frenar los contagios de Covid-19, tambi\u00e9n el sector econ\u00f3mico en la entidad reporta p\u00e9rdidas de empleo, cierres de comercios y deudas bancarias que pr\u00e1cticamente los tienen al borde de [&hellip;]<\/p>\n","protected":false},"author":5,"featured_media":14240,"comment_status":"closed","ping_status":"closed","sticky":false,"template":"","format":"standard","meta":{"_coblocks_attr":"","_coblocks_dimensions":"","_coblocks_responsive_height":"","_coblocks_accordion_ie_support":"","advanced_seo_description":"","jetpack_seo_html_title":"","jetpack_seo_noindex":false,"jetpack_seo_schema_type":"","_jetpack_newsletter_access":"","_jetpack_dont_email_post_to_subs":false,"_jetpack_newsletter_tier_id":0,"_jetpack_memberships_contains_paywalled_content":false,"_wpcom_ai_launchpad_first_post":false,"_jetpack_feature_clip_id":0,"_jetpack_memberships_contains_paid_content":false,"footnotes":"","jetpack_post_was_ever_published":false},"categories":[19],"tags":[300,210],"class_list":["post-14239","post","type-post","status-publish","format-standard","has-post-thumbnail","hentry","category-colima","tag-covid-19","tag-portada"],"jetpack-related-posts":[],"jetpack_sharing_enabled":true,"amp_enabled":true,"jetpack_featured_media_url":"https:\/\/diarioavanzada.com.mx\/wp-content\/uploads\/2020\/07\/05b2efc8-df1d-43de-83c1-b51e1c26505b.jpg","_links":{"self":[{"href":"https:\/\/diarioavanzada.com.mx\/index.php?rest_route=\/wp\/v2\/posts\/14239","targetHints":{"allow":["GET"]}}],"collection":[{"href":"https:\/\/diarioavanzada.com.mx\/index.php?rest_route=\/wp\/v2\/posts"}],"about":[{"href":"https:\/\/diarioavanzada.com.mx\/index.php?rest_route=\/wp\/v2\/types\/post"}],"author":[{"embeddable":true,"href":"https:\/\/diarioavanzada.com.mx\/index.php?rest_route=\/wp\/v2\/users\/5"}],"replies":[{"embeddable":true,"href":"https:\/\/diarioavanzada.com.mx\/index.php?rest_route=%2Fwp%2Fv2%2Fcomments&post=14239"}],"version-history":[{"count":0,"href":"https:\/\/diarioavanzada.com.mx\/index.php?rest_route=\/wp\/v2\/posts\/14239\/revisions"}],"wp:featuredmedia":[{"embeddable":true,"href":"https:\/\/diarioavanzada.com.mx\/index.php?rest_route=\/wp\/v2\/media\/14240"}],"wp:attachment":[{"href":"https:\/\/diarioavanzada.com.mx\/index.php?rest_route=%2Fwp%2Fv2%2Fmedia&parent=14239"}],"wp:term":[{"taxonomy":"category","embeddable":true,"href":"https:\/\/diarioavanzada.com.mx\/index.php?rest_route=%2Fwp%2Fv2%2Fcategories&post=14239"},{"taxonomy":"post_tag","embeddable":true,"href":"https:\/\/diarioavanzada.com.mx\/index.php?rest_route=%2Fwp%2Fv2%2Ftags&post=14239"}],"curies":[{"name":"wp","href":"https:\/\/api.w.org\/{rel}","templated":true}]}}