{"id":14217,"date":"2020-07-25T11:13:06","date_gmt":"2020-07-25T16:13:06","guid":{"rendered":"https:\/\/diarioavanzada.com.mx\/?p=14217"},"modified":"2020-07-25T11:13:07","modified_gmt":"2020-07-25T16:13:07","slug":"en-julio-sube-la-inflacion-y-con-ello-el-costo-de-los-productos-de-la-canasta-basica","status":"publish","type":"post","link":"https:\/\/diarioavanzada.com.mx\/?p=14217","title":{"rendered":"En julio, sube la inflaci\u00f3n y con ello el costo de los productos de la canasta b\u00e1sica"},"content":{"rendered":"\n<p class=\"wp-block-paragraph\">Colima, M\u00e9xico, Avanzada (25\/07\/2020).- &nbsp;En el pa\u00eds no solamente se perdieron m\u00e1s de un mill\u00f3n de empleos formales en el \u00faltimo trimestre a consecuencia de la pandemia por el Covid-19, tambi\u00e9n, durante el mes de julio, la inflaci\u00f3n en M\u00e9xico sigue a la alza, lo que impacta en el costo de diversos productos, entre ellos los relacionados con la canasta b\u00e1sica y afecta el poder adquisitivo de las personas.<\/p>\n\n\n\n<p class=\"wp-block-paragraph\">Durante este mes, el \u00edndice de precios al consumidor arroj\u00f3 una tasa anual de 3.59 por ciento, cuando en junio pasado fue de 3.33 por ciento, y en mayo de 2.84 por cientos; dichos porcentajes muestran que en los meses de junio y julio los precios de diversos productos incrementaron.<\/p>\n\n\n\n<p class=\"wp-block-paragraph\">La organizaci\u00f3n \u00bfC\u00f3mo Vamos M\u00e9xico? Expone que la inflaci\u00f3n es el aumento sostenido y generalizado de los precios de los bienes y servicios de una econom\u00eda a trav\u00e9s del tiempo. Se calcula a partir de estimar cu\u00e1nto han aumentado durante el \u00faltimo a\u00f1o los precios de una canasta definida por el INEGI que incluye 299 bienes y servicios.<\/p>\n\n\n\n<p class=\"wp-block-paragraph\">Refiere que lo permitido es una Inflaci\u00f3n entre el 2 por ciento y el 4 por ciento,&nbsp; medido a partir de la tasa anual de crecimiento del \u00cdndice Nacional de Precios al Consumidor quincenal reportada por el INEGI.<\/p>\n\n\n\n<p class=\"wp-block-paragraph\">La misma organizaci\u00f3n refiere que una inflaci\u00f3n controlada permite mantener el poder adquisitivo de las personas, al mismo tiempo que incentiva la producci\u00f3n de bienes.<\/p>\n\n\n\n<p class=\"wp-block-paragraph\">En tanto, una inflaci\u00f3n demasiado baja es tan mala como una inflaci\u00f3n demasiado alta, \u201csi es muy baja los comerciantes pierden inter\u00e9s en ofrecer sus bienes, y si es demasiado alta los individuos reducen su capacidad de compra\u201d, concluye.<\/p>\n<div class=\"fb-background-color\">\n\t\t\t  <div \n\t\t\t  \tclass = \"fb-comments\" \n\t\t\t  \tdata-href = \"https:\/\/diarioavanzada.com.mx\/?p=14217\"\n\t\t\t  \tdata-numposts = \"10\"\n\t\t\t  \tdata-lazy = \"true\"\n\t\t\t\tdata-colorscheme = \"light\"\n\t\t\t\tdata-order-by = \"social\"\n\t\t\t\tdata-mobile=true>\n\t\t\t  <\/div><\/div>\n\t\t  <style>\n\t\t    .fb-background-color {\n\t\t\t\tbackground:  !important;\n\t\t\t}\n\t\t\t.fb_iframe_widget_fluid_desktop iframe {\n\t\t\t    width: 100% !important;\n\t\t\t}\n\t\t  <\/style>\n\t\t  ","protected":false},"excerpt":{"rendered":"<p>Colima, M\u00e9xico, Avanzada (25\/07\/2020).- &nbsp;En el pa\u00eds no solamente se perdieron m\u00e1s de un mill\u00f3n de empleos formales en el \u00faltimo trimestre a consecuencia de la pandemia por el Covid-19, tambi\u00e9n, durante el mes de julio, la inflaci\u00f3n en M\u00e9xico sigue a la alza, lo que impacta en el costo de diversos productos, entre ellos [&hellip;]<\/p>\n","protected":false},"author":5,"featured_media":11363,"comment_status":"closed","ping_status":"closed","sticky":false,"template":"","format":"standard","meta":{"_coblocks_attr":"","_coblocks_dimensions":"","_coblocks_responsive_height":"","_coblocks_accordion_ie_support":"","_crdt_document":"","advanced_seo_description":"","jetpack_seo_html_title":"","jetpack_seo_noindex":false,"_jetpack_memberships_contains_paid_content":false,"footnotes":""},"categories":[19],"tags":[210],"class_list":["post-14217","post","type-post","status-publish","format-standard","has-post-thumbnail","hentry","category-colima","tag-portada"],"jetpack_featured_media_url":"https:\/\/diarioavanzada.com.mx\/wp-content\/uploads\/2020\/03\/TIENDA-DE-ABARROTES.jpg","jetpack-related-posts":[],"jetpack_sharing_enabled":true,"amp_enabled":true,"_links":{"self":[{"href":"https:\/\/diarioavanzada.com.mx\/index.php?rest_route=\/wp\/v2\/posts\/14217","targetHints":{"allow":["GET"]}}],"collection":[{"href":"https:\/\/diarioavanzada.com.mx\/index.php?rest_route=\/wp\/v2\/posts"}],"about":[{"href":"https:\/\/diarioavanzada.com.mx\/index.php?rest_route=\/wp\/v2\/types\/post"}],"author":[{"embeddable":true,"href":"https:\/\/diarioavanzada.com.mx\/index.php?rest_route=\/wp\/v2\/users\/5"}],"replies":[{"embeddable":true,"href":"https:\/\/diarioavanzada.com.mx\/index.php?rest_route=%2Fwp%2Fv2%2Fcomments&post=14217"}],"version-history":[{"count":0,"href":"https:\/\/diarioavanzada.com.mx\/index.php?rest_route=\/wp\/v2\/posts\/14217\/revisions"}],"wp:featuredmedia":[{"embeddable":true,"href":"https:\/\/diarioavanzada.com.mx\/index.php?rest_route=\/wp\/v2\/media\/11363"}],"wp:attachment":[{"href":"https:\/\/diarioavanzada.com.mx\/index.php?rest_route=%2Fwp%2Fv2%2Fmedia&parent=14217"}],"wp:term":[{"taxonomy":"category","embeddable":true,"href":"https:\/\/diarioavanzada.com.mx\/index.php?rest_route=%2Fwp%2Fv2%2Fcategories&post=14217"},{"taxonomy":"post_tag","embeddable":true,"href":"https:\/\/diarioavanzada.com.mx\/index.php?rest_route=%2Fwp%2Fv2%2Ftags&post=14217"}],"curies":[{"name":"wp","href":"https:\/\/api.w.org\/{rel}","templated":true}]}}