{"id":14198,"date":"2020-07-24T11:06:40","date_gmt":"2020-07-24T16:06:40","guid":{"rendered":"https:\/\/diarioavanzada.com.mx\/?p=14198"},"modified":"2020-07-24T11:09:28","modified_gmt":"2020-07-24T16:09:28","slug":"personal-medico-en-colima-comienza-a-padecer-el-sindrome-de-fatiga-por-compasion","status":"publish","type":"post","link":"https:\/\/diarioavanzada.com.mx\/?p=14198","title":{"rendered":"Personal m\u00e9dico en Colima comienza a padecer el &#8220;S\u00edndrome de Fatiga por Compasi\u00f3n&#8221;"},"content":{"rendered":"\n<p class=\"wp-block-paragraph\">Colima, M\u00e9xico, Avanzada (24\/07\/2020).-\u00a0La secretar\u00eda de Salud en Colima solicit\u00f3 a la poblaci\u00f3n una mayor solidaridad con el personal m\u00e9dico y de enfermer\u00eda que se encarga de atender a los enfermos de Covid-19 en la entidad y explic\u00f3 que est\u00e1n sujetos a una carga de estr\u00e9s excesivo, pero adem\u00e1s, algunos padecen el S\u00edndrome de Fatiga por Compasi\u00f3n, que se caracteriza por experimentar sentimientos de tristeza y la sensaci\u00f3n de no poder lidiar con el sufrimiento de los pacientes y sus familiares.<\/p>\n\n\n\n<p class=\"wp-block-paragraph\">El coordinador&nbsp; estatal de las Unidades de Especialidades M\u00e9dicas de las Adicciones, Guillermo Blanco Govea explic\u00f3 que la secretar\u00eda de Salud implement\u00f3 un programa para atender la salud mental de los m\u00e9dicos y las enfermeras que atienden a los enfermos de Covid-19 hospitalizados en diferentes nosocomios del Estado.<\/p>\n\n\n\n<p class=\"wp-block-paragraph\">Indic\u00f3 que el personal m\u00e9dico est\u00e1 sujeto a una carga de estr\u00e9s elevada, largas jornadas laborales,&nbsp;adem\u00e1s son poblaci\u00f3n vulnerable a los contagios por las actividades que realizan por el n\u00famero elevado de casos que se est\u00e1n registrando.<\/p>\n\n\n\n<p class=\"wp-block-paragraph\">Dijo que todo eso genera en el personal de salud, cansancio, fatiga, \u201ccambios en sus h\u00e1bitos alimenticios, frustraci\u00f3n, fastidios por sentirse agobiados.&nbsp;Incluso, Desanimo para realizar algunas actividades por estar distanciados de sus seres queridos por temor de trasmitir la enfermedad\u201d.<\/p>\n\n\n\n<p class=\"wp-block-paragraph\">Refiri\u00f3 que son personal que puede incurrir en conductas de riesgo como el abuso de sustancias estimulantes, entre ellas, la cafe\u00edna, el alcohol o el tabaco, y eso puede detonar en alteraciones o comportamientos que pueden manifestarse &nbsp;en ansiedad, estr\u00e9s agudo o crisis&nbsp; de p\u00e1nico\u201d.<\/p>\n\n\n\n<p class=\"wp-block-paragraph\">Blanco Govea&nbsp;expres\u00f3 que existe personal m\u00e9dico que padece el S\u00edndrome de Desgaste Profesional, que se caracteriza por un cansancio emocional y f\u00edsico, pero tambi\u00e9n empieza a surgir el S\u00edndrome de Fatiga por Compasi\u00f3n.<\/p>\n\n\n\n<p class=\"wp-block-paragraph\">Explic\u00f3 que adem\u00e1s de esas alteraciones en su salud emocional, el personal que atiende a los enfermos de Covid-19 debe lidiar con la discriminaci\u00f3n, estigmatizaci\u00f3n,&nbsp; menosprecio y maltrato por alg\u00fan sector de la poblaci\u00f3n, \u201ces preciso un cuidado prioritario porque son los primeros respondientes de esta emergencia sanitaria\u201d<\/p>\n\n\n\n<p class=\"wp-block-paragraph\">Por eso pidi\u00f3 a la poblaci\u00f3n a confiar en el personal de salud, evitar la discriminaci\u00f3n y reconocer las buenas pr\u00e1cticas m\u00e9dicas.<\/p>\n\n\n\n<p class=\"wp-block-paragraph\"><\/p>\n\n\n\n<p class=\"wp-block-paragraph\"><\/p>\n<div class=\"fb-background-color\">\n\t\t\t  <div \n\t\t\t  \tclass = \"fb-comments\" \n\t\t\t  \tdata-href = \"https:\/\/diarioavanzada.com.mx\/?p=14198\"\n\t\t\t  \tdata-numposts = \"10\"\n\t\t\t  \tdata-lazy = \"true\"\n\t\t\t\tdata-colorscheme = \"light\"\n\t\t\t\tdata-order-by = \"social\"\n\t\t\t\tdata-mobile=true>\n\t\t\t  <\/div><\/div>\n\t\t  <style>\n\t\t    .fb-background-color {\n\t\t\t\tbackground:  !important;\n\t\t\t}\n\t\t\t.fb_iframe_widget_fluid_desktop iframe {\n\t\t\t    width: 100% !important;\n\t\t\t}\n\t\t  <\/style>\n\t\t  ","protected":false},"excerpt":{"rendered":"<p>Colima, M\u00e9xico, Avanzada (24\/07\/2020).-\u00a0La secretar\u00eda de Salud en Colima solicit\u00f3 a la poblaci\u00f3n una mayor solidaridad con el personal m\u00e9dico y de enfermer\u00eda que se encarga de atender a los enfermos de Covid-19 en la entidad y explic\u00f3 que est\u00e1n sujetos a una carga de estr\u00e9s excesivo, pero adem\u00e1s, algunos padecen el S\u00edndrome de Fatiga [&hellip;]<\/p>\n","protected":false},"author":5,"featured_media":14199,"comment_status":"closed","ping_status":"closed","sticky":false,"template":"","format":"standard","meta":{"_coblocks_attr":"","_coblocks_dimensions":"","_coblocks_responsive_height":"","_coblocks_accordion_ie_support":"","advanced_seo_description":"","jetpack_seo_html_title":"","jetpack_seo_noindex":false,"jetpack_seo_schema_type":"","_jetpack_newsletter_access":"","_jetpack_dont_email_post_to_subs":false,"_jetpack_newsletter_tier_id":0,"_jetpack_memberships_contains_paywalled_content":false,"_wpcom_ai_launchpad_first_post":false,"_jetpack_feature_clip_id":0,"_jetpack_memberships_contains_paid_content":false,"footnotes":"","jetpack_post_was_ever_published":false},"categories":[19,27],"tags":[300,210,218],"class_list":["post-14198","post","type-post","status-publish","format-standard","has-post-thumbnail","hentry","category-colima","category-salud","tag-covid-19","tag-portada","tag-salud"],"jetpack-related-posts":[],"jetpack_sharing_enabled":true,"amp_enabled":true,"jetpack_featured_media_url":"https:\/\/diarioavanzada.com.mx\/wp-content\/uploads\/2020\/07\/116016792_3126671367424028_3813335661380832039_o.jpg","_links":{"self":[{"href":"https:\/\/diarioavanzada.com.mx\/index.php?rest_route=\/wp\/v2\/posts\/14198","targetHints":{"allow":["GET"]}}],"collection":[{"href":"https:\/\/diarioavanzada.com.mx\/index.php?rest_route=\/wp\/v2\/posts"}],"about":[{"href":"https:\/\/diarioavanzada.com.mx\/index.php?rest_route=\/wp\/v2\/types\/post"}],"author":[{"embeddable":true,"href":"https:\/\/diarioavanzada.com.mx\/index.php?rest_route=\/wp\/v2\/users\/5"}],"replies":[{"embeddable":true,"href":"https:\/\/diarioavanzada.com.mx\/index.php?rest_route=%2Fwp%2Fv2%2Fcomments&post=14198"}],"version-history":[{"count":0,"href":"https:\/\/diarioavanzada.com.mx\/index.php?rest_route=\/wp\/v2\/posts\/14198\/revisions"}],"wp:featuredmedia":[{"embeddable":true,"href":"https:\/\/diarioavanzada.com.mx\/index.php?rest_route=\/wp\/v2\/media\/14199"}],"wp:attachment":[{"href":"https:\/\/diarioavanzada.com.mx\/index.php?rest_route=%2Fwp%2Fv2%2Fmedia&parent=14198"}],"wp:term":[{"taxonomy":"category","embeddable":true,"href":"https:\/\/diarioavanzada.com.mx\/index.php?rest_route=%2Fwp%2Fv2%2Fcategories&post=14198"},{"taxonomy":"post_tag","embeddable":true,"href":"https:\/\/diarioavanzada.com.mx\/index.php?rest_route=%2Fwp%2Fv2%2Ftags&post=14198"}],"curies":[{"name":"wp","href":"https:\/\/api.w.org\/{rel}","templated":true}]}}