{"id":13986,"date":"2020-07-15T09:44:43","date_gmt":"2020-07-15T14:44:43","guid":{"rendered":"https:\/\/diarioavanzada.com.mx\/?p=13986"},"modified":"2020-07-15T09:44:45","modified_gmt":"2020-07-15T14:44:45","slug":"municipio-de-colima-maquilla-las-cifras-de-robo","status":"publish","type":"post","link":"https:\/\/diarioavanzada.com.mx\/?p=13986","title":{"rendered":"Municipio de Colima &#8220;maquilla&#8221; las cifras de robo"},"content":{"rendered":"\n<p class=\"wp-block-paragraph\">Colima, M\u00e9xico, Avanzada (15\/07\/2020).- La organizaci\u00f3n \u00bfC\u00f3mo Vamos Colima? inform\u00f3 que no coinciden los datos de robo que presenta la Polic\u00eda Municipal de Colima, con los del Secretariado Ejecutivo del Sistema Nacional de Seguridad P\u00fablica (SESNSP).<\/p>\n\n\n\n<p class=\"wp-block-paragraph\">En su an\u00e1lisis, la organizaci\u00f3n expuso que la Polic\u00eda capitalina inform\u00f3 que en mayo hubo 14 reportes de robos a casa habitaci\u00f3n, pero el SESNSP registr\u00f3 43 casos<\/p>\n\n\n\n<p class=\"wp-block-paragraph\">Aunado a ello, -dijo la ONG- los datos s\u00f3lo son visibles en redes sociales y no en las p\u00e1ginas oficiales del H. Ayuntamiento, lo que ser\u00eda de utilidad para corroborar las cifras y la metodolog\u00eda con la que se capturan.<\/p>\n\n\n\n<p class=\"wp-block-paragraph\">De igual forma, expuso que el municipio de Colima tiene la mayor incidencia de robos en la entidad por cada 100 mil habitantes con 527 casos denunciados ante la Fiscal\u00eda General del Estado.<\/p>\n\n\n\n<p class=\"wp-block-paragraph\">La organizaci\u00f3n \u00bfC\u00f3mo vamos Colima? reporto que si bien los robos a casa habitaci\u00f3n y a veh\u00edculos han disminuido comparado con el 2019, los hurtos a negocios y a transe\u00fantes se han incrementado en un 17 y 33 por ciento, respectivamente.<\/p>\n\n\n\n<p class=\"wp-block-paragraph\">En el an\u00e1lisis que hizo la organizaci\u00f3n civil, los asaltos a negocios pasaron de 94 casos en enero a mayo de 2019 a 110 en enero y mayo de 2020, de estos \u00faltimos, en 10% se hizo uso de la violencia. En cuanto a los robos a transe\u00fante, subieron de 15 (ene-may 2019) a 20 casos (ene-may 2020).<\/p>\n\n\n\n<p class=\"wp-block-paragraph\">Expres\u00f3 que una particularidad de este municipio es que desde principios de este a\u00f1o se ha implementado el Modelo de Justicia C\u00edvica y Polic\u00eda de Proximidad, el cual sostiene la importancia de crear un cuerpo policial confiable y cercano a la poblaci\u00f3n.<\/p>\n\n\n\n<p class=\"wp-block-paragraph\">Refiere que probablemente en ese sentido, la polic\u00eda municipal de Colima hace publicaciones a trav\u00e9s de sus redes sociales un reporte diario sobre las denuncias ocurridas de distintos delitos, como violencia familiar, robos a casa, negocio y de veh\u00edculo en el que se comparan las cifras del d\u00eda a d\u00eda y las ocurridas en los \u00faltimos ocho meses.<\/p>\n\n\n\n<p class=\"wp-block-paragraph\">\u201cNo obstante, en lo que concierne a los tipos de robo, no concuerdan las cifras mensuales presentadas por la polic\u00eda municipal que las reportadas en los datos del SESNSP\u201d, expres\u00f3.<\/p>\n\n\n\n<figure class=\"wp-block-image size-large\"><img loading=\"lazy\" decoding=\"async\" width=\"765\" height=\"461\" src=\"https:\/\/diarioavanzada.com.mx\/wp-content\/uploads\/2020\/07\/image-90.png\" alt=\"\" class=\"wp-image-13987\" \/><\/figure>\n<div class=\"fb-background-color\">\n\t\t\t  <div \n\t\t\t  \tclass = \"fb-comments\" \n\t\t\t  \tdata-href = \"https:\/\/diarioavanzada.com.mx\/?p=13986\"\n\t\t\t  \tdata-numposts = \"10\"\n\t\t\t  \tdata-lazy = \"true\"\n\t\t\t\tdata-colorscheme = \"light\"\n\t\t\t\tdata-order-by = \"social\"\n\t\t\t\tdata-mobile=true>\n\t\t\t  <\/div><\/div>\n\t\t  <style>\n\t\t    .fb-background-color {\n\t\t\t\tbackground:  !important;\n\t\t\t}\n\t\t\t.fb_iframe_widget_fluid_desktop iframe {\n\t\t\t    width: 100% !important;\n\t\t\t}\n\t\t  <\/style>\n\t\t  ","protected":false},"excerpt":{"rendered":"<p>Colima, M\u00e9xico, Avanzada (15\/07\/2020).- La organizaci\u00f3n \u00bfC\u00f3mo Vamos Colima? inform\u00f3 que no coinciden los datos de robo que presenta la Polic\u00eda Municipal de Colima, con los del Secretariado Ejecutivo del Sistema Nacional de Seguridad P\u00fablica (SESNSP). En su an\u00e1lisis, la organizaci\u00f3n expuso que la Polic\u00eda capitalina inform\u00f3 que en mayo hubo 14 reportes de robos [&hellip;]<\/p>\n","protected":false},"author":5,"featured_media":7252,"comment_status":"closed","ping_status":"closed","sticky":false,"template":"","format":"standard","meta":{"_coblocks_attr":"","_coblocks_dimensions":"","_coblocks_responsive_height":"","_coblocks_accordion_ie_support":"","_crdt_document":"","advanced_seo_description":"","jetpack_seo_html_title":"","jetpack_seo_noindex":false,"_jetpack_memberships_contains_paid_content":false,"footnotes":""},"categories":[19],"tags":[210],"class_list":["post-13986","post","type-post","status-publish","format-standard","has-post-thumbnail","hentry","category-colima","tag-portada"],"jetpack_featured_media_url":"https:\/\/diarioavanzada.com.mx\/wp-content\/uploads\/2019\/08\/Locho-les-dije-que-nos-iban-a-fallar.png","jetpack-related-posts":[],"jetpack_sharing_enabled":true,"amp_enabled":true,"_links":{"self":[{"href":"https:\/\/diarioavanzada.com.mx\/index.php?rest_route=\/wp\/v2\/posts\/13986","targetHints":{"allow":["GET"]}}],"collection":[{"href":"https:\/\/diarioavanzada.com.mx\/index.php?rest_route=\/wp\/v2\/posts"}],"about":[{"href":"https:\/\/diarioavanzada.com.mx\/index.php?rest_route=\/wp\/v2\/types\/post"}],"author":[{"embeddable":true,"href":"https:\/\/diarioavanzada.com.mx\/index.php?rest_route=\/wp\/v2\/users\/5"}],"replies":[{"embeddable":true,"href":"https:\/\/diarioavanzada.com.mx\/index.php?rest_route=%2Fwp%2Fv2%2Fcomments&post=13986"}],"version-history":[{"count":0,"href":"https:\/\/diarioavanzada.com.mx\/index.php?rest_route=\/wp\/v2\/posts\/13986\/revisions"}],"wp:featuredmedia":[{"embeddable":true,"href":"https:\/\/diarioavanzada.com.mx\/index.php?rest_route=\/wp\/v2\/media\/7252"}],"wp:attachment":[{"href":"https:\/\/diarioavanzada.com.mx\/index.php?rest_route=%2Fwp%2Fv2%2Fmedia&parent=13986"}],"wp:term":[{"taxonomy":"category","embeddable":true,"href":"https:\/\/diarioavanzada.com.mx\/index.php?rest_route=%2Fwp%2Fv2%2Fcategories&post=13986"},{"taxonomy":"post_tag","embeddable":true,"href":"https:\/\/diarioavanzada.com.mx\/index.php?rest_route=%2Fwp%2Fv2%2Ftags&post=13986"}],"curies":[{"name":"wp","href":"https:\/\/api.w.org\/{rel}","templated":true}]}}