{"id":13983,"date":"2020-07-15T09:15:14","date_gmt":"2020-07-15T14:15:14","guid":{"rendered":"https:\/\/diarioavanzada.com.mx\/?p=13983"},"modified":"2020-07-15T09:15:16","modified_gmt":"2020-07-15T14:15:16","slug":"covid-19-pulveriza-5-mil-empleos-formales-en-colima","status":"publish","type":"post","link":"https:\/\/diarioavanzada.com.mx\/?p=13983","title":{"rendered":"Covid-19 pulveriza 5 mil empleos formales en Colima"},"content":{"rendered":"\n<p class=\"wp-block-paragraph\">Colima, M\u00e9xico, Avanzada (15\/07\/2020).- El Instituto Mexicano del Seguro Social (IMSS) confirm\u00f3 que de marzo a junio en Colima se perdieron 4 mil 568 empleos formales por la contingencia decretada para frenar el Covid-19.<\/p>\n\n\n\n<p class=\"wp-block-paragraph\">Sin embargo, la dependencia no inform\u00f3 cu\u00e1les sectores fueron los m\u00e1s afectados por la p\u00e9rdida de empleo en el estado de Colima, pero se deduce que puede ser el turismo y el de servicios y comercio.<\/p>\n\n\n\n<p class=\"wp-block-paragraph\">El domingo el IMSS public\u00f3 su informe mensual sobre los empleos formales en M\u00e9xico y se\u00f1al\u00f3 que en junio se perdieron en todo el pa\u00eds, 83 mil 311 puestos de trabajos.<\/p>\n\n\n\n<p class=\"wp-block-paragraph\">Mientras que en el primer semestre de 2020, en la rep\u00fablica mexicana&nbsp; dejaron de cotizar un mill\u00f3n 113 mil 667 trabajadores como consecuencia de las medidas decretadas para evitar los contagios de coronavirus.<\/p>\n\n\n\n<p class=\"wp-block-paragraph\">\u201cComo consecuencia de los efectos derivados de la emergencia sanitaria, en junio se registra una disminuci\u00f3n mensual de 83,311 puestos, equivalente a una tasa mensual de -0.4 por ciento\u201d se\u00f1al\u00f3 el IMSS en su reporte del domingo.<\/p>\n\n\n\n<p class=\"wp-block-paragraph\">La entidad m\u00e1s afectada por el desplome del empleo formal es Quintana Roo, seguido de Baja California Sur y Guerrero.<\/p>\n\n\n\n<p class=\"wp-block-paragraph\">Aunque en Colima se perdieron cerca de 5 mil plazas laborales, en comparaci\u00f3n con otras estados, es de la entidades que perdieron menos empleos formales.<\/p>\n\n\n\n<p class=\"wp-block-paragraph\">Sin embargo, desde el 2016 este gobierno no ha cumplido con su meta de generaci\u00f3n de empleos.\u00a0En el 2019 se crearon 3 mil 959\u00a0empleos\u00a0formales, cuando la meta era 8 mil\u00a0empleos\u00a0formales.<\/p>\n\n\n\n<p class=\"wp-block-paragraph\"><\/p>\n<div class=\"fb-background-color\">\n\t\t\t  <div \n\t\t\t  \tclass = \"fb-comments\" \n\t\t\t  \tdata-href = \"https:\/\/diarioavanzada.com.mx\/?p=13983\"\n\t\t\t  \tdata-numposts = \"10\"\n\t\t\t  \tdata-lazy = \"true\"\n\t\t\t\tdata-colorscheme = \"light\"\n\t\t\t\tdata-order-by = \"social\"\n\t\t\t\tdata-mobile=true>\n\t\t\t  <\/div><\/div>\n\t\t  <style>\n\t\t    .fb-background-color {\n\t\t\t\tbackground:  !important;\n\t\t\t}\n\t\t\t.fb_iframe_widget_fluid_desktop iframe {\n\t\t\t    width: 100% !important;\n\t\t\t}\n\t\t  <\/style>\n\t\t  ","protected":false},"excerpt":{"rendered":"<p>Colima, M\u00e9xico, Avanzada (15\/07\/2020).- El Instituto Mexicano del Seguro Social (IMSS) confirm\u00f3 que de marzo a junio en Colima se perdieron 4 mil 568 empleos formales por la contingencia decretada para frenar el Covid-19. Sin embargo, la dependencia no inform\u00f3 cu\u00e1les sectores fueron los m\u00e1s afectados por la p\u00e9rdida de empleo en el estado de [&hellip;]<\/p>\n","protected":false},"author":5,"featured_media":13984,"comment_status":"closed","ping_status":"closed","sticky":false,"template":"","format":"standard","meta":{"_coblocks_attr":"","_coblocks_dimensions":"","_coblocks_responsive_height":"","_coblocks_accordion_ie_support":"","advanced_seo_description":"","jetpack_seo_html_title":"","jetpack_seo_noindex":false,"jetpack_seo_schema_type":"","_jetpack_newsletter_access":"","_jetpack_dont_email_post_to_subs":false,"_jetpack_newsletter_tier_id":0,"_jetpack_memberships_contains_paywalled_content":false,"_wpcom_ai_launchpad_first_post":false,"_jetpack_feature_clip_id":0,"_jetpack_memberships_contains_paid_content":false,"footnotes":"","jetpack_post_was_ever_published":false},"categories":[19],"tags":[300,210],"class_list":["post-13983","post","type-post","status-publish","format-standard","has-post-thumbnail","hentry","category-colima","tag-covid-19","tag-portada"],"jetpack-related-posts":[],"jetpack_sharing_enabled":true,"amp_enabled":true,"jetpack_featured_media_url":"https:\/\/diarioavanzada.com.mx\/wp-content\/uploads\/2020\/07\/dfae4591-dcb1-48d1-b0da-3bb3b2cc1b29.jpg","_links":{"self":[{"href":"https:\/\/diarioavanzada.com.mx\/index.php?rest_route=\/wp\/v2\/posts\/13983","targetHints":{"allow":["GET"]}}],"collection":[{"href":"https:\/\/diarioavanzada.com.mx\/index.php?rest_route=\/wp\/v2\/posts"}],"about":[{"href":"https:\/\/diarioavanzada.com.mx\/index.php?rest_route=\/wp\/v2\/types\/post"}],"author":[{"embeddable":true,"href":"https:\/\/diarioavanzada.com.mx\/index.php?rest_route=\/wp\/v2\/users\/5"}],"replies":[{"embeddable":true,"href":"https:\/\/diarioavanzada.com.mx\/index.php?rest_route=%2Fwp%2Fv2%2Fcomments&post=13983"}],"version-history":[{"count":0,"href":"https:\/\/diarioavanzada.com.mx\/index.php?rest_route=\/wp\/v2\/posts\/13983\/revisions"}],"wp:featuredmedia":[{"embeddable":true,"href":"https:\/\/diarioavanzada.com.mx\/index.php?rest_route=\/wp\/v2\/media\/13984"}],"wp:attachment":[{"href":"https:\/\/diarioavanzada.com.mx\/index.php?rest_route=%2Fwp%2Fv2%2Fmedia&parent=13983"}],"wp:term":[{"taxonomy":"category","embeddable":true,"href":"https:\/\/diarioavanzada.com.mx\/index.php?rest_route=%2Fwp%2Fv2%2Fcategories&post=13983"},{"taxonomy":"post_tag","embeddable":true,"href":"https:\/\/diarioavanzada.com.mx\/index.php?rest_route=%2Fwp%2Fv2%2Ftags&post=13983"}],"curies":[{"name":"wp","href":"https:\/\/api.w.org\/{rel}","templated":true}]}}