{"id":13973,"date":"2020-07-14T11:17:32","date_gmt":"2020-07-14T16:17:32","guid":{"rendered":"https:\/\/diarioavanzada.com.mx\/?p=13973"},"modified":"2020-07-14T11:17:33","modified_gmt":"2020-07-14T16:17:33","slug":"colimenses-piden-a-hacienda-no-avalar-el-credito-por-740-mdp","status":"publish","type":"post","link":"https:\/\/diarioavanzada.com.mx\/?p=13973","title":{"rendered":"Colimenses piden a Hacienda no avalar el cr\u00e9dito por 740 MDP"},"content":{"rendered":"\n<p class=\"wp-block-paragraph\">Colima, M\u00e9xico, Avanzada (14\/07\/2020).- Ciudadanos de Colima pidieron a la secretar\u00eda de Hacienda y Cr\u00e9dito P\u00fablico (SHyCP) no avalar el cr\u00e9dito por 740 millones de pesos que solicitar\u00e1 el Gobierno de Colima por considerar que este es ilegal y se usar\u00e1 para la pr\u00f3xima campa\u00f1a electoral.<\/p>\n\n\n\n<p class=\"wp-block-paragraph\">A trav\u00e9s de la plataforma Change.Org, la secretar\u00eda del Ayuntamiento de Manzanillo, Martha Zepeda del Toro cre\u00f3 la petici\u00f3n que se enviar\u00eda al presidente de la rep\u00fablica, Andr\u00e9s Manuel L\u00f3pez Obrador.<\/p>\n\n\n\n<p class=\"wp-block-paragraph\">Zepeda del Toro expuso que trav\u00e9s de la ilegalidad, y la compra de conciencias, el Gobierno estatal obtuvo la autorizaci\u00f3n del Congreso para contratar la deuda que es rechazada por los colimenses por el uso opaco que el gobierno estatal le ha dado a los recursos p\u00fablicos.<\/p>\n\n\n\n<p class=\"wp-block-paragraph\">\u201cEs una simulaci\u00f3n que les preocupe la salud, la cultura, y sobre todo la seguridad de nuestras familias, por el contrario, esos recursos ser\u00e1n invertidos en las siguientes campa\u00f1as electorales como lo hizo el ex gobernador Mario Anguiano Moreno quien ha declarado c\u00ednicamente que la deuda que en su tiempo contrat\u00f3 fue para pagarle la campa\u00f1a a Jos\u00e9 Ignacio Peralta S\u00e1nchez\u201d.<\/p>\n\n\n\n<p class=\"wp-block-paragraph\">La solicitud en Change.org est\u00e1 dirigida al presidente, Andr\u00e9s Manuel L\u00f3pez Obrador, quien encabezar\u00e1 una gira por el estado el pr\u00f3ximo viernes y tiene como finalidad, pedirle que ordene a la Secretar\u00eda de Hacienda no validar el cr\u00e9dito por 740 millones de pesos que pagar\u00e1n los colimenses por los pr\u00f3ximos 20 a\u00f1os.<\/p>\n\n\n\n<p class=\"wp-block-paragraph\">El 20 de junio, el columnista de El Universal, Salvador Garc\u00eda Soto inform\u00f3 que el presidente L\u00f3pez Obrador instruy\u00f3 al secretario de Hacienda, Arturo Herrera, no avalar los cr\u00e9ditos de los gobernadores hasta que pasen las elecciones del pr\u00f3ximo a\u00f1o.<\/p>\n\n\n\n<p class=\"wp-block-paragraph\">Ese mismo 20 de junio, la reportera Martha Mart\u00ednez del peri\u00f3dico \u201cEl Ma\u00f1ana\u201d inform\u00f3 que la Secretar\u00eda de Hacienda\u00a0no autoriz\u00f3 el aval para que el gobierno del Estado comprometiera las participaciones federales como garant\u00eda a la solicitud del pr\u00e9stamo de 4 mil 600 millones de pesos, por los antecedentes de deudas, presuntos malos manejos y opacidad de la actual administraci\u00f3n de Francisco Garc\u00eda Cabeza de Vaca.<\/p>\n\n\n\n<p class=\"wp-block-paragraph\"><\/p>\n<div class=\"fb-background-color\">\n\t\t\t  <div \n\t\t\t  \tclass = \"fb-comments\" \n\t\t\t  \tdata-href = \"https:\/\/diarioavanzada.com.mx\/?p=13973\"\n\t\t\t  \tdata-numposts = \"10\"\n\t\t\t  \tdata-lazy = \"true\"\n\t\t\t\tdata-colorscheme = \"light\"\n\t\t\t\tdata-order-by = \"social\"\n\t\t\t\tdata-mobile=true>\n\t\t\t  <\/div><\/div>\n\t\t  <style>\n\t\t    .fb-background-color {\n\t\t\t\tbackground:  !important;\n\t\t\t}\n\t\t\t.fb_iframe_widget_fluid_desktop iframe {\n\t\t\t    width: 100% !important;\n\t\t\t}\n\t\t  <\/style>\n\t\t  ","protected":false},"excerpt":{"rendered":"<p>Colima, M\u00e9xico, Avanzada (14\/07\/2020).- Ciudadanos de Colima pidieron a la secretar\u00eda de Hacienda y Cr\u00e9dito P\u00fablico (SHyCP) no avalar el cr\u00e9dito por 740 millones de pesos que solicitar\u00e1 el Gobierno de Colima por considerar que este es ilegal y se usar\u00e1 para la pr\u00f3xima campa\u00f1a electoral. A trav\u00e9s de la plataforma Change.Org, la secretar\u00eda del [&hellip;]<\/p>\n","protected":false},"author":5,"featured_media":13974,"comment_status":"closed","ping_status":"closed","sticky":false,"template":"","format":"standard","meta":{"_coblocks_attr":"","_coblocks_dimensions":"","_coblocks_responsive_height":"","_coblocks_accordion_ie_support":"","_crdt_document":"","advanced_seo_description":"","jetpack_seo_html_title":"","jetpack_seo_noindex":false,"_jetpack_memberships_contains_paid_content":false,"footnotes":""},"categories":[19],"tags":[210],"class_list":["post-13973","post","type-post","status-publish","format-standard","has-post-thumbnail","hentry","category-colima","tag-portada"],"jetpack_featured_media_url":"https:\/\/diarioavanzada.com.mx\/wp-content\/uploads\/2020\/07\/109132357_3011303925589789_4850640488404107219_n.jpg","jetpack-related-posts":[],"jetpack_sharing_enabled":true,"amp_enabled":true,"_links":{"self":[{"href":"https:\/\/diarioavanzada.com.mx\/index.php?rest_route=\/wp\/v2\/posts\/13973","targetHints":{"allow":["GET"]}}],"collection":[{"href":"https:\/\/diarioavanzada.com.mx\/index.php?rest_route=\/wp\/v2\/posts"}],"about":[{"href":"https:\/\/diarioavanzada.com.mx\/index.php?rest_route=\/wp\/v2\/types\/post"}],"author":[{"embeddable":true,"href":"https:\/\/diarioavanzada.com.mx\/index.php?rest_route=\/wp\/v2\/users\/5"}],"replies":[{"embeddable":true,"href":"https:\/\/diarioavanzada.com.mx\/index.php?rest_route=%2Fwp%2Fv2%2Fcomments&post=13973"}],"version-history":[{"count":0,"href":"https:\/\/diarioavanzada.com.mx\/index.php?rest_route=\/wp\/v2\/posts\/13973\/revisions"}],"wp:featuredmedia":[{"embeddable":true,"href":"https:\/\/diarioavanzada.com.mx\/index.php?rest_route=\/wp\/v2\/media\/13974"}],"wp:attachment":[{"href":"https:\/\/diarioavanzada.com.mx\/index.php?rest_route=%2Fwp%2Fv2%2Fmedia&parent=13973"}],"wp:term":[{"taxonomy":"category","embeddable":true,"href":"https:\/\/diarioavanzada.com.mx\/index.php?rest_route=%2Fwp%2Fv2%2Fcategories&post=13973"},{"taxonomy":"post_tag","embeddable":true,"href":"https:\/\/diarioavanzada.com.mx\/index.php?rest_route=%2Fwp%2Fv2%2Ftags&post=13973"}],"curies":[{"name":"wp","href":"https:\/\/api.w.org\/{rel}","templated":true}]}}