{"id":13827,"date":"2020-07-08T11:47:30","date_gmt":"2020-07-08T16:47:30","guid":{"rendered":"https:\/\/diarioavanzada.com.mx\/?p=13827"},"modified":"2020-07-08T11:47:54","modified_gmt":"2020-07-08T16:47:54","slug":"dos-diputadas-de-morena-denuncian-hechos-ante-la-fiscalia-anticorrupcion","status":"publish","type":"post","link":"https:\/\/diarioavanzada.com.mx\/?p=13827","title":{"rendered":"Dos diputadas de Morena denuncian hechos ante la Fiscal\u00eda Anticorrupci\u00f3n"},"content":{"rendered":"\n<p class=\"wp-block-paragraph\">Colima, M\u00e9xico, Avanzada (08\/07\/2020).- Las diputadas de Morena, Araceli Garc\u00eda Muro y Claudia Aguirre Luna denunciaron ante La Fiscal\u00eda Anticorrupci\u00f3n a quien resulte responsable de haberles impedido la entrada a la sesi\u00f3n ordinaria en la que 15 diputados locales aprobaron que el gobernador contraiga un cr\u00e9dito bancario por 740 millones de pesos.<\/p>\n\n\n\n<p class=\"wp-block-paragraph\">Las legisladoras se identificaron ante los elementos de la Polic\u00eda Estatal que custodiaban la entrada del edificio de la FTSE donde se llev\u00f3 a cabo la sesi\u00f3n, sin embargo, no se les permiti\u00f3 el ingreso.<\/p>\n\n\n\n<p class=\"wp-block-paragraph\">En entrevista, Araceli Garc\u00eda Muro confirm\u00f3 lo anterior y &nbsp;expuso que analizar\u00e1n &nbsp;qu\u00e9 otras instancias pueden recurrir para denunciar la violencia de la que fueron objeto, pero sobre todo para fincarle responsabilidades a quien resulte responsables de haberles violentado su derecho como representantes populares.<\/p>\n\n\n\n<p class=\"wp-block-paragraph\">La legisladora de Morena refiri\u00f3 que la tarde de ayer martes lleg\u00f3 a las instalaciones de la FTSE y solicit\u00f3 el ingreso al lugar, pero le fue negado, y mientras insist\u00eda en que le permitieran el acceso,&nbsp;se percat\u00f3 que su compa\u00f1era del PT, Ana Karen Hern\u00e1ndez estaba siendo lastimada, \u201ccuando corr\u00ed a auxiliarla, &nbsp;me aventaron (los polic\u00edas), y me lastim\u00e9 un brazo, y una pierna, pero adem\u00e1s yo no soy una jovencita y este tipo de cosas se resienten m\u00e1s. Acabo de someterme a un tratamiento de c\u00e9lulas madre porque no me he sentido bien, y me preocupa que pueda haber alguna afectaci\u00f3n. Sin embargo, haciendo una recapitulaci\u00f3n de lo sucedido, duele m\u00e1s que 15 de mis compa\u00f1eros hayan aprobado la deuda, que los golpes f\u00edsicos\u201d, dijo.<\/p>\n\n\n\n<p class=\"wp-block-paragraph\">Garc\u00eda Muro se\u00f1al\u00f3 que este d\u00eda se reunir\u00e1n los diputados opositores al cr\u00e9dito para analizar las estrategias legales que seguir\u00e1n para impedir que el gobernador ejerza los 740 millones de pesos, \u201cA mi s\u00ed mi preocupa.&nbsp; Debemos &nbsp;ver qu\u00e9 es lo que vamos a hacer, y analizar c\u00f3mo podemos revertir la deuda a los colimenses, porque est\u00e1n endeudando pero no para atender en cosas que realmente impactan a los colimenses, como el tratamiento para las personas que reciben di\u00e1lisis, donde ni medicamento hay y esa es responsabilidad del gobierno estatal\u201d, dijo.<\/p>\n\n\n\n<p class=\"wp-block-paragraph\">Insisti\u00f3 que lo m\u00e1s lastimosos fue la forma en la que varios integrantes del Poder Legislativo se prestaron para endeudar, \u201cHubo diputados que no fueron [las dos diputadas del PT, Ana Mar\u00eda S\u00e1nchez y Mayra Villalvazo y el legislador de Morena, Rogelio Salinas [no asistieron a la sesi\u00f3n] que no participaron [en la sesi\u00f3n] &nbsp;y eso ayuda a los otros a que se salieran con la suya\u201d, dijo.<\/p>\n\n\n\n<p class=\"wp-block-paragraph\">Es de se\u00f1alar que el art\u00edculo 23 de la Ley de Disciplina Financiera de las Entidades y los Municipios establece que en las Legislatura local, las dos terceras partes de los miembros presentes autorizar\u00e1n el monto m\u00e1ximo del endeudamiento.<\/p>\n\n\n\n<figure class=\"wp-block-image size-large is-resized\"><img loading=\"lazy\" decoding=\"async\" src=\"https:\/\/diarioavanzada.com.mx\/wp-content\/uploads\/2020\/07\/image-39.png\" alt=\"\" class=\"wp-image-13829\" width=\"723\" height=\"964\" \/><\/figure>\n\n\n\n<figure class=\"wp-block-image size-large\"><img loading=\"lazy\" decoding=\"async\" width=\"720\" height=\"960\" src=\"https:\/\/diarioavanzada.com.mx\/wp-content\/uploads\/2020\/07\/image-40.png\" alt=\"\" class=\"wp-image-13830\" \/><\/figure>\n\n\n\n<p class=\"wp-block-paragraph\">Mediante su red social de Facebook, el diputado Vladimir Parra comparti\u00f3 im\u00e1genes de lo sucedido y dijo &#8220;hoy, fuimos agredidos y reprimidos cobardemente por polic\u00edas estatales, que por \u00f3rdenes del Gobernador\u00a0Jos\u00e9 Ignacio Peralta S\u00e1nchez, sitiaron y nos negaron el acceso a una sesi\u00f3n ilegal e inv\u00e1lida para aprobar la deuda de 750 millones de pesos en un recinto alterno al Congreso del Estado&#8221;.<\/p>\n<div class=\"fb-background-color\">\n\t\t\t  <div \n\t\t\t  \tclass = \"fb-comments\" \n\t\t\t  \tdata-href = \"https:\/\/diarioavanzada.com.mx\/?p=13827\"\n\t\t\t  \tdata-numposts = \"10\"\n\t\t\t  \tdata-lazy = \"true\"\n\t\t\t\tdata-colorscheme = \"light\"\n\t\t\t\tdata-order-by = \"social\"\n\t\t\t\tdata-mobile=true>\n\t\t\t  <\/div><\/div>\n\t\t  <style>\n\t\t    .fb-background-color {\n\t\t\t\tbackground:  !important;\n\t\t\t}\n\t\t\t.fb_iframe_widget_fluid_desktop iframe {\n\t\t\t    width: 100% !important;\n\t\t\t}\n\t\t  <\/style>\n\t\t  ","protected":false},"excerpt":{"rendered":"<p>Colima, M\u00e9xico, Avanzada (08\/07\/2020).- Las diputadas de Morena, Araceli Garc\u00eda Muro y Claudia Aguirre Luna denunciaron ante La Fiscal\u00eda Anticorrupci\u00f3n a quien resulte responsable de haberles impedido la entrada a la sesi\u00f3n ordinaria en la que 15 diputados locales aprobaron que el gobernador contraiga un cr\u00e9dito bancario por 740 millones de pesos. Las legisladoras se [&hellip;]<\/p>\n","protected":false},"author":5,"featured_media":13828,"comment_status":"closed","ping_status":"closed","sticky":false,"template":"","format":"standard","meta":{"_coblocks_attr":"","_coblocks_dimensions":"","_coblocks_responsive_height":"","_coblocks_accordion_ie_support":"","_crdt_document":"","advanced_seo_description":"","jetpack_seo_html_title":"","jetpack_seo_noindex":false,"_jetpack_memberships_contains_paid_content":false,"footnotes":""},"categories":[19],"tags":[210],"class_list":["post-13827","post","type-post","status-publish","format-standard","has-post-thumbnail","hentry","category-colima","tag-portada"],"jetpack_featured_media_url":"https:\/\/diarioavanzada.com.mx\/wp-content\/uploads\/2020\/07\/Represio\u0301n.png","jetpack-related-posts":[],"jetpack_sharing_enabled":true,"amp_enabled":true,"_links":{"self":[{"href":"https:\/\/diarioavanzada.com.mx\/index.php?rest_route=\/wp\/v2\/posts\/13827","targetHints":{"allow":["GET"]}}],"collection":[{"href":"https:\/\/diarioavanzada.com.mx\/index.php?rest_route=\/wp\/v2\/posts"}],"about":[{"href":"https:\/\/diarioavanzada.com.mx\/index.php?rest_route=\/wp\/v2\/types\/post"}],"author":[{"embeddable":true,"href":"https:\/\/diarioavanzada.com.mx\/index.php?rest_route=\/wp\/v2\/users\/5"}],"replies":[{"embeddable":true,"href":"https:\/\/diarioavanzada.com.mx\/index.php?rest_route=%2Fwp%2Fv2%2Fcomments&post=13827"}],"version-history":[{"count":0,"href":"https:\/\/diarioavanzada.com.mx\/index.php?rest_route=\/wp\/v2\/posts\/13827\/revisions"}],"wp:featuredmedia":[{"embeddable":true,"href":"https:\/\/diarioavanzada.com.mx\/index.php?rest_route=\/wp\/v2\/media\/13828"}],"wp:attachment":[{"href":"https:\/\/diarioavanzada.com.mx\/index.php?rest_route=%2Fwp%2Fv2%2Fmedia&parent=13827"}],"wp:term":[{"taxonomy":"category","embeddable":true,"href":"https:\/\/diarioavanzada.com.mx\/index.php?rest_route=%2Fwp%2Fv2%2Fcategories&post=13827"},{"taxonomy":"post_tag","embeddable":true,"href":"https:\/\/diarioavanzada.com.mx\/index.php?rest_route=%2Fwp%2Fv2%2Ftags&post=13827"}],"curies":[{"name":"wp","href":"https:\/\/api.w.org\/{rel}","templated":true}]}}