{"id":13822,"date":"2020-07-08T11:18:11","date_gmt":"2020-07-08T16:18:11","guid":{"rendered":"https:\/\/diarioavanzada.com.mx\/?p=13822"},"modified":"2020-07-08T11:18:12","modified_gmt":"2020-07-08T16:18:12","slug":"gobierno-gasto-610-mdp-en-obras-que-no-eran-prioritarias","status":"publish","type":"post","link":"https:\/\/diarioavanzada.com.mx\/?p=13822","title":{"rendered":"Gobierno gast\u00f3 610 MDP en obras que no eran prioritarias"},"content":{"rendered":"\n<p class=\"wp-block-paragraph\">Colima, M\u00e9xico, Avanzada (08\/07\/2020).- Una obra requiere una planeaci\u00f3n y el costo-beneficio. Sin embargo, el Gobierno de Colima gasto 610 millones de pesos en cuatro obras que no han tenido un verdadero impacto social.<\/p>\n\n\n\n<p class=\"wp-block-paragraph\">La construcci\u00f3n de una estatua en honor a Miguel de la Madrid, la ampliaci\u00f3n de tres cuadras de la Calzada Galv\u00e1n,&nbsp;la adquisici\u00f3n de los terrenos donde&nbsp;se encontraba la ex tinta XX Zona Militar (aunque esta adquisici\u00f3n est\u00e1 sujeta a investigaci\u00f3n por el OSAFIG)&nbsp;y la Campana,&nbsp;son cuatro proyectos en donde la administraci\u00f3n invirti\u00f3 m\u00e1s de 500 millones de pesos.<\/p>\n\n\n\n<p class=\"wp-block-paragraph\">El 9 de junio de 2016, el gobernador Ignacio Peralta S\u00e1nchez confirm\u00f3 la compra de un terreno de aproximadamente 93 hect\u00e1reas en 170 millones de pesos, el cual est\u00e1 ubicado en la zona norte entre los l\u00edmites de Colima y Villa de \u00c1lvarez, y en el que se construir\u00eda el parque metropolitano arqueol\u00f3gico-recreativo \u201cLa Campana\u201c.<\/p>\n\n\n\n<p class=\"wp-block-paragraph\">Durante el anuncio el mandatario colimense justific\u00f3 la compra y se\u00f1al\u00f3 que el terreno se adquiri\u00f3 a un precio m\u00e1s bajo del avalu\u00f3 que realiz\u00f3 un perito y dijo que para la adquisici\u00f3n del predio, la administraci\u00f3n estatal contaba con un fondo de 100 millones de pesos que s\u00f3lo pod\u00edan destinarlo a inversi\u00f3n productiva.<\/p>\n\n\n\n<p class=\"wp-block-paragraph\">Sin embargo, las cr\u00edticas por la compra iniciaron desde que el mandatario colimense anunci\u00f3 el proyecto, especialmente porque cuatro meses antes de la compra dijo que su antecesor le hered\u00f3 un gobierno financieramente al borde de la quiebra y porque el terreno se encontraba en un litigio jur\u00eddico y pertenec\u00eda a un ex cu\u00f1ado del presidente Carlos Salinas de Gortari.<\/p>\n\n\n\n<p class=\"wp-block-paragraph\">Por otra parte, el&nbsp;25 de septiembre de 2018 inici\u00f3 la remodelaci\u00f3n de 400 metros de la Calzada Galv\u00e1n (Desde la Glorieta del DIF hasta la Glorieta de la Piedra Lisa) y para la cual se invirtieron 31 millones de pesos.<\/p>\n\n\n\n<p class=\"wp-block-paragraph\">La remodelaci\u00f3n formaba parte de la primera etapa de un proyecto que pretend\u00eda mejorar la vialidad hasta la glorieta del Rey Colim\u00e1n, sin embargo, se fren\u00f3 las modificaciones despu\u00e9s de que los vecinos y due\u00f1os de negocios de la Calzada, solicitaran al gobernador Ignacio Peralta S\u00e1nchez no continuar con el proyecto por la inviabilidad de la obra.<\/p>\n\n\n\n<p class=\"wp-block-paragraph\">De igual forma, bajo el pretexto de que los militares buscaban abandonar las instalaciones donde se encuentra la XX zona militar porque \u00e9stas se encontraban en el centro de la ciudad y no les era posible realizar todas sus pr\u00e1cticas militares, el gobernador Ignacio Peralta S\u00e1nchez confirm\u00f3 que el gobierno compr\u00f3 el terreno en poco m\u00e1s de 400 millones de pesos.<\/p>\n\n\n\n<p class=\"wp-block-paragraph\">Para ello solicit\u00f3 un cr\u00e9dito de 200 millones de pesos que est\u00e1 sujeto a investigaci\u00f3n por parte del OSAFIG; debido a que ese \u00f3rgano detect\u00f3 que la administraci\u00f3n estatal utiliz\u00f3 el recurso para otro fin que el de la compra del terreno.<\/p>\n\n\n\n<p class=\"wp-block-paragraph\">Por \u00faltimo, el 12 de diciembre de 2017, el gobernador Ignacio Peralta S\u00e1nchez, junto con funcionarios del gobierno federal inaugur\u00f3 una estatura en honor a Miguel de la Madrid en la cual se invirtieron m\u00e1s de 8 millones de pesos.<\/p>\n\n\n\n<p class=\"wp-block-paragraph\">Dicha obra fue colocada en la plazoleta del Parque de la Campana, por el Tercer Anillo Perif\u00e9rico, no obstante, despu\u00e9s de la inauguraci\u00f3n, artistas visuales y pol\u00edticos criticaron del derroche econ\u00f3mico del gobernador Ignacio Peralta S\u00e1nchez y el sin sentido de la obra.<\/p>\n\n\n\n<p class=\"wp-block-paragraph\">A pesar de los gastos anteriores y a&nbsp; 22 meses de haberle autorizado un cr\u00e9dito por 410 millones de pesos pagaderos a 20 a\u00f1os, el Gobierno consigui\u00f3 la aprobaci\u00f3n&nbsp; de un cr\u00e9dito por 740 millones de pesos y la justificaci\u00f3n para este empr\u00e9stito se centra en la falta de recursos econ\u00f3micos por la disminuci\u00f3n de las participaciones federales y por haber recibido \u2013 en el 2016- una administraci\u00f3n con graves problemas financieros.<\/p>\n<div class=\"fb-background-color\">\n\t\t\t  <div \n\t\t\t  \tclass = \"fb-comments\" \n\t\t\t  \tdata-href = \"https:\/\/diarioavanzada.com.mx\/?p=13822\"\n\t\t\t  \tdata-numposts = \"10\"\n\t\t\t  \tdata-lazy = \"true\"\n\t\t\t\tdata-colorscheme = \"light\"\n\t\t\t\tdata-order-by = \"social\"\n\t\t\t\tdata-mobile=true>\n\t\t\t  <\/div><\/div>\n\t\t  <style>\n\t\t    .fb-background-color {\n\t\t\t\tbackground:  !important;\n\t\t\t}\n\t\t\t.fb_iframe_widget_fluid_desktop iframe {\n\t\t\t    width: 100% !important;\n\t\t\t}\n\t\t  <\/style>\n\t\t  ","protected":false},"excerpt":{"rendered":"<p>Colima, M\u00e9xico, Avanzada (08\/07\/2020).- Una obra requiere una planeaci\u00f3n y el costo-beneficio. Sin embargo, el Gobierno de Colima gasto 610 millones de pesos en cuatro obras que no han tenido un verdadero impacto social. La construcci\u00f3n de una estatua en honor a Miguel de la Madrid, la ampliaci\u00f3n de tres cuadras de la Calzada Galv\u00e1n,&nbsp;la [&hellip;]<\/p>\n","protected":false},"author":5,"featured_media":5451,"comment_status":"closed","ping_status":"closed","sticky":false,"template":"","format":"standard","meta":{"_coblocks_attr":"","_coblocks_dimensions":"","_coblocks_responsive_height":"","_coblocks_accordion_ie_support":"","_crdt_document":"","advanced_seo_description":"","jetpack_seo_html_title":"","jetpack_seo_noindex":false,"_jetpack_memberships_contains_paid_content":false,"footnotes":""},"categories":[19],"tags":[210],"class_list":["post-13822","post","type-post","status-publish","format-standard","has-post-thumbnail","hentry","category-colima","tag-portada"],"jetpack_featured_media_url":"https:\/\/diarioavanzada.com.mx\/wp-content\/uploads\/2019\/05\/Miguel-de-la-Madrid.png","jetpack-related-posts":[],"jetpack_sharing_enabled":true,"amp_enabled":true,"_links":{"self":[{"href":"https:\/\/diarioavanzada.com.mx\/index.php?rest_route=\/wp\/v2\/posts\/13822","targetHints":{"allow":["GET"]}}],"collection":[{"href":"https:\/\/diarioavanzada.com.mx\/index.php?rest_route=\/wp\/v2\/posts"}],"about":[{"href":"https:\/\/diarioavanzada.com.mx\/index.php?rest_route=\/wp\/v2\/types\/post"}],"author":[{"embeddable":true,"href":"https:\/\/diarioavanzada.com.mx\/index.php?rest_route=\/wp\/v2\/users\/5"}],"replies":[{"embeddable":true,"href":"https:\/\/diarioavanzada.com.mx\/index.php?rest_route=%2Fwp%2Fv2%2Fcomments&post=13822"}],"version-history":[{"count":0,"href":"https:\/\/diarioavanzada.com.mx\/index.php?rest_route=\/wp\/v2\/posts\/13822\/revisions"}],"wp:featuredmedia":[{"embeddable":true,"href":"https:\/\/diarioavanzada.com.mx\/index.php?rest_route=\/wp\/v2\/media\/5451"}],"wp:attachment":[{"href":"https:\/\/diarioavanzada.com.mx\/index.php?rest_route=%2Fwp%2Fv2%2Fmedia&parent=13822"}],"wp:term":[{"taxonomy":"category","embeddable":true,"href":"https:\/\/diarioavanzada.com.mx\/index.php?rest_route=%2Fwp%2Fv2%2Fcategories&post=13822"},{"taxonomy":"post_tag","embeddable":true,"href":"https:\/\/diarioavanzada.com.mx\/index.php?rest_route=%2Fwp%2Fv2%2Ftags&post=13822"}],"curies":[{"name":"wp","href":"https:\/\/api.w.org\/{rel}","templated":true}]}}