{"id":13816,"date":"2020-07-08T09:52:50","date_gmt":"2020-07-08T14:52:50","guid":{"rendered":"https:\/\/diarioavanzada.com.mx\/?p=13816"},"modified":"2020-07-08T09:54:32","modified_gmt":"2020-07-08T14:54:32","slug":"por-vendidos-los-ciudadanos-odian-a-los-partidos","status":"publish","type":"post","link":"https:\/\/diarioavanzada.com.mx\/?p=13816","title":{"rendered":"Por vendidos: los ciudadanos odian a los partidos"},"content":{"rendered":"\n<p class=\"wp-block-paragraph\"><strong>Amar a los verdugos<\/strong><\/p>\n\n\n\n<p class=\"wp-block-paragraph\">El r\u00e9gimen del porfiriato convirti\u00f3 a los diputados en lacayos del presidente y el Constituyente de 1917 crey\u00f3 en la necesidad de una presidencia fuerte para poder hacer realidad el proyecto social de la Revoluci\u00f3n. Ello es el origen de lo que son, en la actualidad, el Congreso de la Uni\u00f3n y los Congresos locales.<\/p>\n\n\n\n<p class=\"wp-block-paragraph\">Arnaldo C\u00f3rdova sostiene que \u201cLa oratoria termin\u00f3 por sustituir al verdadero trabajo parlamentario y el proceso legislativo se convierte en un ceremonial vac\u00edo de contenidos y significados\u201d y agrega que, \u201cpor lo tanto&nbsp; se debe estimular el trabajo de las comisiones de manera que \u00e9stas se conviertan las verdaderas operarias del trabajo y del debate parlamentario: ello permitir\u00eda a la vez restituir a las plenarias la majestad que les dar\u00eda el poder desarrollar el m\u00e1s alto nivel del debate sobre los grandes problema del pa\u00eds (en nuestro caso del estado) con posiciones partidarias bien fundadas y con discusiones legislativas que fueran fruto del estudio a fondo de nuestra realidad nacional (en nuestro caso del estado).\u201d<\/p>\n\n\n\n<p class=\"wp-block-paragraph\">Sin embargo, hoy tenemos un Poder Legislativo d\u00e9bil, sumiso y autof\u00e1gico deficiente que le produce inexorablemente la enfermedad neurodegenerativa del Alzheimer. Los votantes del 2018 buscamos parlamentarios, no paleros del Ejecutivo, no meretrices del gobernador (con perd\u00f3n de las meretrices).&nbsp;<\/p>\n\n\n\n<p class=\"wp-block-paragraph\">Les dimos el poder y ellos decidieron ser unos vendidos; votamos por un Congreso de diputados independiente del Ejecutivo y ellos decidieron ser c\u00f3mplices de la corrupci\u00f3n; nosotros quer\u00edamos diputados pensantes y ellos optaron por ser levanta dedos, calienta asientos y cobradores de quincenas, sobornos y lo que se ofrezca; votamos por un Poder libre y soberano y ellos volvieron siervos del Ejecutivo; sufragamos por un Congreso honrado y ellos decidieron ser una banda gangsteril.<\/p>\n\n\n\n<p class=\"wp-block-paragraph\">Y se indignan y dicen que son objetos de violencia pol\u00edtica. Quieren que amemos a nuestros verdugos.<\/p>\n\n\n\n<p class=\"wp-block-paragraph\"><strong>El gran plan de los partidos<\/strong><\/p>\n\n\n\n<p class=\"wp-block-paragraph\">El plan es simple: Nacho Peralta y sus pati\u00f1os Locho Mor\u00e1n y Felipe Cruz; seguidos por sus pregoneros principales Paco Rodr\u00edguez, Fernando Antero y Gretel Culin Jaime y; organizando la maniobra pol\u00edtica los porros de Rogelio Rueda, Julio Anguiano y Guillermo Toscano; atr\u00e1s todos bien organizados, la gran comparsa integrada por las diputadas de Movimiento Ciudadano, el Panal y los diputados del PT y verde ecologista. Todos unidos con un mismo objetivo: paso 1. Solicitar y&nbsp; luego autorizarse un pr\u00e9stamo por 750 millones de pesos; paso 2. Hacer como que pagan las obras del C5i y Palacio de Gobierno \u2013luego solicitar\u00e1n m\u00e1s dinero prestado porque ese se \u201cperder\u00e1\u201d-; paso 3. Se repartir\u00e1n el dinero para las campa\u00f1as del 2021, entre todos los partidos pol\u00edticos que colaboren, y; paso 4. Dejar\u00e1n endeudados a los nangos de Colima, por 20 a\u00f1os,&nbsp; porque ellos ya estar\u00e1n en otro puesto pol\u00edtico y que le hagan como puedan los que vienen atr\u00e1s. Fin de la historia.<\/p>\n\n\n\n<p class=\"wp-block-paragraph\">Los diputados y las diputadas, que est\u00e1n conspirando contra los colimenses, si usted los ve en persona descubrir\u00e1n que parecen personas decentes, se ven muy decentes, hablan como gente decente y usted termina por creer que son gente decente, pero usted tambi\u00e9n sabe que son seres falsos, irresponsables, insensibles y miserables. Falsos porque dicen fiscalizar al gobernador y no lo hacen sino todo lo contrario; irresponsables porque no asumen su papel de parlamentarios y se vuelven serviles al poder Ejecutivo; insensibles porque ante el crecimiento exponencial de la inseguridad en el estado y ver morir a su compa\u00f1era legisladora, ver masacrados a siete polic\u00edas que han deja siete familias desamparadas y ante la muerte de un juez federal y su esposa no hacen nada y; miserables porque a pesar de todo esto s\u00f3lo piensan en el dinero para la pr\u00f3xima elecci\u00f3n de sus partidos.<\/p>\n\n\n\n<p class=\"wp-block-paragraph\">Por lo anterior, los partidos son odiados por los ciudadanos.<\/p>\n\n\n\n<p class=\"wp-block-paragraph\"><strong>Heredar\u00e1n la verg\u00fcenza<\/strong><\/p>\n\n\n\n<p class=\"wp-block-paragraph\">Pero tambi\u00e9n tenemos buenas noticias pues ning\u00fan presidente municipal se ha atrevido a apoyar abiertamente la pol\u00edtica de endeudamiento. Los mun\u00edcipes guardan un silencio c\u00f3mplice y tan s\u00f3lo balbucean, gesticulan y caravanean al Ejecutivo en espera que les lance su cuota monetaria de rigor. El sindicato de maestros de la secci\u00f3n 39 del Snte no ha fijado postura, el sindicato de bur\u00f3cratas ha guardado silencio, al igual que las c\u00e1maras y sindicatos patronales y, eso es una ganancia, y un atisbo de lo nuevo que viene.<\/p>\n\n\n\n<p class=\"wp-block-paragraph\">Tenemos buenos y gratos indicios que el corporativismo, como lo conocimos, est\u00e1 m\u00e1s a la expectativa que actuante y, eso en s\u00ed, es una ganancia para Colima. Como ganancia es tambi\u00e9n que la clase de los popis est\u00e1 dando su estertor de muerte. No m\u00e1s popis en el poder. Se est\u00e1n despidiendo.<\/p>\n\n\n\n<p class=\"wp-block-paragraph\">&nbsp;Las organizaciones sociales no han apoyado el atraco que preparan este grupo de individuos organizados como una banda de delincuentes: <strong>simples g\u00e1ngsteres, que heredaran la verg\u00fcenza de sus actos desvergonzados.<\/strong><\/p>\n\n\n\n<p class=\"wp-block-paragraph\"><strong>Presente en transformaci\u00f3n y aroma de futuro<\/strong><\/p>\n\n\n\n<p class=\"wp-block-paragraph\">Las organizaciones sociales alzan su voz como la <strong>Coordinadora Nacional de Trabajadores de la Educaci\u00f3n (CNTE<\/strong>), Coordinadora Socialista Revolucionaria, el Colectivo Inclusi\u00f3n, el Frente en Defensa del Ma\u00edz, la Colectiva Voces Feministas en Aquelarre, el Comit\u00e9 de Am\u00e9rica Latina y el Caribe para la Defensa de los Derechos de la Mujer y el Observatorio Ciudadano Nacional de Feminicidios se pronunciaron p\u00fablicamente por el rechazo a la gasto en las obras fara\u00f3nicas como el C5i porque se hace en un contexto de inseguridad, de crisis sanitaria y violencia feminicida y consideran que el PRI no tiene ni la representaci\u00f3n, ni la autoridad pol\u00edtica ni la autoridad moral para endeudar al estado y m\u00e1xime cuando lo est\u00e1 haciendo a trav\u00e9s de trampas, m\u00e9todos porriles y violencia pol\u00edtica.<\/p>\n\n\n\n<p class=\"wp-block-paragraph\">Concluyen su manifiesto sosteniendo que: \u201cNo tenemos que soportar m\u00e1s golpes contra nuestro bolsillo. Tampoco no quedaremos a merced de los partidos&nbsp; pol\u00edticos institucionales y sus c\u00e1lculos electorales. Llamamos a las organizaciones sociales y al pueblo colimense a movilizarnos para hacer presente nuestro rechazo a una acci\u00f3n que atenta contra la econom\u00eda popular. Exigimos a las y los diputados que voten en contra de la deuda pues deben representar la voluntad de quienes los eligieron, no sus intereses particulares o sus acuerdos de grupo.\u201d Yo sostengo que, por vendidos, los ciudadanos odian a los partidos. Un rechazo popular ganado por sus actos de delincuencia organizada. Y todav\u00eda se asumen como decentes en p\u00fablico.<\/p>\n\n\n\n<p class=\"wp-block-paragraph\">Los diputados deben reaccionar o heredar\u00e1n, a sus hijos y a sus nietos, su desvergonzada manera de asociarse para robar a los ciudadanos. Heredar\u00e1n verg\u00fcenzas de sus acciones desvergonzadas.<\/p>\n<div class=\"fb-background-color\">\n\t\t\t  <div \n\t\t\t  \tclass = \"fb-comments\" \n\t\t\t  \tdata-href = \"https:\/\/diarioavanzada.com.mx\/?p=13816\"\n\t\t\t  \tdata-numposts = \"10\"\n\t\t\t  \tdata-lazy = \"true\"\n\t\t\t\tdata-colorscheme = \"light\"\n\t\t\t\tdata-order-by = \"social\"\n\t\t\t\tdata-mobile=true>\n\t\t\t  <\/div><\/div>\n\t\t  <style>\n\t\t    .fb-background-color {\n\t\t\t\tbackground:  !important;\n\t\t\t}\n\t\t\t.fb_iframe_widget_fluid_desktop iframe {\n\t\t\t    width: 100% !important;\n\t\t\t}\n\t\t  <\/style>\n\t\t  ","protected":false},"excerpt":{"rendered":"<p>Amar a los verdugos El r\u00e9gimen del porfiriato convirti\u00f3 a los diputados en lacayos del presidente y el Constituyente de 1917 crey\u00f3 en la necesidad de una presidencia fuerte para poder hacer realidad el proyecto social de la Revoluci\u00f3n. Ello es el origen de lo que son, en la actualidad, el Congreso de la Uni\u00f3n [&hellip;]<\/p>\n","protected":false},"author":9,"featured_media":13817,"comment_status":"closed","ping_status":"closed","sticky":false,"template":"","format":"standard","meta":{"_coblocks_attr":"","_coblocks_dimensions":"","_coblocks_responsive_height":"","_coblocks_accordion_ie_support":"","advanced_seo_description":"","jetpack_seo_html_title":"","jetpack_seo_noindex":false,"jetpack_seo_schema_type":"","_jetpack_newsletter_access":"","_jetpack_dont_email_post_to_subs":false,"_jetpack_newsletter_tier_id":0,"_jetpack_memberships_contains_paywalled_content":false,"_wpcom_ai_launchpad_first_post":false,"_jetpack_feature_clip_id":0,"_jetpack_memberships_contains_paid_content":false,"footnotes":"","jetpack_post_was_ever_published":false},"categories":[19],"tags":[220,210],"class_list":["post-13816","post","type-post","status-publish","format-standard","has-post-thumbnail","hentry","category-colima","tag-opinion","tag-portada"],"jetpack-related-posts":[],"jetpack_sharing_enabled":true,"amp_enabled":true,"jetpack_featured_media_url":"https:\/\/diarioavanzada.com.mx\/wp-content\/uploads\/2020\/07\/Partidos-poli\u0301ticos.jpg","_links":{"self":[{"href":"https:\/\/diarioavanzada.com.mx\/index.php?rest_route=\/wp\/v2\/posts\/13816","targetHints":{"allow":["GET"]}}],"collection":[{"href":"https:\/\/diarioavanzada.com.mx\/index.php?rest_route=\/wp\/v2\/posts"}],"about":[{"href":"https:\/\/diarioavanzada.com.mx\/index.php?rest_route=\/wp\/v2\/types\/post"}],"author":[{"embeddable":true,"href":"https:\/\/diarioavanzada.com.mx\/index.php?rest_route=\/wp\/v2\/users\/9"}],"replies":[{"embeddable":true,"href":"https:\/\/diarioavanzada.com.mx\/index.php?rest_route=%2Fwp%2Fv2%2Fcomments&post=13816"}],"version-history":[{"count":0,"href":"https:\/\/diarioavanzada.com.mx\/index.php?rest_route=\/wp\/v2\/posts\/13816\/revisions"}],"wp:featuredmedia":[{"embeddable":true,"href":"https:\/\/diarioavanzada.com.mx\/index.php?rest_route=\/wp\/v2\/media\/13817"}],"wp:attachment":[{"href":"https:\/\/diarioavanzada.com.mx\/index.php?rest_route=%2Fwp%2Fv2%2Fmedia&parent=13816"}],"wp:term":[{"taxonomy":"category","embeddable":true,"href":"https:\/\/diarioavanzada.com.mx\/index.php?rest_route=%2Fwp%2Fv2%2Fcategories&post=13816"},{"taxonomy":"post_tag","embeddable":true,"href":"https:\/\/diarioavanzada.com.mx\/index.php?rest_route=%2Fwp%2Fv2%2Ftags&post=13816"}],"curies":[{"name":"wp","href":"https:\/\/api.w.org\/{rel}","templated":true}]}}