{"id":13803,"date":"2020-07-07T12:29:46","date_gmt":"2020-07-07T17:29:46","guid":{"rendered":"https:\/\/diarioavanzada.com.mx\/?p=13803"},"modified":"2020-07-07T12:29:48","modified_gmt":"2020-07-07T17:29:48","slug":"denuncian-por-desvio-de-recursos-al-gobernador-y-al-secretario-de-finanzas","status":"publish","type":"post","link":"https:\/\/diarioavanzada.com.mx\/?p=13803","title":{"rendered":"Denuncian por desv\u00edo de recursos al Gobernador y al secretario de Finanzas"},"content":{"rendered":"\n<p class=\"wp-block-paragraph\">Colima, M\u00e9xico, Comunicado (07\/07\/2020).- El d\u00eda 6 de julio de 2020, la Diputada Local Claudia Gabriela Aguirre Luna, present\u00f3 una denuncia ante el \u00d3rgano Superior de Auditor\u00eda y Fiscalizaci\u00f3n Gubernamental del Estado de Colima (OSAFIG), en contra de Jos\u00e9 Ignacio Peralta S\u00e1nchez, Gobernador Constitucional de Estado de Colima, Carlos Arturo Noriega Garc\u00eda, Secretario de Planeaci\u00f3n y Finanzas del Gobierno del Estado de Colima, y\/o cuantos servidores p\u00fablicos resulten responsables, por el presunto desv\u00edo de recursos p\u00fablicos, con motivo de la realizaci\u00f3n del proyecto denominado \u201cC5i\u201d a cargo del Poder Ejecutivo Estatal, toda vez que se pudieran haber causado presuntos da\u00f1os y perjuicios a la hacienda p\u00fablica estatal.<\/p>\n\n\n\n<p class=\"wp-block-paragraph\">La legisladora estatal, solicit\u00f3&nbsp; al OSAFIG&nbsp; que de conformidad a sus atribuciones Constitucionales y legales en materia de fiscalizaci\u00f3n de los recursos p\u00fablicos, lleve a cabo una revisi\u00f3n especial al referido proyecto, a fin de que, con la investigaci\u00f3n respectiva, se determine si existen irregularidades en su ejecuci\u00f3n, para que en su oportunidad remita al Congreso del Estado de Colima, el informe espec\u00edfico y en su caso promueva las acciones legales correspondientes en contra de los servidores p\u00fablicos que resultenresponsables.<\/p>\n\n\n\n<p class=\"wp-block-paragraph\">La representante popular, se\u00f1al\u00f3 que su denuncia encuentra sustento en las siguientes razones espec\u00edficas:<\/p>\n\n\n\n<p class=\"wp-block-paragraph\">1.- De acuerdo al contrato de prestaci\u00f3n integral de servicios, a que se refiere el citado proyecto \u201cC5i\u201d, celebrado el 20 de octubre de 2017, entre la empresa denominada \u201cSEGURITECH PRIVADA S.A. DE C.V.\u201d y el Secretario de Seguridad P\u00fablica del Gobierno del Estado de Colima, el monto total estimado para la implementaci\u00f3n del proyecto, fue por 818 millones 069 mil 307 pesos.<\/p>\n\n\n\n<p class=\"wp-block-paragraph\">2.- En los presupuestos de egresos correspondientes a los a\u00f1os 2017, 2018, 2019 y 2020, le fueron autorizados el Poder Ejecutivo Estatal, para el proyecto denominado \u201cC5i\u201d, la cantidad de 161 millones 568 mil 688 pesos, en cada uno de los ejercicios fiscales antes referidos.<\/p>\n\n\n\n<p class=\"wp-block-paragraph\">Adicionalmente, mediante Decreto 617, aprobado por la quincuag\u00e9sima octava Legislatura Estatal, el 27 de septiembre de 2018, el Congreso del Estado, aprob\u00f3 un cr\u00e9dito, que entre otras cosas, autoriz\u00f3 la cantidad de 150 millones de pesos, para la construcci\u00f3n del proyecto denominado \u201cC5i\u201d.<\/p>\n\n\n\n<p class=\"wp-block-paragraph\">En ese sentido, apunt\u00f3 la legisladora, que de acuerdo a los montos autorizados mediante endeudamiento y presupuesto de egresos, para el proyecto denominado \u201cC5i\u201d, entre los a\u00f1os 2017 a 2020, de haberse ejercido la asignaci\u00f3n presupuestal autorizada, el Poder Ejecutivo Estatal, habr\u00eda invertido ya en ese proyecto, la cantidad total de 798 millones 319 mil 915 pesos.<\/p>\n\n\n\n<p class=\"wp-block-paragraph\">Lo anterior representa, que casi se ha pagado en su totalidad el proyecto, conforme a lo establecido en el contrato.&nbsp;<\/p>\n\n\n\n<p class=\"wp-block-paragraph\">3.- No obstante lo anterior, el pasado d\u00eda 2 de julio, Titular del Poder Ejecutivo, solicit\u00f3 al Congreso del Estado, un nuevo endeudamiento para el proyecto denominado \u201cC5i\u201d, por el orden de los 500 millones de pesos.<\/p>\n\n\n\n<p class=\"wp-block-paragraph\">Lo anterior, representar\u00eda, que la inversi\u00f3n p\u00fablica realizada en el referido proyecto, ascendiera a la cantidad total de 1 mil 298 millones 319 mil 915 pesos, lo que representar\u00eda un incremento injustificado en el proyecto, por el orden de los 490 millones 476 mil 475 pesos.<\/p>\n\n\n\n<p class=\"wp-block-paragraph\">Con base en lo anterior se\u00f1ala la Diputada Local que<em>: \u201c los servidores p\u00fablicos denunciados, con su conducta, violentaron el marco Constitucional y legal de la materia, toda vez que existe un desfase significativo entre los recursos presupuestados y los que aparentemente se han ejercido en la implementaci\u00f3n del citado proyecto, aunado al hecho de que los supuestos avances que muestra el proyecto, tampoco corresponden al nivel de ejercicio de los recursos presupuestados, lo que hace suponer que los recursos autorizados para aplicarse en el referido proyecto, fueron desviados para fines diversos a los autorizados, por lo que invariablemente obliga a que el \u00d3rgano Superior de Auditor\u00eda y Fiscalizaci\u00f3n Gubernamental, en ejercicio de las facultades legales y Constitucionales de las que ha sido investido, lleve a cabo una revisi\u00f3n especial respecto del proyecto denominado \u201cC5i\u201d a cargo del Poder Ejecutivo Estatal, con la finalidad de que se determine si Jos\u00e9 Ignacio Peralta S\u00e1nchez, en su car\u00e1cter de Gobernador Constitucional de Estado de Colima, Carlos Arturo Noriega Garc\u00eda, en funciones de Secretario de Planeaci\u00f3n y Finanzas del Gobierno del Estado de Colima, y\/o cuantos servidores p\u00fablicos resulten responsables, tienen responsabilidad, por el presunto desv\u00edo de recursos p\u00fablicos, acciones con las que se pudieran haber causado presuntos da\u00f1os y perjuicios a la hacienda p\u00fablica estatal.\u201d<\/em><\/p>\n<div class=\"fb-background-color\">\n\t\t\t  <div \n\t\t\t  \tclass = \"fb-comments\" \n\t\t\t  \tdata-href = \"https:\/\/diarioavanzada.com.mx\/?p=13803\"\n\t\t\t  \tdata-numposts = \"10\"\n\t\t\t  \tdata-lazy = \"true\"\n\t\t\t\tdata-colorscheme = \"light\"\n\t\t\t\tdata-order-by = \"social\"\n\t\t\t\tdata-mobile=true>\n\t\t\t  <\/div><\/div>\n\t\t  <style>\n\t\t    .fb-background-color {\n\t\t\t\tbackground:  !important;\n\t\t\t}\n\t\t\t.fb_iframe_widget_fluid_desktop iframe {\n\t\t\t    width: 100% !important;\n\t\t\t}\n\t\t  <\/style>\n\t\t  ","protected":false},"excerpt":{"rendered":"<p>Colima, M\u00e9xico, Comunicado (07\/07\/2020).- El d\u00eda 6 de julio de 2020, la Diputada Local Claudia Gabriela Aguirre Luna, present\u00f3 una denuncia ante el \u00d3rgano Superior de Auditor\u00eda y Fiscalizaci\u00f3n Gubernamental del Estado de Colima (OSAFIG), en contra de Jos\u00e9 Ignacio Peralta S\u00e1nchez, Gobernador Constitucional de Estado de Colima, Carlos Arturo Noriega Garc\u00eda, Secretario de Planeaci\u00f3n [&hellip;]<\/p>\n","protected":false},"author":7,"featured_media":13804,"comment_status":"closed","ping_status":"closed","sticky":false,"template":"","format":"standard","meta":{"_coblocks_attr":"","_coblocks_dimensions":"","_coblocks_responsive_height":"","_coblocks_accordion_ie_support":"","_crdt_document":"","advanced_seo_description":"","jetpack_seo_html_title":"","jetpack_seo_noindex":false,"_jetpack_memberships_contains_paid_content":false,"footnotes":""},"categories":[19],"tags":[210],"class_list":["post-13803","post","type-post","status-publish","format-standard","has-post-thumbnail","hentry","category-colima","tag-portada"],"jetpack_featured_media_url":"https:\/\/diarioavanzada.com.mx\/wp-content\/uploads\/2020\/07\/image-36.png","jetpack-related-posts":[],"jetpack_sharing_enabled":true,"amp_enabled":true,"_links":{"self":[{"href":"https:\/\/diarioavanzada.com.mx\/index.php?rest_route=\/wp\/v2\/posts\/13803","targetHints":{"allow":["GET"]}}],"collection":[{"href":"https:\/\/diarioavanzada.com.mx\/index.php?rest_route=\/wp\/v2\/posts"}],"about":[{"href":"https:\/\/diarioavanzada.com.mx\/index.php?rest_route=\/wp\/v2\/types\/post"}],"author":[{"embeddable":true,"href":"https:\/\/diarioavanzada.com.mx\/index.php?rest_route=\/wp\/v2\/users\/7"}],"replies":[{"embeddable":true,"href":"https:\/\/diarioavanzada.com.mx\/index.php?rest_route=%2Fwp%2Fv2%2Fcomments&post=13803"}],"version-history":[{"count":0,"href":"https:\/\/diarioavanzada.com.mx\/index.php?rest_route=\/wp\/v2\/posts\/13803\/revisions"}],"wp:featuredmedia":[{"embeddable":true,"href":"https:\/\/diarioavanzada.com.mx\/index.php?rest_route=\/wp\/v2\/media\/13804"}],"wp:attachment":[{"href":"https:\/\/diarioavanzada.com.mx\/index.php?rest_route=%2Fwp%2Fv2%2Fmedia&parent=13803"}],"wp:term":[{"taxonomy":"category","embeddable":true,"href":"https:\/\/diarioavanzada.com.mx\/index.php?rest_route=%2Fwp%2Fv2%2Fcategories&post=13803"},{"taxonomy":"post_tag","embeddable":true,"href":"https:\/\/diarioavanzada.com.mx\/index.php?rest_route=%2Fwp%2Fv2%2Ftags&post=13803"}],"curies":[{"name":"wp","href":"https:\/\/api.w.org\/{rel}","templated":true}]}}