{"id":13785,"date":"2020-07-06T11:57:13","date_gmt":"2020-07-06T16:57:13","guid":{"rendered":"https:\/\/diarioavanzada.com.mx\/?p=13785"},"modified":"2020-07-06T11:57:17","modified_gmt":"2020-07-06T16:57:17","slug":"llaman-a-movilizarse-contra-aprobacion-de-credito-por-750-mdp","status":"publish","type":"post","link":"https:\/\/diarioavanzada.com.mx\/?p=13785","title":{"rendered":"Llaman a movilizarse contra aprobaci\u00f3n de cr\u00e9dito por 750 MDP"},"content":{"rendered":"\n<p class=\"wp-block-paragraph\">Colima, M\u00e9xico, Avanzada (06\/07\/2020).- La Coordinadora Socialista Revolucionaria (CSR) hizo un llamado a las organizaciones sociales y al pueblo colimense a movilizarse hacia la sesi\u00f3n del Congreso del Estado en la que se piensa aprobar el cr\u00e9dito por 750 millones de pesos que solicit\u00f3 el gobernador, Jos\u00e9 Ignacio Peralta S\u00e1nchez.<\/p>\n\n\n\n<p class=\"wp-block-paragraph\">El prop\u00f3sito es \u201chacer presente nuestro rechazo a este atentado contra la econom\u00eda popular\u201d, por lo que \u201cexigimos a las y los diputados que voten en contra de la deuda\u201d, ya que \u201c\u00a1no pagaremos su deuda! \u00a1Que la crisis la paguen los ricos!\u201d, se\u00f1al\u00f3 la CSR a trav\u00e9s de un pronunciamiento p\u00fablico.<\/p>\n\n\n\n<p class=\"wp-block-paragraph\">Indic\u00f3 que en Colima el gobierno sigue buscando maneras de asfixiar al pueblo, pues el gobernador del Estado, Jos\u00e9 Ignacio Peralta S\u00e1nchez, \u201clleva tiempo acariciando la idea de adquirir m\u00e1s deuda para el estado, con el pretexto de la pandemia (\u2026), aunque reconoce que la mayor parte de ese dinero estar\u00eda destinado para la construcci\u00f3n de un edificio de vigilancia policiaca y para remodelar Palacio de Gobierno, gastos excesivos y no esenciales para la crisis sanitaria y de seguridad\u201d.<\/p>\n\n\n\n<p class=\"wp-block-paragraph\">Expuso que como Coordinadora Socialista Revolucionaria \u201cnos volvemos a pronunciar en contra de ese intento del gobierno estatal de cargar sobre las y los trabajadores de Colima las prioridades de los de arriba, pues estos cr\u00e9ditos millonarios siempre se le cobran al pueblo con mayores impuestos.<\/p>\n\n\n\n<p class=\"wp-block-paragraph\">\u201c\u00bfPor qu\u00e9 seguir castigando nuestros salarios para financiar una estrategia de seguridad que ha demostrado ser un fracaso y una remodelaci\u00f3n para oficinas de un gobierno que no da resultados?\u201d<\/p>\n\n\n\n<p class=\"wp-block-paragraph\">Adem\u00e1s, apunt\u00f3, \u201cel nuevo intento de adquirir deuda se da en un contexto cercano a las campa\u00f1as electorales del pr\u00f3ximo a\u00f1o, en las que el partido pol\u00edtico del gobernador sabe que es rechazado por la mayor\u00eda de las y los colimenses y est\u00e1 buscando dinero para financiar campa\u00f1as y comprar votos\u201d.&nbsp;<\/p>\n\n\n\n<p class=\"wp-block-paragraph\">Indic\u00f3 que los grupos de poder del r\u00e9gimen est\u00e1n haciendo todo lo posible para que la deuda sea aprobada.<\/p>\n\n\n\n<p class=\"wp-block-paragraph\">\u201cLa madrugada del s\u00e1bado, la solicitud de cr\u00e9dito avanz\u00f3 en la Comisi\u00f3n de Hacienda del Congreso del Estado con la anuencia de dos diputados de Morena, que se aliaron con el PRI.&nbsp; Se espera que en los primeros d\u00edas de la pr\u00f3xima semana la propuesta de deuda pase a votaci\u00f3n al pleno del Congreso\u201d.<\/p>\n\n\n\n<p class=\"wp-block-paragraph\">Como CSR, plante\u00f3, \u201cnos oponemos totalmente a este intento de hacer pagar al pueblo la crisis que quienes tienen el poder y el dinero han provocado. Si realmente se necesitan recursos para salud y seguridad, que se incrementen los impuestos a las grandes corporaciones como el consorcio Pe\u00f1a Colorada, que explota nuestras tierras casi de gratis, o los grupos empresariales Yazaki y Bodesa, que pagan sueldos de hambre a sus empleados. Tambi\u00e9n se debe cobrar lo que deben a quienes saquearon las finanzas p\u00fablicas, como el exgobernador Mario Anguiano\u201d.<\/p>\n\n\n\n<figure class=\"wp-block-image size-large\"><img loading=\"lazy\" decoding=\"async\" width=\"628\" height=\"960\" src=\"https:\/\/diarioavanzada.com.mx\/wp-content\/uploads\/2020\/07\/107044731_2647954238755972_1332340328968986668_o.jpg\" alt=\"\" class=\"wp-image-13787\" \/><\/figure>\n\n\n\n<p class=\"wp-block-paragraph\"><\/p>\n<div class=\"fb-background-color\">\n\t\t\t  <div \n\t\t\t  \tclass = \"fb-comments\" \n\t\t\t  \tdata-href = \"https:\/\/diarioavanzada.com.mx\/?p=13785\"\n\t\t\t  \tdata-numposts = \"10\"\n\t\t\t  \tdata-lazy = \"true\"\n\t\t\t\tdata-colorscheme = \"light\"\n\t\t\t\tdata-order-by = \"social\"\n\t\t\t\tdata-mobile=true>\n\t\t\t  <\/div><\/div>\n\t\t  <style>\n\t\t    .fb-background-color {\n\t\t\t\tbackground:  !important;\n\t\t\t}\n\t\t\t.fb_iframe_widget_fluid_desktop iframe {\n\t\t\t    width: 100% !important;\n\t\t\t}\n\t\t  <\/style>\n\t\t  ","protected":false},"excerpt":{"rendered":"<p>Colima, M\u00e9xico, Avanzada (06\/07\/2020).- La Coordinadora Socialista Revolucionaria (CSR) hizo un llamado a las organizaciones sociales y al pueblo colimense a movilizarse hacia la sesi\u00f3n del Congreso del Estado en la que se piensa aprobar el cr\u00e9dito por 750 millones de pesos que solicit\u00f3 el gobernador, Jos\u00e9 Ignacio Peralta S\u00e1nchez. El prop\u00f3sito es \u201chacer presente [&hellip;]<\/p>\n","protected":false},"author":7,"featured_media":13786,"comment_status":"closed","ping_status":"closed","sticky":false,"template":"","format":"standard","meta":{"_coblocks_attr":"","_coblocks_dimensions":"","_coblocks_responsive_height":"","_coblocks_accordion_ie_support":"","_crdt_document":"","advanced_seo_description":"","jetpack_seo_html_title":"","jetpack_seo_noindex":false,"_jetpack_memberships_contains_paid_content":false,"footnotes":""},"categories":[19],"tags":[210],"class_list":["post-13785","post","type-post","status-publish","format-standard","has-post-thumbnail","hentry","category-colima","tag-portada"],"jetpack_featured_media_url":"https:\/\/diarioavanzada.com.mx\/wp-content\/uploads\/2020\/07\/image-33.png","jetpack-related-posts":[],"jetpack_sharing_enabled":true,"amp_enabled":true,"_links":{"self":[{"href":"https:\/\/diarioavanzada.com.mx\/index.php?rest_route=\/wp\/v2\/posts\/13785","targetHints":{"allow":["GET"]}}],"collection":[{"href":"https:\/\/diarioavanzada.com.mx\/index.php?rest_route=\/wp\/v2\/posts"}],"about":[{"href":"https:\/\/diarioavanzada.com.mx\/index.php?rest_route=\/wp\/v2\/types\/post"}],"author":[{"embeddable":true,"href":"https:\/\/diarioavanzada.com.mx\/index.php?rest_route=\/wp\/v2\/users\/7"}],"replies":[{"embeddable":true,"href":"https:\/\/diarioavanzada.com.mx\/index.php?rest_route=%2Fwp%2Fv2%2Fcomments&post=13785"}],"version-history":[{"count":0,"href":"https:\/\/diarioavanzada.com.mx\/index.php?rest_route=\/wp\/v2\/posts\/13785\/revisions"}],"wp:featuredmedia":[{"embeddable":true,"href":"https:\/\/diarioavanzada.com.mx\/index.php?rest_route=\/wp\/v2\/media\/13786"}],"wp:attachment":[{"href":"https:\/\/diarioavanzada.com.mx\/index.php?rest_route=%2Fwp%2Fv2%2Fmedia&parent=13785"}],"wp:term":[{"taxonomy":"category","embeddable":true,"href":"https:\/\/diarioavanzada.com.mx\/index.php?rest_route=%2Fwp%2Fv2%2Fcategories&post=13785"},{"taxonomy":"post_tag","embeddable":true,"href":"https:\/\/diarioavanzada.com.mx\/index.php?rest_route=%2Fwp%2Fv2%2Ftags&post=13785"}],"curies":[{"name":"wp","href":"https:\/\/api.w.org\/{rel}","templated":true}]}}