{"id":13684,"date":"2020-07-01T08:54:26","date_gmt":"2020-07-01T13:54:26","guid":{"rendered":"https:\/\/diarioavanzada.com.mx\/?p=13684"},"modified":"2020-07-01T09:01:07","modified_gmt":"2020-07-01T14:01:07","slug":"gobernadores-defensores-de-los-carteles","status":"publish","type":"post","link":"https:\/\/diarioavanzada.com.mx\/?p=13684","title":{"rendered":"Gobernadores defensores de los c\u00e1rteles"},"content":{"rendered":"\n<p class=\"wp-block-paragraph\"><strong><em>La banda de Gobernadores<\/em><\/strong><\/p>\n\n\n\n<p class=\"wp-block-paragraph\">Los asociaci\u00f3n de gobernadores o, deber\u00edamos escribir, la banda de gobernadores, por la forma en que se han dedicado a defender a los c\u00e1rteles de la droga, de sus respectivas regiones de influencia.<\/p>\n\n\n\n<p class=\"wp-block-paragraph\">Cuando menos tres, de los siete gobernadores, \u2013aunque a veces son ocho o nueve- que se juntan cada fin de semana para intercambiar regalos y exhibir su mejores aviones o helic\u00f3pteros, se encuentran en fase cr\u00edtica en su gobernabilidad, y estos son: Jalisco, Guanajuato y Colima, por el momento, aunque intermitentemente se les suma Tamaulipas y m\u00e1s adelante no sabemos qui\u00e9n sigue.<\/p>\n\n\n\n<p class=\"wp-block-paragraph\"><strong><em>Guanajuato en llamas<\/em><\/strong><\/p>\n\n\n\n<p class=\"wp-block-paragraph\">Esta semana, el estado que ardi\u00f3 en llamas fue Guanajuato, ya que, los cabecillas del C\u00e1rtel de Santo Rosa de Lima (CSRL) fueron acorralados y apresados, pr\u00e1cticamente en su totalidad, con la excepci\u00f3n de su l\u00edder el <strong><em>Marro,<\/em><\/strong> que apareci\u00f3 en un video obsceno, en el pleno sentido de la palabra.<\/p>\n\n\n\n<p class=\"wp-block-paragraph\">En dicho video aparece lanzando improperios contra todo mundo \u2013especialmente contra el C\u00e1rtel Jalisco Nueva Generaci\u00f3n y el gobierno federal- y exigiendo que no maltrataran a su madre a su&nbsp; hermana y a su prima \u2013presuntas operadoras financieras de la organizaci\u00f3n-. El terrible, sanguinario y cruel sujeto llora de rabia porque sabe lo que \u00e9l y sus c\u00f3mplices hacen con los enemigos de su banda y con ciudadanos honestos y teme que sus familiares sean objeto de las mismas barbaridades que ellos practican.<\/p>\n\n\n\n<p class=\"wp-block-paragraph\">Los c\u00e1rteles de Santa Rosa de Lima y Jalisco Nueva Generaci\u00f3n est\u00e1n siendo acorralados por el gobierno federal por el flanco que m\u00e1s les duele, el lado financiero. La Unidad de Inteligencia financiera los est\u00e1 dejando sin finanzas al cerrarles sus cuentas bancarias y los est\u00e1 marginando de todo el sistema financiero. Y por tierra, les ech\u00f3 encima a la Guardia Nacional y a la Secretar\u00eda de Marina Armada de M\u00e9xico.<\/p>\n\n\n\n<p class=\"wp-block-paragraph\">La captura de la madre, la hermana y la prima del capo y todos sus secuaces conmocion\u00f3 a Celaya en particular y a todo Guanajuato en general. La organizaci\u00f3n respondi\u00f3 realizando algunos actos vand\u00e1licos espectaculares para producir terror y miedo entre la poblaci\u00f3n civil, que no tuvo el efecto por ellos esperado.<\/p>\n\n\n\n<p class=\"wp-block-paragraph\"><strong><em>Diego Sinhue al rescate<\/em><\/strong><\/p>\n\n\n\n<p class=\"wp-block-paragraph\">Todo iba bien hasta que lleg\u00f3 Diego Sinhue Rodr\u00edguez Vallejo, miembro de la banda de gobernadores, al rescate. Resulta que el ministerio p\u00fablico local no pudo presentar pruebas suficientes y casi todos los integrantes del C\u00e1rtel de SRL fueron puestos en libertad. \u00bfCasualidad, ineptitud o complicidad?<\/p>\n\n\n\n<p class=\"wp-block-paragraph\">Todo apunta a que fue complicidad y corrupci\u00f3n entre el ministerio p\u00fablico y los jueces.&nbsp;<\/p>\n\n\n\n<p class=\"wp-block-paragraph\">La algarab\u00eda de los conservadores y sus publicistas&nbsp; no tardo. Los conservadores estuvieron de fiesta pues los miembros del CSRL estaban nuevamente en la calle, libres, gracias al gobernador de Guanajuato que s\u00f3lo atin\u00f3 a balbucear que el gobierno federal est\u00e1 politizando la justicia. La liberaci\u00f3n de esta banda de delincuentes es una evidencia m\u00e1s de que el PAN protege a los narcos.<\/p>\n\n\n\n<p class=\"wp-block-paragraph\">Alejando Hope, asesor de seguridad de Calder\u00f3n, sostiene que el crimen organizado no ser\u00e1 derrotado mientras no cooperen los gobernadores. Lamentablemente tiene raz\u00f3n. No porque no cooperen sino porque ya dieron muestras contundentes, como esta, que forman parte de los c\u00e1rteles de la droga. Para ellos los c\u00e1rteles son socios,&nbsp; no objetivos a combatir.<\/p>\n\n\n\n<p class=\"wp-block-paragraph\">Diego Sinhue, Enrique Alfaro y Nacho Peralta tienen algo en com\u00fan, son unos holgazanes, pues no s\u00f3lo no se levantan temprano a trabajar en los Consejos Estatales por la Seguridad y la Paz de los Ciudadanos,&nbsp; sino que hacen algo peor, cooperan con el crimen organizado.<\/p>\n\n\n\n<p class=\"wp-block-paragraph\">Los coment\u00f3cratas han querido presentar estos casos de Jalisco, Colima y Guanajuato como una descoordinaci\u00f3n entre los estados y la federaci\u00f3n, que en t\u00e9rminos llanos se debe traducir como desorganizaci\u00f3n y falta de una pol\u00edtica de combate a la delincuencia organizada. No, el problema es mucho m\u00e1s grave: es la asociaci\u00f3n de los gobernadores con el narcotr\u00e1fico.<\/p>\n\n\n\n<p class=\"wp-block-paragraph\">La derecha festej\u00f3 los hechos. Bien por ellos. Desde hace tiempo sabemos que la derecha golpista y conservadora est\u00e1 con el narco. Los ciudadanos somos mayor\u00eda y los vamos a derrotar. No podemos perder la esperanza.<\/p>\n\n\n\n<p class=\"wp-block-paragraph\"><strong><em>Julio viene con regalos<\/em><\/strong><\/p>\n\n\n\n<p class=\"wp-block-paragraph\">El mes de julio, que iniciamos hoy, viene lleno de promesas. El \u00faltimo d\u00eda de este mes se inicia el juicio contra Garc\u00eda Luna en Nueva York y se abre la perspectiva de que Felipe Calder\u00f3n inicie su calvario rumbo a su castigo. De este juicio se pueden desprender serias consecuencias contra el PAN, M\u00e9xico Libre y el mismo INE, que los protege e impulsa.&nbsp;<\/p>\n\n\n\n<p class=\"wp-block-paragraph\">Julio tambi\u00e9n, en sus primeros d\u00edas en los que el presidente L\u00f3pez Obrador visite la Uni\u00f3n Americana, ojal\u00e1 \u2013lo dese\u00f3 de todo coraz\u00f3n- se d\u00e9 una negociaci\u00f3n donde nuestro presidente pacte la entrega de Felipe Calder\u00f3n a la justicia americana y \u00e9ste pague sus excesos y perversidades.<\/p>\n\n\n\n<p class=\"wp-block-paragraph\">Julio puede traernos grandes regalos para el pa\u00eds.<\/p>\n\n\n\n<p class=\"wp-block-paragraph\">Julio puede traer la luz para las investigaciones por el asesinato del juez federal perpetrado en Colima y donde se abra la posibilidad de castigar a los pol\u00edticos culpables.<\/p>\n\n\n\n<p class=\"wp-block-paragraph\">Julio, tambi\u00e9n puede ser, el principio del fin para todos los pol\u00edticos involucrados en el caso de Pemex-Obredecht, pues Emilio Lozoya llegar\u00e1 a M\u00e9xico con toda la disposici\u00f3n de cooperar con la justicia mexicana. S\u00f3lo falta que se aclare si&nbsp; debe haber visto bueno del Consejo de Ministros del gobierno del reino espa\u00f1ol o si lo extradita en forma inmediata, de cualquier forma, su extradici\u00f3n ser\u00e1 muy pronta.<\/p>\n\n\n\n<p class=\"wp-block-paragraph\">Julio puede ser un mes lleno de regalos para M\u00e9xico. Por ambos casos los registros del PRI y el PAN est\u00e1n en peligro. El Prian o BOA, como usted guste, est\u00e1 a punto de entrar en una espiral legal de trascendencia hist\u00f3rica.<\/p>\n\n\n\n<p class=\"wp-block-paragraph\"><\/p>\n<div class=\"fb-background-color\">\n\t\t\t  <div \n\t\t\t  \tclass = \"fb-comments\" \n\t\t\t  \tdata-href = \"https:\/\/diarioavanzada.com.mx\/?p=13684\"\n\t\t\t  \tdata-numposts = \"10\"\n\t\t\t  \tdata-lazy = \"true\"\n\t\t\t\tdata-colorscheme = \"light\"\n\t\t\t\tdata-order-by = \"social\"\n\t\t\t\tdata-mobile=true>\n\t\t\t  <\/div><\/div>\n\t\t  <style>\n\t\t    .fb-background-color {\n\t\t\t\tbackground:  !important;\n\t\t\t}\n\t\t\t.fb_iframe_widget_fluid_desktop iframe {\n\t\t\t    width: 100% !important;\n\t\t\t}\n\t\t  <\/style>\n\t\t  ","protected":false},"excerpt":{"rendered":"<p>La banda de Gobernadores Los asociaci\u00f3n de gobernadores o, deber\u00edamos escribir, la banda de gobernadores, por la forma en que se han dedicado a defender a los c\u00e1rteles de la droga, de sus respectivas regiones de influencia. Cuando menos tres, de los siete gobernadores, \u2013aunque a veces son ocho o nueve- que se juntan cada [&hellip;]<\/p>\n","protected":false},"author":9,"featured_media":13685,"comment_status":"closed","ping_status":"closed","sticky":false,"template":"","format":"standard","meta":{"_coblocks_attr":"","_coblocks_dimensions":"","_coblocks_responsive_height":"","_coblocks_accordion_ie_support":"","advanced_seo_description":"","jetpack_seo_html_title":"","jetpack_seo_noindex":false,"jetpack_seo_schema_type":"","_jetpack_newsletter_access":"","_jetpack_dont_email_post_to_subs":false,"_jetpack_newsletter_tier_id":0,"_jetpack_memberships_contains_paywalled_content":false,"_wpcom_ai_launchpad_first_post":false,"_jetpack_feature_clip_id":0,"_jetpack_memberships_contains_paid_content":false,"footnotes":"","jetpack_post_was_ever_published":false},"categories":[19,24],"tags":[210],"class_list":["post-13684","post","type-post","status-publish","format-standard","has-post-thumbnail","hentry","category-colima","category-opinion","tag-portada"],"jetpack-related-posts":[],"jetpack_sharing_enabled":true,"amp_enabled":true,"jetpack_featured_media_url":"https:\/\/diarioavanzada.com.mx\/wp-content\/uploads\/2020\/07\/106200353_303565797447647_3311863981259694156_n.jpg","_links":{"self":[{"href":"https:\/\/diarioavanzada.com.mx\/index.php?rest_route=\/wp\/v2\/posts\/13684","targetHints":{"allow":["GET"]}}],"collection":[{"href":"https:\/\/diarioavanzada.com.mx\/index.php?rest_route=\/wp\/v2\/posts"}],"about":[{"href":"https:\/\/diarioavanzada.com.mx\/index.php?rest_route=\/wp\/v2\/types\/post"}],"author":[{"embeddable":true,"href":"https:\/\/diarioavanzada.com.mx\/index.php?rest_route=\/wp\/v2\/users\/9"}],"replies":[{"embeddable":true,"href":"https:\/\/diarioavanzada.com.mx\/index.php?rest_route=%2Fwp%2Fv2%2Fcomments&post=13684"}],"version-history":[{"count":0,"href":"https:\/\/diarioavanzada.com.mx\/index.php?rest_route=\/wp\/v2\/posts\/13684\/revisions"}],"wp:featuredmedia":[{"embeddable":true,"href":"https:\/\/diarioavanzada.com.mx\/index.php?rest_route=\/wp\/v2\/media\/13685"}],"wp:attachment":[{"href":"https:\/\/diarioavanzada.com.mx\/index.php?rest_route=%2Fwp%2Fv2%2Fmedia&parent=13684"}],"wp:term":[{"taxonomy":"category","embeddable":true,"href":"https:\/\/diarioavanzada.com.mx\/index.php?rest_route=%2Fwp%2Fv2%2Fcategories&post=13684"},{"taxonomy":"post_tag","embeddable":true,"href":"https:\/\/diarioavanzada.com.mx\/index.php?rest_route=%2Fwp%2Fv2%2Ftags&post=13684"}],"curies":[{"name":"wp","href":"https:\/\/api.w.org\/{rel}","templated":true}]}}