{"id":13682,"date":"2020-07-01T08:37:08","date_gmt":"2020-07-01T13:37:08","guid":{"rendered":"https:\/\/diarioavanzada.com.mx\/?p=13682"},"modified":"2020-07-01T08:37:09","modified_gmt":"2020-07-01T13:37:09","slug":"el-51-de-los-trabajadores-colimenses-no-obtendran-jubilacion-vivienda-prima-vacacional-o-aguinaldo","status":"publish","type":"post","link":"https:\/\/diarioavanzada.com.mx\/?p=13682","title":{"rendered":"El 51% de los trabajadores colimenses no obtendr\u00e1n jubilaci\u00f3n, vivienda, prima vacacional o aguinaldo"},"content":{"rendered":"\n<p class=\"wp-block-paragraph\">Colima, M\u00e9xico, Avanzada (01\/07\/2020).- Durante el primer trimestre de 2020,&nbsp;de las 384 mil 955 mil personas que realizan una actividad comercial en Colima, poco m\u00e1s de 193 mil, equivalentes al 50.9 por ciento laboran en la informalidad.<\/p>\n\n\n\n<p class=\"wp-block-paragraph\">Con los datos anteriores significa que en Colima, 51 de cada 100 trabajadores no reciben ning\u00fan tipo de prestaci\u00f3n por el empleo que realizan, es decir, no tienen derecho a las prestaciones que marca como jubilaci\u00f3n, derecho a la vivienda, prima vacacional o aguinaldo.<\/p>\n\n\n\n<p class=\"wp-block-paragraph\">La informaci\u00f3n forma parte de los resultados de la\u00a0 Encuesta Nacional de Empleo que realiz\u00f3 el INEGI y que corresponde a los meses de enero, febrero, y marzo, en este \u00faltimo mes se decret\u00f3 la emergencia sanitaria por el Covid-19, que oblig\u00f3 a paralizar la actividad comercial, educativa y gubernamental.<\/p>\n\n\n\n<p class=\"wp-block-paragraph\">Las mismas estad\u00edsticas muestran que en comparaci\u00f3n con el \u00faltimo trimestre del 2019, en el primer trimestre de este a\u00f1o, disminuy\u00f3 el porcentaje de desocupaci\u00f3n, pues pas\u00f3 de&nbsp; en el 2019 de 3.9 a 3.1 en el 2020.<\/p>\n\n\n\n<p class=\"wp-block-paragraph\">Durante el primer trimestre del a\u00f1o, la poblaci\u00f3n de 15 y m\u00e1s a\u00f1os disponible para producir bienes y servicios en el estado fue de 66.4%, cuando un a\u00f1o antes su participaci\u00f3n fue de 66.9 por ciento.<\/p>\n\n\n\n<p class=\"wp-block-paragraph\">Al considerar a la poblaci\u00f3n ocupada respecto al sector econ\u00f3mico en el que labora, se observa que 12.1% del total trabaja en el sector primario, 17.9% en el secundario o industrial, y 68.8% realizan actividades relacionadas con el sector terciario o de servicios y comercio.<\/p>\n\n\n\n<p class=\"wp-block-paragraph\">El INEGI expone que otro enfoque desde el cual puede caracterizarse a la poblaci\u00f3n ocupada es el que se refiere al tama\u00f1o de la unidad econ\u00f3mica en la que labora. En funci\u00f3n de ello, si s\u00f3lo se toma en cuenta al \u00e1mbito no agropecuario que abarca 81.6% de la poblaci\u00f3n ocupada, al primer trimestre de 2020, el 47.9% de las personas est\u00e1n ocupadas en micronegocios; 20.6% en establecimientos peque\u00f1os; 8.0% en establecimientos medianos; 8.9% en establecimientos grandes; en el gobierno laboran 7.8%, y el 6.8% en otro tipo de unidades econ\u00f3micas.<\/p>\n\n\n\n<p class=\"wp-block-paragraph\">Durante el a\u00f1o que media entre el primer trimestre de 2019 y 2020, las unidades econ\u00f3micas que aumentaron su participaci\u00f3n porcentual en cuanto a n\u00famero de empleos generados fueron los establecimientos peque\u00f1os y los establecimientos medianos, en 1.0 y 0.5 puntos porcentuales. Por su parte, los establecimientos grandes y los micronegocios disminuyeron en 0.5 y 1.4 por ciento, respectivamente.&nbsp;<\/p>\n<div class=\"fb-background-color\">\n\t\t\t  <div \n\t\t\t  \tclass = \"fb-comments\" \n\t\t\t  \tdata-href = \"https:\/\/diarioavanzada.com.mx\/?p=13682\"\n\t\t\t  \tdata-numposts = \"10\"\n\t\t\t  \tdata-lazy = \"true\"\n\t\t\t\tdata-colorscheme = \"light\"\n\t\t\t\tdata-order-by = \"social\"\n\t\t\t\tdata-mobile=true>\n\t\t\t  <\/div><\/div>\n\t\t  <style>\n\t\t    .fb-background-color {\n\t\t\t\tbackground:  !important;\n\t\t\t}\n\t\t\t.fb_iframe_widget_fluid_desktop iframe {\n\t\t\t    width: 100% !important;\n\t\t\t}\n\t\t  <\/style>\n\t\t  ","protected":false},"excerpt":{"rendered":"<p>Colima, M\u00e9xico, Avanzada (01\/07\/2020).- Durante el primer trimestre de 2020,&nbsp;de las 384 mil 955 mil personas que realizan una actividad comercial en Colima, poco m\u00e1s de 193 mil, equivalentes al 50.9 por ciento laboran en la informalidad. Con los datos anteriores significa que en Colima, 51 de cada 100 trabajadores no reciben ning\u00fan tipo de [&hellip;]<\/p>\n","protected":false},"author":5,"featured_media":8312,"comment_status":"closed","ping_status":"closed","sticky":false,"template":"","format":"standard","meta":{"_coblocks_attr":"","_coblocks_dimensions":"","_coblocks_responsive_height":"","_coblocks_accordion_ie_support":"","_crdt_document":"","advanced_seo_description":"","jetpack_seo_html_title":"","jetpack_seo_noindex":false,"_jetpack_memberships_contains_paid_content":false,"footnotes":""},"categories":[19],"tags":[210],"class_list":["post-13682","post","type-post","status-publish","format-standard","has-post-thumbnail","hentry","category-colima","tag-portada"],"jetpack_featured_media_url":"https:\/\/diarioavanzada.com.mx\/wp-content\/uploads\/2019\/10\/MUJERES.jpg","jetpack-related-posts":[],"jetpack_sharing_enabled":true,"amp_enabled":true,"_links":{"self":[{"href":"https:\/\/diarioavanzada.com.mx\/index.php?rest_route=\/wp\/v2\/posts\/13682","targetHints":{"allow":["GET"]}}],"collection":[{"href":"https:\/\/diarioavanzada.com.mx\/index.php?rest_route=\/wp\/v2\/posts"}],"about":[{"href":"https:\/\/diarioavanzada.com.mx\/index.php?rest_route=\/wp\/v2\/types\/post"}],"author":[{"embeddable":true,"href":"https:\/\/diarioavanzada.com.mx\/index.php?rest_route=\/wp\/v2\/users\/5"}],"replies":[{"embeddable":true,"href":"https:\/\/diarioavanzada.com.mx\/index.php?rest_route=%2Fwp%2Fv2%2Fcomments&post=13682"}],"version-history":[{"count":0,"href":"https:\/\/diarioavanzada.com.mx\/index.php?rest_route=\/wp\/v2\/posts\/13682\/revisions"}],"wp:featuredmedia":[{"embeddable":true,"href":"https:\/\/diarioavanzada.com.mx\/index.php?rest_route=\/wp\/v2\/media\/8312"}],"wp:attachment":[{"href":"https:\/\/diarioavanzada.com.mx\/index.php?rest_route=%2Fwp%2Fv2%2Fmedia&parent=13682"}],"wp:term":[{"taxonomy":"category","embeddable":true,"href":"https:\/\/diarioavanzada.com.mx\/index.php?rest_route=%2Fwp%2Fv2%2Fcategories&post=13682"},{"taxonomy":"post_tag","embeddable":true,"href":"https:\/\/diarioavanzada.com.mx\/index.php?rest_route=%2Fwp%2Fv2%2Ftags&post=13682"}],"curies":[{"name":"wp","href":"https:\/\/api.w.org\/{rel}","templated":true}]}}