{"id":135568,"date":"2026-09-04T21:54:55","date_gmt":"2026-09-05T03:54:55","guid":{"rendered":"https:\/\/diarioavanzada.com.mx\/?p=135568"},"modified":"2026-09-04T21:59:14","modified_gmt":"2026-09-05T03:59:14","slug":"convocan-a-protesta-contra-la-ampliacion-del-puerto-de-manzanillo","status":"publish","type":"post","link":"https:\/\/diarioavanzada.com.mx\/?p=135568","title":{"rendered":"Convocan a protesta contra la ampliaci\u00f3n del puerto de Manzanillo"},"content":{"rendered":"\n<p class=\"p3 wp-block-paragraph\">Colima, M\u00e9xico, Avanzada (04\/09\/2026).- Organizaciones y ciudadanos convocaron a una manifestaci\u00f3n pac\u00edfica para este s\u00e1bado 5 de septiembre en rechazo al proyecto de ampliaci\u00f3n del puerto de Manzanillo, con motivo de la visita de la presidenta Claudia Sheinbaum Pardo a Colima para presentar su Segundo Informe de Gobierno.<\/p>\n\n\n\n<p class=\"p3 wp-block-paragraph\">La protesta est\u00e1 programada para las 8:30 de la ma\u00f1ana, en la estatua de la mujer voleibolista de la Unidad Deportiva Morelos, en la ciudad de Colima, desde donde los participantes buscan hacer visible su oposici\u00f3n al proyecto portuario.<\/p>\n\n\n\n<p class=\"p3 wp-block-paragraph\">Bajo el llamado<em> \u201c\u00a1Claudia, escucha al pueblo! \u00a1No queremos la ampliaci\u00f3n del puerto!\u201d, <\/em>los organizadores se\u00f1alaron que pretenden realizar una movilizaci\u00f3n pac\u00edfica y distinta, basada en la participaci\u00f3n ciudadana, la creatividad y la unidad.<\/p>\n\n\n\n<p class=\"p3 wp-block-paragraph\">La convocatoria invita a las familias a participar y llevar pancartas con mensajes, colores y disfraces, con el prop\u00f3sito de generar una presencia ciudadana que exprese de manera pac\u00edfica, pero contundente, el rechazo a la ampliaci\u00f3n portuaria.<\/p>\n\n\n\n<p class=\"p3 wp-block-paragraph\"><em>\u201cLo m\u00e1s importante es estar ah\u00ed y mostrar nuestro rechazo al proyecto de una forma pac\u00edfica pero contundente\u201d,<\/em> se\u00f1ala la convocatoria difundida en redes sociales.<\/p>\n\n\n\n<p class=\"p3 wp-block-paragraph\">Los participantes plantean que la movilizaci\u00f3n servir\u00e1 tambi\u00e9n para exigir que las autoridades federales escuchen las voces de quienes consideran que la expansi\u00f3n del puerto tendr\u00e1 impactos sobre el entorno y el territorio.<\/p>\n\n\n\n<p class=\"p3 wp-block-paragraph\">La manifestaci\u00f3n se llevar\u00e1 a cabo mientras la presidenta Claudia Sheinbaum se encuentre en Colima para encabezar actividades relacionadas con su Segundo Informe de Gobierno.<\/p>\n<div class=\"fb-background-color\">\n\t\t\t  <div \n\t\t\t  \tclass = \"fb-comments\" \n\t\t\t  \tdata-href = \"https:\/\/diarioavanzada.com.mx\/?p=135568\"\n\t\t\t  \tdata-numposts = \"10\"\n\t\t\t  \tdata-lazy = \"true\"\n\t\t\t\tdata-colorscheme = \"light\"\n\t\t\t\tdata-order-by = \"social\"\n\t\t\t\tdata-mobile=true>\n\t\t\t  <\/div><\/div>\n\t\t  <style>\n\t\t    .fb-background-color {\n\t\t\t\tbackground:  !important;\n\t\t\t}\n\t\t\t.fb_iframe_widget_fluid_desktop iframe {\n\t\t\t    width: 100% !important;\n\t\t\t}\n\t\t  <\/style>\n\t\t  ","protected":false},"excerpt":{"rendered":"<p>Colima, M\u00e9xico, Avanzada (04\/09\/2026).- Organizaciones y ciudadanos convocaron a una manifestaci\u00f3n pac\u00edfica para este s\u00e1bado 5 de septiembre en rechazo al proyecto de ampliaci\u00f3n del puerto de Manzanillo, con motivo de la visita de la presidenta Claudia Sheinbaum Pardo a Colima para presentar su Segundo Informe de Gobierno. La protesta est\u00e1 programada para las 8:30 [&hellip;]<\/p>\n","protected":false},"author":7,"featured_media":135566,"comment_status":"closed","ping_status":"closed","sticky":false,"template":"","format":"standard","meta":{"_coblocks_attr":"","_coblocks_dimensions":"","_coblocks_responsive_height":"","_coblocks_accordion_ie_support":"","advanced_seo_description":"","jetpack_seo_html_title":"","jetpack_seo_noindex":false,"jetpack_seo_schema_type":"","_jetpack_newsletter_access":"","_jetpack_dont_email_post_to_subs":false,"_jetpack_newsletter_tier_id":0,"_jetpack_memberships_contains_paywalled_content":false,"_wpcom_ai_launchpad_first_post":false,"_jetpack_feature_clip_id":0,"_jetpack_memberships_contains_paid_content":false,"footnotes":"","jetpack_post_was_ever_published":false},"categories":[19,1,209,20,7,29],"tags":[210],"class_list":["post-135568","post","type-post","status-publish","format-standard","has-post-thumbnail","hentry","category-colima","category-general","category-importantes","category-manzanillo","category-noticias","category-sociedad","tag-portada"],"jetpack-related-posts":[],"jetpack_sharing_enabled":true,"amp_enabled":true,"jetpack_featured_media_url":"https:\/\/diarioavanzada.com.mx\/wp-content\/uploads\/2026\/09\/57d94085-2a67-4b19-b4a5-c09ac113484a.jpg","_links":{"self":[{"href":"https:\/\/diarioavanzada.com.mx\/index.php?rest_route=\/wp\/v2\/posts\/135568","targetHints":{"allow":["GET"]}}],"collection":[{"href":"https:\/\/diarioavanzada.com.mx\/index.php?rest_route=\/wp\/v2\/posts"}],"about":[{"href":"https:\/\/diarioavanzada.com.mx\/index.php?rest_route=\/wp\/v2\/types\/post"}],"author":[{"embeddable":true,"href":"https:\/\/diarioavanzada.com.mx\/index.php?rest_route=\/wp\/v2\/users\/7"}],"replies":[{"embeddable":true,"href":"https:\/\/diarioavanzada.com.mx\/index.php?rest_route=%2Fwp%2Fv2%2Fcomments&post=135568"}],"version-history":[{"count":1,"href":"https:\/\/diarioavanzada.com.mx\/index.php?rest_route=\/wp\/v2\/posts\/135568\/revisions"}],"predecessor-version":[{"id":135569,"href":"https:\/\/diarioavanzada.com.mx\/index.php?rest_route=\/wp\/v2\/posts\/135568\/revisions\/135569"}],"wp:featuredmedia":[{"embeddable":true,"href":"https:\/\/diarioavanzada.com.mx\/index.php?rest_route=\/wp\/v2\/media\/135566"}],"wp:attachment":[{"href":"https:\/\/diarioavanzada.com.mx\/index.php?rest_route=%2Fwp%2Fv2%2Fmedia&parent=135568"}],"wp:term":[{"taxonomy":"category","embeddable":true,"href":"https:\/\/diarioavanzada.com.mx\/index.php?rest_route=%2Fwp%2Fv2%2Fcategories&post=135568"},{"taxonomy":"post_tag","embeddable":true,"href":"https:\/\/diarioavanzada.com.mx\/index.php?rest_route=%2Fwp%2Fv2%2Ftags&post=135568"}],"curies":[{"name":"wp","href":"https:\/\/api.w.org\/{rel}","templated":true}]}}