{"id":135555,"date":"2026-09-04T21:47:32","date_gmt":"2026-09-05T03:47:32","guid":{"rendered":"https:\/\/diarioavanzada.com.mx\/?p=135555"},"modified":"2026-09-04T21:47:34","modified_gmt":"2026-09-05T03:47:34","slug":"egresan-173-estudiantes-de-licenciatura-y-posgrado-de-la-facultad-de-economia-de-la-udec","status":"publish","type":"post","link":"https:\/\/diarioavanzada.com.mx\/?p=135555","title":{"rendered":"Egresan 173 estudiantes de licenciatura y posgrado de la Facultad de Econom\u00eda de la UdeC"},"content":{"rendered":"\n<p class=\"wp-block-paragraph\"><em>Concluyeron estudios en Econom\u00eda, Finanzas, Negocios Internacionales y Gesti\u00f3n del Desarrollo; durante la ceremonia se les llam\u00f3 a mantener una formaci\u00f3n cr\u00edtica, creativa y comprometida con su entorno.<\/em><\/p>\n\n\n\n<p class=\"wp-block-paragraph\">Colima, M\u00e9xico, Comunicado (04\/09\/2026).- Un total de 173 estudiantes de licenciatura y posgrado de la Facultad de Econom\u00eda de la Universidad de Colima concluy\u00f3 esta semana sus estudios, durante una ceremonia de graduaci\u00f3n realizada en el Teatro Universitario.<\/p>\n\n\n\n<p class=\"wp-block-paragraph\">La generaci\u00f3n 2022-2026 estuvo integrada por egresadas y egresados de las licenciaturas en Econom\u00eda, Finanzas y Negocios Internacionales, esta \u00faltima en sus modalidades en espa\u00f1ol e ingl\u00e9s, as\u00ed como por integrantes de la generaci\u00f3n 2024-2026 de la Maestr\u00eda en Gesti\u00f3n del Desarrollo.<\/p>\n\n\n\n<p class=\"wp-block-paragraph\">Durante el acto se entregaron 25 certificados de Econom\u00eda, 53 de Finanzas, 60 de Negocios Internacionales, 22 de Negocios Internacionales en modalidad en ingl\u00e9s y 13 de la Maestr\u00eda en Gesti\u00f3n del Desarrollo.<\/p>\n\n\n\n<p class=\"wp-block-paragraph\">Al dirigirse a quienes concluyeron sus estudios, Oriana Zaret Gayt\u00e1n G\u00f3mez, directora de la Facultad de Econom\u00eda, los invit\u00f3 a mantener una actitud de aprendizaje permanente y a no permitir que la creatividad, el pensamiento propio y la capacidad de decisi\u00f3n sean desplazados por herramientas o factores externos.<\/p>\n\n\n\n<p class=\"wp-block-paragraph\">Se\u00f1al\u00f3 que, en un contexto de cambios acelerados, su formaci\u00f3n deber\u00e1 servir no s\u00f3lo para interpretar cifras o competir profesionalmente, sino tambi\u00e9n para aportar a la equidad, el desarrollo sostenible y la justicia social. \u201cEnciendan sus mentes, no permitan que nadie las apague; salgan a liderar, a transformar y a construir un mundo m\u00e1s justo, pr\u00f3spero y sostenible\u201d, expres\u00f3.<\/p>\n\n\n\n<p class=\"wp-block-paragraph\">Quienes hablaron en nombre de sus compa\u00f1eros y compa\u00f1eras coincidieron en se\u00f1alar que su etapa universitaria estuvo marcada por constantes transformaciones e innovaciones y agradecieron el acompa\u00f1amiento de familiares, amistades, docentes y compa\u00f1eros.<\/p>\n\n\n\n<p class=\"wp-block-paragraph\">En sus mensajes se\u00f1alaron tambi\u00e9n que, pese a las distintas maneras de entender el mundo, es posible contribuir colectivamente a construir un entorno mejor.<\/p>\n\n\n\n<p class=\"wp-block-paragraph\">En representaci\u00f3n del rector Christian Jorge Torres Ortiz Zerme\u00f1o, Carlos Alberto Montes Carbajal, delegado de Villa de \u00c1lvarez, reconoci\u00f3 el trabajo realizado por las y los estudiantes, as\u00ed como el acompa\u00f1amiento de docentes y personal de la Facultad durante los a\u00f1os de formaci\u00f3n.<\/p>\n\n\n\n<p class=\"wp-block-paragraph\">Tambi\u00e9n los llam\u00f3 a disfrutar este logro y continuar con el proceso de titulaci\u00f3n, al se\u00f1alar que la formaci\u00f3n universitaria adquiere mayor sentido cuando se traduce en aportaciones a la sociedad. \u201cEl verdadero valor de lo que aprendieron no est\u00e1 solamente en lo que puedan alcanzar para ustedes mismos, sino tambi\u00e9n en lo que puedan aportar a los dem\u00e1s\u201d, puntualiz\u00f3.<\/p>\n\n\n\n<p class=\"wp-block-paragraph\">A la ceremonia asistieron tambi\u00e9n Susana Aurelia Preciado Jim\u00e9nez, coordinadora general de Docencia; Mario Guillermo de Anda Ch\u00e1vez, director general de Educaci\u00f3n Superior; Arianna S\u00e1nchez Espinosa, directora general de Posgrado; Ana Cecilia Garc\u00eda Valencia, directora general de la Oficina de Internacionalizaci\u00f3n y Cooperaci\u00f3n Acad\u00e9mica; Carolina Venegas Ochoa, presidenta de la Federaci\u00f3n de Egresados de la Universidad de Colima, y Karla Isabel Larios Montes, en representaci\u00f3n de la Federaci\u00f3n de Estudiantes Colimenses.<\/p>\n\n\n\n<figure class=\"wp-block-image size-large\"><img loading=\"lazy\" decoding=\"async\" width=\"1024\" height=\"683\" src=\"https:\/\/diarioavanzada.com.mx\/wp-content\/uploads\/2026\/09\/Graduacion-de-la-Facultad-de-Economia_g-1024x683.jpg\" alt=\"\" class=\"wp-image-135562\" srcset=\"https:\/\/diarioavanzada.com.mx\/wp-content\/uploads\/2026\/09\/Graduacion-de-la-Facultad-de-Economia_g-1024x683.jpg 1024w, https:\/\/diarioavanzada.com.mx\/wp-content\/uploads\/2026\/09\/Graduacion-de-la-Facultad-de-Economia_g-300x200.jpg 300w, https:\/\/diarioavanzada.com.mx\/wp-content\/uploads\/2026\/09\/Graduacion-de-la-Facultad-de-Economia_g-768x512.jpg 768w, https:\/\/diarioavanzada.com.mx\/wp-content\/uploads\/2026\/09\/Graduacion-de-la-Facultad-de-Economia_g.jpg 1080w\" sizes=\"auto, (max-width: 1024px) 100vw, 1024px\" \/><\/figure>\n\n\n\n<figure class=\"wp-block-image size-large\"><img loading=\"lazy\" decoding=\"async\" width=\"1024\" height=\"683\" src=\"https:\/\/diarioavanzada.com.mx\/wp-content\/uploads\/2026\/09\/Graduacion-de-la-Facultad-de-Economia_f-1024x683.jpg\" alt=\"\" class=\"wp-image-135561\" srcset=\"https:\/\/diarioavanzada.com.mx\/wp-content\/uploads\/2026\/09\/Graduacion-de-la-Facultad-de-Economia_f-1024x683.jpg 1024w, https:\/\/diarioavanzada.com.mx\/wp-content\/uploads\/2026\/09\/Graduacion-de-la-Facultad-de-Economia_f-300x200.jpg 300w, https:\/\/diarioavanzada.com.mx\/wp-content\/uploads\/2026\/09\/Graduacion-de-la-Facultad-de-Economia_f-768x512.jpg 768w, https:\/\/diarioavanzada.com.mx\/wp-content\/uploads\/2026\/09\/Graduacion-de-la-Facultad-de-Economia_f.jpg 1080w\" sizes=\"auto, (max-width: 1024px) 100vw, 1024px\" \/><\/figure>\n\n\n\n<figure class=\"wp-block-image size-large\"><img loading=\"lazy\" decoding=\"async\" width=\"1024\" height=\"696\" src=\"https:\/\/diarioavanzada.com.mx\/wp-content\/uploads\/2026\/09\/Graduacion-de-la-Facultad-de-Economia_c-1024x696.jpg\" alt=\"\" class=\"wp-image-135560\" srcset=\"https:\/\/diarioavanzada.com.mx\/wp-content\/uploads\/2026\/09\/Graduacion-de-la-Facultad-de-Economia_c-1024x696.jpg 1024w, https:\/\/diarioavanzada.com.mx\/wp-content\/uploads\/2026\/09\/Graduacion-de-la-Facultad-de-Economia_c-300x204.jpg 300w, https:\/\/diarioavanzada.com.mx\/wp-content\/uploads\/2026\/09\/Graduacion-de-la-Facultad-de-Economia_c-768x522.jpg 768w, https:\/\/diarioavanzada.com.mx\/wp-content\/uploads\/2026\/09\/Graduacion-de-la-Facultad-de-Economia_c.jpg 1080w\" sizes=\"auto, (max-width: 1024px) 100vw, 1024px\" \/><\/figure>\n\n\n\n<figure class=\"wp-block-image size-large\"><img loading=\"lazy\" decoding=\"async\" width=\"1024\" height=\"683\" src=\"https:\/\/diarioavanzada.com.mx\/wp-content\/uploads\/2026\/09\/Graduacion-de-la-Facultad-de-Economia_a-1024x683.jpg\" alt=\"\" class=\"wp-image-135558\" srcset=\"https:\/\/diarioavanzada.com.mx\/wp-content\/uploads\/2026\/09\/Graduacion-de-la-Facultad-de-Economia_a-1024x683.jpg 1024w, https:\/\/diarioavanzada.com.mx\/wp-content\/uploads\/2026\/09\/Graduacion-de-la-Facultad-de-Economia_a-300x200.jpg 300w, https:\/\/diarioavanzada.com.mx\/wp-content\/uploads\/2026\/09\/Graduacion-de-la-Facultad-de-Economia_a-768x512.jpg 768w, https:\/\/diarioavanzada.com.mx\/wp-content\/uploads\/2026\/09\/Graduacion-de-la-Facultad-de-Economia_a.jpg 1080w\" sizes=\"auto, (max-width: 1024px) 100vw, 1024px\" \/><\/figure>\n\n\n\n<figure class=\"wp-block-image size-large\"><img loading=\"lazy\" decoding=\"async\" width=\"1024\" height=\"683\" src=\"https:\/\/diarioavanzada.com.mx\/wp-content\/uploads\/2026\/09\/Graduacion-de-la-Facultad-de-Economia_b-1024x683.jpg\" alt=\"\" class=\"wp-image-135557\" srcset=\"https:\/\/diarioavanzada.com.mx\/wp-content\/uploads\/2026\/09\/Graduacion-de-la-Facultad-de-Economia_b-1024x683.jpg 1024w, https:\/\/diarioavanzada.com.mx\/wp-content\/uploads\/2026\/09\/Graduacion-de-la-Facultad-de-Economia_b-300x200.jpg 300w, https:\/\/diarioavanzada.com.mx\/wp-content\/uploads\/2026\/09\/Graduacion-de-la-Facultad-de-Economia_b-768x512.jpg 768w, https:\/\/diarioavanzada.com.mx\/wp-content\/uploads\/2026\/09\/Graduacion-de-la-Facultad-de-Economia_b.jpg 1080w\" sizes=\"auto, (max-width: 1024px) 100vw, 1024px\" \/><\/figure>\n<div class=\"fb-background-color\">\n\t\t\t  <div \n\t\t\t  \tclass = \"fb-comments\" \n\t\t\t  \tdata-href = \"https:\/\/diarioavanzada.com.mx\/?p=135555\"\n\t\t\t  \tdata-numposts = \"10\"\n\t\t\t  \tdata-lazy = \"true\"\n\t\t\t\tdata-colorscheme = \"light\"\n\t\t\t\tdata-order-by = \"social\"\n\t\t\t\tdata-mobile=true>\n\t\t\t  <\/div><\/div>\n\t\t  <style>\n\t\t    .fb-background-color {\n\t\t\t\tbackground:  !important;\n\t\t\t}\n\t\t\t.fb_iframe_widget_fluid_desktop iframe {\n\t\t\t    width: 100% !important;\n\t\t\t}\n\t\t  <\/style>\n\t\t  ","protected":false},"excerpt":{"rendered":"<p>Concluyeron estudios en Econom\u00eda, Finanzas, Negocios Internacionales y Gesti\u00f3n del Desarrollo; durante la ceremonia se les llam\u00f3 a mantener una formaci\u00f3n cr\u00edtica, creativa y comprometida con su entorno. Colima, M\u00e9xico, Comunicado (04\/09\/2026).- Un total de 173 estudiantes de licenciatura y posgrado de la Facultad de Econom\u00eda de la Universidad de Colima concluy\u00f3 esta semana sus [&hellip;]<\/p>\n","protected":false},"author":7,"featured_media":135559,"comment_status":"closed","ping_status":"closed","sticky":false,"template":"","format":"standard","meta":{"_coblocks_attr":"","_coblocks_dimensions":"","_coblocks_responsive_height":"","_coblocks_accordion_ie_support":"","advanced_seo_description":"","jetpack_seo_html_title":"","jetpack_seo_noindex":false,"jetpack_seo_schema_type":"","_jetpack_newsletter_access":"","_jetpack_dont_email_post_to_subs":false,"_jetpack_newsletter_tier_id":0,"_jetpack_memberships_contains_paywalled_content":false,"_wpcom_ai_launchpad_first_post":false,"_jetpack_feature_clip_id":0,"_jetpack_memberships_contains_paid_content":false,"footnotes":"","jetpack_post_was_ever_published":false},"categories":[19,1,209,7],"tags":[],"class_list":["post-135555","post","type-post","status-publish","format-standard","has-post-thumbnail","hentry","category-colima","category-general","category-importantes","category-noticias"],"jetpack-related-posts":[],"jetpack_sharing_enabled":true,"amp_enabled":true,"jetpack_featured_media_url":"https:\/\/diarioavanzada.com.mx\/wp-content\/uploads\/2026\/09\/Graduacion-de-la-Facultad-de-Economia.jpg","_links":{"self":[{"href":"https:\/\/diarioavanzada.com.mx\/index.php?rest_route=\/wp\/v2\/posts\/135555","targetHints":{"allow":["GET"]}}],"collection":[{"href":"https:\/\/diarioavanzada.com.mx\/index.php?rest_route=\/wp\/v2\/posts"}],"about":[{"href":"https:\/\/diarioavanzada.com.mx\/index.php?rest_route=\/wp\/v2\/types\/post"}],"author":[{"embeddable":true,"href":"https:\/\/diarioavanzada.com.mx\/index.php?rest_route=\/wp\/v2\/users\/7"}],"replies":[{"embeddable":true,"href":"https:\/\/diarioavanzada.com.mx\/index.php?rest_route=%2Fwp%2Fv2%2Fcomments&post=135555"}],"version-history":[{"count":3,"href":"https:\/\/diarioavanzada.com.mx\/index.php?rest_route=\/wp\/v2\/posts\/135555\/revisions"}],"predecessor-version":[{"id":135564,"href":"https:\/\/diarioavanzada.com.mx\/index.php?rest_route=\/wp\/v2\/posts\/135555\/revisions\/135564"}],"wp:featuredmedia":[{"embeddable":true,"href":"https:\/\/diarioavanzada.com.mx\/index.php?rest_route=\/wp\/v2\/media\/135559"}],"wp:attachment":[{"href":"https:\/\/diarioavanzada.com.mx\/index.php?rest_route=%2Fwp%2Fv2%2Fmedia&parent=135555"}],"wp:term":[{"taxonomy":"category","embeddable":true,"href":"https:\/\/diarioavanzada.com.mx\/index.php?rest_route=%2Fwp%2Fv2%2Fcategories&post=135555"},{"taxonomy":"post_tag","embeddable":true,"href":"https:\/\/diarioavanzada.com.mx\/index.php?rest_route=%2Fwp%2Fv2%2Ftags&post=135555"}],"curies":[{"name":"wp","href":"https:\/\/api.w.org\/{rel}","templated":true}]}}