{"id":135531,"date":"2026-09-04T12:40:46","date_gmt":"2026-09-04T18:40:46","guid":{"rendered":"https:\/\/diarioavanzada.com.mx\/?p=135531"},"modified":"2026-09-04T12:40:46","modified_gmt":"2026-09-04T18:40:46","slug":"hallan-sin-vida-en-veracruz-al-diputado-federal-de-morena-zenyazen-escobar","status":"publish","type":"post","link":"https:\/\/diarioavanzada.com.mx\/?p=135531","title":{"rendered":"Hallan sin vida en Veracruz, al diputado federal de Morena, Zenyazen Escobar"},"content":{"rendered":"\n<p class=\"p2 wp-block-paragraph\"><strong>El legislador morenista y exsecretario de Educaci\u00f3n estatal fue localizado la ma\u00f1ana de este viernes. La Fiscal\u00eda realiza las periciales correspondientes.<\/strong><\/p>\n\n\n\n<p class=\"p3 wp-block-paragraph\">Veracruz, M\u00e9xico, Avanzada (04\/09\/2026).- La ma\u00f1ana de este viernes 4 de septiembre fue localizado sin vida el diputado federal por Morena, Zenyazen Roberto Escobar Garc\u00eda, de 42 a\u00f1os, en la localidad de La Gloria, tambi\u00e9n referida como Tamarindo, en el municipio de Puente Nacional, Veracruz.<\/p>\n\n\n\n<p class=\"p3 wp-block-paragraph\">Tras el reporte, elementos de corporaciones de seguridad y personal de servicios periciales acudieron al sitio, donde se estableci\u00f3 un per\u00edmetro de seguridad para preservar la escena y recabar indicios.<\/p>\n\n\n\n<p class=\"p3 wp-block-paragraph\">La Fiscal\u00eda General del Estado de Veracruz inici\u00f3 las investigaciones correspondientes para esclarecer las circunstancias en las que ocurri\u00f3 el deceso. Hasta el momento, la autoridad no ha confirmado oficialmente la causa de muerte ni el posible m\u00f3vil.<\/p>\n\n\n\n<p class=\"p3 wp-block-paragraph\">Escobar Garc\u00eda era diputado federal en funciones por la LXVI Legislatura, postulado por Morena por el Distrito 16, con cabecera en C\u00f3rdoba, Veracruz.<\/p>\n\n\n\n<p class=\"p3 wp-block-paragraph\">Antes de llegar a la C\u00e1mara de Diputados, se desempe\u00f1\u00f3 como secretario de Educaci\u00f3n de Veracruz, durante la administraci\u00f3n estatal anterior, cargo desde el cual tuvo participaci\u00f3n en asuntos relacionados con la pol\u00edtica educativa de la entidad.<\/p>\n\n\n\n<p class=\"p3 wp-block-paragraph\">El hallazgo gener\u00f3 movilizaci\u00f3n de las autoridades en Puente Nacional, mientras las diligencias ministeriales y periciales contin\u00faan para establecer con precisi\u00f3n qu\u00e9 ocurri\u00f3.<\/p>\n\n\n\n<p class=\"p3 wp-block-paragraph\">Hasta el cierre de esta informaci\u00f3n, permanec\u00edan pendientes de conocerse pronunciamientos oficiales adicionales de la Fiscal\u00eda General del Estado, Morena y la C\u00e1mara de Diputados sobre el fallecimiento del legislador.<\/p>\n\n\n\n<p class=\"p4 wp-block-paragraph\">La investigaci\u00f3n se mantiene abierta y ser\u00e1 la autoridad ministerial la que determine las circunstancias y, en su caso, las responsabilidades derivadas del hecho.<\/p>\n<div class=\"fb-background-color\">\n\t\t\t  <div \n\t\t\t  \tclass = \"fb-comments\" \n\t\t\t  \tdata-href = \"https:\/\/diarioavanzada.com.mx\/?p=135531\"\n\t\t\t  \tdata-numposts = \"10\"\n\t\t\t  \tdata-lazy = \"true\"\n\t\t\t\tdata-colorscheme = \"light\"\n\t\t\t\tdata-order-by = \"social\"\n\t\t\t\tdata-mobile=true>\n\t\t\t  <\/div><\/div>\n\t\t  <style>\n\t\t    .fb-background-color {\n\t\t\t\tbackground:  !important;\n\t\t\t}\n\t\t\t.fb_iframe_widget_fluid_desktop iframe {\n\t\t\t    width: 100% !important;\n\t\t\t}\n\t\t  <\/style>\n\t\t  ","protected":false},"excerpt":{"rendered":"<p>El legislador morenista y exsecretario de Educaci\u00f3n estatal fue localizado la ma\u00f1ana de este viernes. La Fiscal\u00eda realiza las periciales correspondientes. Veracruz, M\u00e9xico, Avanzada (04\/09\/2026).- La ma\u00f1ana de este viernes 4 de septiembre fue localizado sin vida el diputado federal por Morena, Zenyazen Roberto Escobar Garc\u00eda, de 42 a\u00f1os, en la localidad de La Gloria, [&hellip;]<\/p>\n","protected":false},"author":7,"featured_media":135530,"comment_status":"closed","ping_status":"closed","sticky":false,"template":"","format":"standard","meta":{"_coblocks_attr":"","_coblocks_dimensions":"","_coblocks_responsive_height":"","_coblocks_accordion_ie_support":"","advanced_seo_description":"","jetpack_seo_html_title":"","jetpack_seo_noindex":false,"jetpack_seo_schema_type":"","_jetpack_newsletter_access":"","_jetpack_dont_email_post_to_subs":false,"_jetpack_newsletter_tier_id":0,"_jetpack_memberships_contains_paywalled_content":false,"_wpcom_ai_launchpad_first_post":false,"_jetpack_feature_clip_id":0,"_jetpack_memberships_contains_paid_content":false,"footnotes":"","jetpack_post_was_ever_published":false},"categories":[1,209,22,7,231,29],"tags":[210],"class_list":["post-135531","post","type-post","status-publish","format-standard","has-post-thumbnail","hentry","category-general","category-importantes","category-nacion","category-noticias","category-seguridad","category-sociedad","tag-portada"],"jetpack-related-posts":[],"jetpack_sharing_enabled":true,"amp_enabled":true,"jetpack_featured_media_url":"https:\/\/diarioavanzada.com.mx\/wp-content\/uploads\/2026\/09\/img_3952.png","_links":{"self":[{"href":"https:\/\/diarioavanzada.com.mx\/index.php?rest_route=\/wp\/v2\/posts\/135531","targetHints":{"allow":["GET"]}}],"collection":[{"href":"https:\/\/diarioavanzada.com.mx\/index.php?rest_route=\/wp\/v2\/posts"}],"about":[{"href":"https:\/\/diarioavanzada.com.mx\/index.php?rest_route=\/wp\/v2\/types\/post"}],"author":[{"embeddable":true,"href":"https:\/\/diarioavanzada.com.mx\/index.php?rest_route=\/wp\/v2\/users\/7"}],"replies":[{"embeddable":true,"href":"https:\/\/diarioavanzada.com.mx\/index.php?rest_route=%2Fwp%2Fv2%2Fcomments&post=135531"}],"version-history":[{"count":0,"href":"https:\/\/diarioavanzada.com.mx\/index.php?rest_route=\/wp\/v2\/posts\/135531\/revisions"}],"wp:featuredmedia":[{"embeddable":true,"href":"https:\/\/diarioavanzada.com.mx\/index.php?rest_route=\/wp\/v2\/media\/135530"}],"wp:attachment":[{"href":"https:\/\/diarioavanzada.com.mx\/index.php?rest_route=%2Fwp%2Fv2%2Fmedia&parent=135531"}],"wp:term":[{"taxonomy":"category","embeddable":true,"href":"https:\/\/diarioavanzada.com.mx\/index.php?rest_route=%2Fwp%2Fv2%2Fcategories&post=135531"},{"taxonomy":"post_tag","embeddable":true,"href":"https:\/\/diarioavanzada.com.mx\/index.php?rest_route=%2Fwp%2Fv2%2Ftags&post=135531"}],"curies":[{"name":"wp","href":"https:\/\/api.w.org\/{rel}","templated":true}]}}