{"id":135527,"date":"2026-09-04T12:20:47","date_gmt":"2026-09-04T18:20:47","guid":{"rendered":"https:\/\/diarioavanzada.com.mx\/?p=135527"},"modified":"2026-09-04T12:22:00","modified_gmt":"2026-09-04T18:22:00","slug":"denuncian-falta-de-medicamento-para-nino-con-leucemia-en-el-instituto-de-cancerologia","status":"publish","type":"post","link":"https:\/\/diarioavanzada.com.mx\/?p=135527","title":{"rendered":"Denuncian falta de medicamento para ni\u00f1o con leucemia en el Instituto de Cancerolog\u00eda"},"content":{"rendered":"\n<p class=\"wp-block-paragraph\">Manzanillo, Colima, M\u00e9xico (04\/09\/2026).- Regidoras del Ayuntamiento de Manzanillo denunciaron la falta de pegasparginas\u0430, medicamento utilizado en determinados esquemas de tratamiento contra la leucemia linfobl\u00e1stica aguda pedi\u00e1trica, para un menor que recibe atenci\u00f3n en el Instituto Estatal de Cancerolog\u00eda de Colima, cuya siguiente dosis est\u00e1 programada para este viernes 4 de septiembre.<\/p>\n\n\n\n<p class=\"wp-block-paragraph\">A trav\u00e9s de un pronunciamiento, las regidoras Ver\u00f3nica Mart\u00ednez Mart\u00ednez y Hermelinda Anguiano Cadenas hicieron un llamado urgente a la Secretar\u00eda de Salud estatal, al Instituto Estatal de Cancerolog\u00eda y a las autoridades competentes para garantizar el suministro del medicamento requerido por el m\u00e9dico tratante.<\/p>\n\n\n\n<p class=\"wp-block-paragraph\">Las funcionarias se\u00f1alaron que la familia del menor fue informada de que actualmente no existe disponibilidad del f\u00e1rmaco en el Instituto, situaci\u00f3n que, advirtieron, pone en riesgo la continuidad del tratamiento del paciente y exige una respuesta inmediata de las autoridades sanitarias.<\/p>\n\n\n\n<p class=\"wp-block-paragraph\">Pidieron que, en caso de que el medicamento no se encuentre disponible en el Instituto Estatal de Cancerolog\u00eda, se realicen de inmediato las gestiones necesarias para localizarlo en otras instituciones de salud y garantizar que el menor reciba la dosis correspondiente.<\/p>\n\n\n\n<p class=\"wp-block-paragraph\">Asimismo, demandaron que la familia sea informada de manera clara sobre las acciones emprendidas para conseguir el medicamento y las alternativas disponibles, adem\u00e1s de que se evite que problemas administrativos o de abasto se conviertan en un obst\u00e1culo para la atenci\u00f3n m\u00e9dica del menor.<\/p>\n\n\n\n<p class=\"wp-block-paragraph\">Las regidoras cuestionaron adem\u00e1s que esta situaci\u00f3n ocurra pocos d\u00edas despu\u00e9s de que la presidenta de M\u00e9xico, Claudia Sheinbaum Pardo, afirmara durante su Segundo Informe de Gobierno que no exist\u00eda desabasto de medicamentos oncol\u00f3gicos en los hospitales y cl\u00ednicas p\u00fablicas del pa\u00eds.<\/p>\n\n\n\n<p class=\"wp-block-paragraph\">En ese sentido, consideraron que la presunta falta de pegasparginasa en el Instituto Estatal de Cancerolog\u00eda de Colima contradice el mensaje difundido por la mandataria federal y evidencia una posible discrepancia entre la situaci\u00f3n reportada a nivel nacional y las condiciones que enfrentan algunos pacientes en las instituciones de salud.<\/p>\n\n\n\n<p class=\"wp-block-paragraph\"><em>\u201cLos medicamentos para nuestros ni\u00f1os no pueden faltar. La salud de nuestros ni\u00f1os no puede esperar\u201d, <\/em>se\u00f1alaron las regidoras, quienes exigieron respuestas y acciones inmediatas para resolver el caso.<\/p>\n\n\n\n<p class=\"wp-block-paragraph\">Finalmente, hicieron extensivo su llamado a las autoridades para atender a las familias que enfrentan el c\u00e1ncer infantil y garantizar que ning\u00fan menor vea interrumpido su tratamiento por falta de medicamentos.<\/p>\n<div class=\"fb-background-color\">\n\t\t\t  <div \n\t\t\t  \tclass = \"fb-comments\" \n\t\t\t  \tdata-href = \"https:\/\/diarioavanzada.com.mx\/?p=135527\"\n\t\t\t  \tdata-numposts = \"10\"\n\t\t\t  \tdata-lazy = \"true\"\n\t\t\t\tdata-colorscheme = \"light\"\n\t\t\t\tdata-order-by = \"social\"\n\t\t\t\tdata-mobile=true>\n\t\t\t  <\/div><\/div>\n\t\t  <style>\n\t\t    .fb-background-color {\n\t\t\t\tbackground:  !important;\n\t\t\t}\n\t\t\t.fb_iframe_widget_fluid_desktop iframe {\n\t\t\t    width: 100% !important;\n\t\t\t}\n\t\t  <\/style>\n\t\t  ","protected":false},"excerpt":{"rendered":"<p>Manzanillo, Colima, M\u00e9xico (04\/09\/2026).- Regidoras del Ayuntamiento de Manzanillo denunciaron la falta de pegasparginas\u0430, medicamento utilizado en determinados esquemas de tratamiento contra la leucemia linfobl\u00e1stica aguda pedi\u00e1trica, para un menor que recibe atenci\u00f3n en el Instituto Estatal de Cancerolog\u00eda de Colima, cuya siguiente dosis est\u00e1 programada para este viernes 4 de septiembre. A trav\u00e9s de [&hellip;]<\/p>\n","protected":false},"author":7,"featured_media":135528,"comment_status":"closed","ping_status":"closed","sticky":false,"template":"","format":"standard","meta":{"_coblocks_attr":"","_coblocks_dimensions":"","_coblocks_responsive_height":"","_coblocks_accordion_ie_support":"","advanced_seo_description":"","jetpack_seo_html_title":"","jetpack_seo_noindex":false,"jetpack_seo_schema_type":"","_jetpack_newsletter_access":"","_jetpack_dont_email_post_to_subs":false,"_jetpack_newsletter_tier_id":0,"_jetpack_memberships_contains_paywalled_content":false,"_wpcom_ai_launchpad_first_post":false,"_jetpack_feature_clip_id":0,"_jetpack_memberships_contains_paid_content":false,"footnotes":"","jetpack_post_was_ever_published":false},"categories":[19,1,209,7,27,29],"tags":[210],"class_list":["post-135527","post","type-post","status-publish","format-standard","has-post-thumbnail","hentry","category-colima","category-general","category-importantes","category-noticias","category-salud","category-sociedad","tag-portada"],"jetpack-related-posts":[],"jetpack_sharing_enabled":true,"amp_enabled":true,"jetpack_featured_media_url":"https:\/\/diarioavanzada.com.mx\/wp-content\/uploads\/2026\/09\/img_4338.png","_links":{"self":[{"href":"https:\/\/diarioavanzada.com.mx\/index.php?rest_route=\/wp\/v2\/posts\/135527","targetHints":{"allow":["GET"]}}],"collection":[{"href":"https:\/\/diarioavanzada.com.mx\/index.php?rest_route=\/wp\/v2\/posts"}],"about":[{"href":"https:\/\/diarioavanzada.com.mx\/index.php?rest_route=\/wp\/v2\/types\/post"}],"author":[{"embeddable":true,"href":"https:\/\/diarioavanzada.com.mx\/index.php?rest_route=\/wp\/v2\/users\/7"}],"replies":[{"embeddable":true,"href":"https:\/\/diarioavanzada.com.mx\/index.php?rest_route=%2Fwp%2Fv2%2Fcomments&post=135527"}],"version-history":[{"count":1,"href":"https:\/\/diarioavanzada.com.mx\/index.php?rest_route=\/wp\/v2\/posts\/135527\/revisions"}],"predecessor-version":[{"id":135529,"href":"https:\/\/diarioavanzada.com.mx\/index.php?rest_route=\/wp\/v2\/posts\/135527\/revisions\/135529"}],"wp:featuredmedia":[{"embeddable":true,"href":"https:\/\/diarioavanzada.com.mx\/index.php?rest_route=\/wp\/v2\/media\/135528"}],"wp:attachment":[{"href":"https:\/\/diarioavanzada.com.mx\/index.php?rest_route=%2Fwp%2Fv2%2Fmedia&parent=135527"}],"wp:term":[{"taxonomy":"category","embeddable":true,"href":"https:\/\/diarioavanzada.com.mx\/index.php?rest_route=%2Fwp%2Fv2%2Fcategories&post=135527"},{"taxonomy":"post_tag","embeddable":true,"href":"https:\/\/diarioavanzada.com.mx\/index.php?rest_route=%2Fwp%2Fv2%2Ftags&post=135527"}],"curies":[{"name":"wp","href":"https:\/\/api.w.org\/{rel}","templated":true}]}}