{"id":13550,"date":"2020-06-25T09:58:10","date_gmt":"2020-06-25T14:58:10","guid":{"rendered":"https:\/\/diarioavanzada.com.mx\/?p=13550"},"modified":"2020-06-25T09:58:11","modified_gmt":"2020-06-25T14:58:11","slug":"por-desviar-700-mdp-congreso-denuncia-al-gobierno-estatal-dif-colima-y-vdea","status":"publish","type":"post","link":"https:\/\/diarioavanzada.com.mx\/?p=13550","title":{"rendered":"Por desviar 700 MDP, Congreso denuncia al Gobierno Estatal, DIF, Colima y VdeA"},"content":{"rendered":"\n<p class=\"wp-block-paragraph\">Colima, M\u00e9xico, Avanzada (25\/06\/2020).- El Congreso del Estado present\u00f3 una serie de denuncias ante la Fiscal\u00eda General del Estado en contra de los funcionarios estatales y municipales que resulten responsables del presunto desv\u00edo de m\u00e1s de 700 millones de pesos&nbsp; que debieron entregarse al Instituto de Pensiones de los Servidores P\u00fablicos del Estado por concepto de cuotas de los trabajadores.<\/p>\n\n\n\n<p class=\"wp-block-paragraph\">El mi\u00e9rcoles por la tarde, un grupo de legisladoras de Morena acudieron a la Fiscal\u00eda General junto con el director jur\u00eddico del Congreso local, Alberto V\u00e1zquez a presentar las querellas correspondientes, por el riesgo en el que se encuentra el sistema de pensiones ante la falta de solvencia econ\u00f3mica.<\/p>\n\n\n\n<p class=\"wp-block-paragraph\">Las denuncias interpuestas tambi\u00e9n son en contra de la propia Fiscal\u00eda, quien junto con el gobierno del estado, el DIF estatal y los municipios de Colima y Villa de \u00c1lvarez, tienen adeudos con el Instituto de Pensiones de los Servidores P\u00fablicos &nbsp;desde hace varios meses y no hay fecha para que los liquiden.<\/p>\n\n\n\n<p class=\"wp-block-paragraph\">Las legisladoras de Morena, Blanca Livier Rodr\u00edguez Osorio, Claudia Aguirre y &nbsp;del PT, Ana Karen Hern\u00e1ndez &nbsp;fueron las promoventes de las querellas, en las que tambi\u00e9n est\u00e1n implicados el actual director del Instituto de Pensiones y el ex director, Ham\u00edn Lagaspi Soto y Edgar Ch\u00e1vez S\u00e1nchez, a quienes se les responsabiliza de no haber acatado las disposiciones legales para recuperar las cuotas de los bur\u00f3cratas estatales y municipales.<\/p>\n\n\n\n<p class=\"wp-block-paragraph\">La diputada Claudia Aguirre Luna afirm\u00f3 que las denuncias interpuestas la tarde de ayer forman parte de un primer paquete, pero existen m\u00e1s deudores al IPECOL, &nbsp;\u201cposteriormente se vendr\u00e1 a hacer entrega tambi\u00e9n de otro paquete en el mismo sentido. Aqu\u00ed de lo que se trata, es de que se esclarezca la situaci\u00f3n\u201d.<\/p>\n\n\n\n<p class=\"wp-block-paragraph\">En el caso del gobierno del Estado, los funcionarios responsables de la retenci\u00f3n de cuotas de los trabajadores y el pago de las mismas, son los secretarios de Administraci\u00f3n, Kristian Meiners y el de Planeaci\u00f3n y Finanzas, Carlos Noriega Garc\u00eda.<\/p>\n\n\n\n<p class=\"wp-block-paragraph\">El 21 de diciembre de 2018, los diputados locales adicionaron el art\u00edculo 233 BIS&nbsp; del C\u00f3digo Penal del Estado&nbsp; para establecer&nbsp; que el servidor p\u00fablico tiene un periodo m\u00e1ximo de dos meses para entregar las cuotas de los empleados a partir de la fecha en la que hizo el descuento.<\/p>\n\n\n\n<p class=\"wp-block-paragraph\">De no hacerlo, entonces se estar\u00eda incurriendo en un delito. El art\u00edculo 233 BIS menciona que la pena m\u00ednima ser\u00eda: \u201cde cuatro&nbsp; a ocho a\u00f1os de prisi\u00f3n cuando el valor del detrimento patrimonial sea de una hasta un importe equivalente de dos mil unidades de medida y actualizaci\u00f3n\u201d.<\/p>\n<div class=\"fb-background-color\">\n\t\t\t  <div \n\t\t\t  \tclass = \"fb-comments\" \n\t\t\t  \tdata-href = \"https:\/\/diarioavanzada.com.mx\/?p=13550\"\n\t\t\t  \tdata-numposts = \"10\"\n\t\t\t  \tdata-lazy = \"true\"\n\t\t\t\tdata-colorscheme = \"light\"\n\t\t\t\tdata-order-by = \"social\"\n\t\t\t\tdata-mobile=true>\n\t\t\t  <\/div><\/div>\n\t\t  <style>\n\t\t    .fb-background-color {\n\t\t\t\tbackground:  !important;\n\t\t\t}\n\t\t\t.fb_iframe_widget_fluid_desktop iframe {\n\t\t\t    width: 100% !important;\n\t\t\t}\n\t\t  <\/style>\n\t\t  ","protected":false},"excerpt":{"rendered":"<p>Colima, M\u00e9xico, Avanzada (25\/06\/2020).- El Congreso del Estado present\u00f3 una serie de denuncias ante la Fiscal\u00eda General del Estado en contra de los funcionarios estatales y municipales que resulten responsables del presunto desv\u00edo de m\u00e1s de 700 millones de pesos&nbsp; que debieron entregarse al Instituto de Pensiones de los Servidores P\u00fablicos del Estado por concepto [&hellip;]<\/p>\n","protected":false},"author":5,"featured_media":13551,"comment_status":"closed","ping_status":"closed","sticky":false,"template":"","format":"standard","meta":{"_coblocks_attr":"","_coblocks_dimensions":"","_coblocks_responsive_height":"","_coblocks_accordion_ie_support":"","_crdt_document":"","advanced_seo_description":"","jetpack_seo_html_title":"","jetpack_seo_noindex":false,"_jetpack_memberships_contains_paid_content":false,"footnotes":""},"categories":[19],"tags":[210],"class_list":["post-13550","post","type-post","status-publish","format-standard","has-post-thumbnail","hentry","category-colima","tag-portada"],"jetpack_featured_media_url":"https:\/\/diarioavanzada.com.mx\/wp-content\/uploads\/2020\/06\/105575737_216307389393990_6679936613667342294_n.jpg","jetpack-related-posts":[],"jetpack_sharing_enabled":true,"amp_enabled":true,"_links":{"self":[{"href":"https:\/\/diarioavanzada.com.mx\/index.php?rest_route=\/wp\/v2\/posts\/13550","targetHints":{"allow":["GET"]}}],"collection":[{"href":"https:\/\/diarioavanzada.com.mx\/index.php?rest_route=\/wp\/v2\/posts"}],"about":[{"href":"https:\/\/diarioavanzada.com.mx\/index.php?rest_route=\/wp\/v2\/types\/post"}],"author":[{"embeddable":true,"href":"https:\/\/diarioavanzada.com.mx\/index.php?rest_route=\/wp\/v2\/users\/5"}],"replies":[{"embeddable":true,"href":"https:\/\/diarioavanzada.com.mx\/index.php?rest_route=%2Fwp%2Fv2%2Fcomments&post=13550"}],"version-history":[{"count":0,"href":"https:\/\/diarioavanzada.com.mx\/index.php?rest_route=\/wp\/v2\/posts\/13550\/revisions"}],"wp:featuredmedia":[{"embeddable":true,"href":"https:\/\/diarioavanzada.com.mx\/index.php?rest_route=\/wp\/v2\/media\/13551"}],"wp:attachment":[{"href":"https:\/\/diarioavanzada.com.mx\/index.php?rest_route=%2Fwp%2Fv2%2Fmedia&parent=13550"}],"wp:term":[{"taxonomy":"category","embeddable":true,"href":"https:\/\/diarioavanzada.com.mx\/index.php?rest_route=%2Fwp%2Fv2%2Fcategories&post=13550"},{"taxonomy":"post_tag","embeddable":true,"href":"https:\/\/diarioavanzada.com.mx\/index.php?rest_route=%2Fwp%2Fv2%2Ftags&post=13550"}],"curies":[{"name":"wp","href":"https:\/\/api.w.org\/{rel}","templated":true}]}}