{"id":135497,"date":"2026-09-04T08:04:34","date_gmt":"2026-09-04T14:04:34","guid":{"rendered":"https:\/\/diarioavanzada.com.mx\/?p=135497"},"modified":"2026-09-04T08:05:36","modified_gmt":"2026-09-04T14:05:36","slug":"julio-fue-un-gran-mes-y-agosto-cerro-con-39-homicidios-secretario-presume-disminucion","status":"publish","type":"post","link":"https:\/\/diarioavanzada.com.mx\/?p=135497","title":{"rendered":"Julio fue \u201cun gran mes\u201d y agosto cerr\u00f3 con 39 homicidios; secretario presume disminuci\u00f3n"},"content":{"rendered":"\n<p class=\"p3 wp-block-paragraph\">Colima, M\u00e9xico, Avanzada (04\/09\/2026).- El secretario de Seguridad P\u00fablica y Protecci\u00f3n Ciudadana, Fabi\u00e1n G\u00f3mez Calc\u00e1neo, asegur\u00f3 que Colima mantiene una tendencia a la baja en materia de homicidios dolosos, al se\u00f1alar que durante agosto se registraron 39 eventos y que, en comparaci\u00f3n con el a\u00f1o pasado, existe una disminuci\u00f3n cercana al 5 por ciento.<\/p>\n\n\n\n<p class=\"p3 wp-block-paragraph\">En entrevista con medios de comunicaci\u00f3n, el funcionario calific\u00f3 julio como <em>\u201cun gran mes\u201d<\/em> en materia de seguridad y manifest\u00f3 su expectativa de que durante septiembre contin\u00fae la reducci\u00f3n de los homicidios.<\/p>\n\n\n\n<p class=\"p3 wp-block-paragraph\"><em>\u201cTuvimos un descenso de la media, mantenemos esta tendencia. Estamos respecto al a\u00f1o pasado, logramos ya un descenso de cerca del 5 por ciento de homicidios. Tuvimos 39 eventos en el mes de agosto y la intenci\u00f3n es que septiembre siga disminuyendo\u201d, <\/em>afirm\u00f3.<\/p>\n\n\n\n<p class=\"p3 wp-block-paragraph\">G\u00f3mez Calc\u00e1neo se\u00f1al\u00f3 que para mantener esta tendencia ser\u00e1 necesaria la cooperaci\u00f3n de las polic\u00edas municipales, particularmente para continuar con las acciones encaminadas a desactivar a los generadores de violencia que operan en la entidad.<\/p>\n\n\n\n<p class=\"p3 wp-block-paragraph\">No obstante, reconoci\u00f3 que Colima contin\u00faa apareciendo entre los estados con las tasas m\u00e1s elevadas de homicidios dolosos por cada 100 mil habitantes.<\/p>\n\n\n\n<p class=\"p3 wp-block-paragraph\">Al respecto, el secretario cuestion\u00f3 que este indicador sea utilizado para comparar a Colima con entidades que tienen una poblaci\u00f3n considerablemente mayor, pues sostuvo que el reducido n\u00famero de habitantes del estado provoca que cualquier variaci\u00f3n en los homicidios tenga un impacto considerable en la tasa.<\/p>\n\n\n\n<p class=\"p3 wp-block-paragraph\"><em>\u201cColima con el n\u00famero de habitantes es el equivalente a un municipio en otro estado\u201d, <\/em>argument\u00f3, al se\u00f1alar que entidades con millones de habitantes parten de una base poblacional muy distinta a la de Colima.<\/p>\n\n\n\n<p class=\"p3 wp-block-paragraph\">Aun as\u00ed, afirm\u00f3 que el reto de su administraci\u00f3n es sacar a Colima de los primeros lugares de los indicadores de violencia.<\/p>\n\n\n\n<p class=\"p3 wp-block-paragraph\"><em>\u201cEl reto obviamente va a ser sacar a Colima de ah\u00ed y sacarlo porque claro que se puede\u201d, <\/em>sostuvo.<\/p>\n\n\n\n<p class=\"p3 wp-block-paragraph\">El secretario tambi\u00e9n hizo un llamado a la ciudadan\u00eda a denunciar cualquier actividad delictiva y asegur\u00f3 que la informaci\u00f3n proporcionada por los ciudadanos constituye uno de los principales apoyos para las labores de inteligencia y seguridad.<\/p>\n\n\n\n<p class=\"p4 wp-block-paragraph\">Para denuncias an\u00f3nimas record\u00f3 que est\u00e1n disponibles el 089 y el 911, adem\u00e1s de un n\u00famero de contacto directo de la Secretar\u00eda de Seguridad P\u00fablica: 312-154-2449, mediante el cual, dijo, pueden recibirse llamadas, mensajes SMS o WhatsApp.<\/p>\n\n\n\n<p class=\"p4 wp-block-paragraph\"><\/p>\n<div class=\"fb-background-color\">\n\t\t\t  <div \n\t\t\t  \tclass = \"fb-comments\" \n\t\t\t  \tdata-href = \"https:\/\/diarioavanzada.com.mx\/?p=135497\"\n\t\t\t  \tdata-numposts = \"10\"\n\t\t\t  \tdata-lazy = \"true\"\n\t\t\t\tdata-colorscheme = \"light\"\n\t\t\t\tdata-order-by = \"social\"\n\t\t\t\tdata-mobile=true>\n\t\t\t  <\/div><\/div>\n\t\t  <style>\n\t\t    .fb-background-color {\n\t\t\t\tbackground:  !important;\n\t\t\t}\n\t\t\t.fb_iframe_widget_fluid_desktop iframe {\n\t\t\t    width: 100% !important;\n\t\t\t}\n\t\t  <\/style>\n\t\t  ","protected":false},"excerpt":{"rendered":"<p>Colima, M\u00e9xico, Avanzada (04\/09\/2026).- El secretario de Seguridad P\u00fablica y Protecci\u00f3n Ciudadana, Fabi\u00e1n G\u00f3mez Calc\u00e1neo, asegur\u00f3 que Colima mantiene una tendencia a la baja en materia de homicidios dolosos, al se\u00f1alar que durante agosto se registraron 39 eventos y que, en comparaci\u00f3n con el a\u00f1o pasado, existe una disminuci\u00f3n cercana al 5 por ciento. En [&hellip;]<\/p>\n","protected":false},"author":7,"featured_media":135499,"comment_status":"closed","ping_status":"closed","sticky":false,"template":"","format":"standard","meta":{"_coblocks_attr":"","_coblocks_dimensions":"","_coblocks_responsive_height":"","_coblocks_accordion_ie_support":"","advanced_seo_description":"","jetpack_seo_html_title":"","jetpack_seo_noindex":false,"jetpack_seo_schema_type":"","_jetpack_newsletter_access":"","_jetpack_dont_email_post_to_subs":false,"_jetpack_newsletter_tier_id":0,"_jetpack_memberships_contains_paywalled_content":false,"_wpcom_ai_launchpad_first_post":false,"_jetpack_feature_clip_id":0,"_jetpack_memberships_contains_paid_content":false,"footnotes":"","jetpack_post_was_ever_published":false},"categories":[19,1,209,7,231,29],"tags":[210],"class_list":["post-135497","post","type-post","status-publish","format-standard","has-post-thumbnail","hentry","category-colima","category-general","category-importantes","category-noticias","category-seguridad","category-sociedad","tag-portada"],"jetpack-related-posts":[],"jetpack_sharing_enabled":true,"amp_enabled":true,"jetpack_featured_media_url":"https:\/\/diarioavanzada.com.mx\/wp-content\/uploads\/2026\/09\/735925653_1581834793299313_8937436915684467938_n.jpg","_links":{"self":[{"href":"https:\/\/diarioavanzada.com.mx\/index.php?rest_route=\/wp\/v2\/posts\/135497","targetHints":{"allow":["GET"]}}],"collection":[{"href":"https:\/\/diarioavanzada.com.mx\/index.php?rest_route=\/wp\/v2\/posts"}],"about":[{"href":"https:\/\/diarioavanzada.com.mx\/index.php?rest_route=\/wp\/v2\/types\/post"}],"author":[{"embeddable":true,"href":"https:\/\/diarioavanzada.com.mx\/index.php?rest_route=\/wp\/v2\/users\/7"}],"replies":[{"embeddable":true,"href":"https:\/\/diarioavanzada.com.mx\/index.php?rest_route=%2Fwp%2Fv2%2Fcomments&post=135497"}],"version-history":[{"count":2,"href":"https:\/\/diarioavanzada.com.mx\/index.php?rest_route=\/wp\/v2\/posts\/135497\/revisions"}],"predecessor-version":[{"id":135503,"href":"https:\/\/diarioavanzada.com.mx\/index.php?rest_route=\/wp\/v2\/posts\/135497\/revisions\/135503"}],"wp:featuredmedia":[{"embeddable":true,"href":"https:\/\/diarioavanzada.com.mx\/index.php?rest_route=\/wp\/v2\/media\/135499"}],"wp:attachment":[{"href":"https:\/\/diarioavanzada.com.mx\/index.php?rest_route=%2Fwp%2Fv2%2Fmedia&parent=135497"}],"wp:term":[{"taxonomy":"category","embeddable":true,"href":"https:\/\/diarioavanzada.com.mx\/index.php?rest_route=%2Fwp%2Fv2%2Fcategories&post=135497"},{"taxonomy":"post_tag","embeddable":true,"href":"https:\/\/diarioavanzada.com.mx\/index.php?rest_route=%2Fwp%2Fv2%2Ftags&post=135497"}],"curies":[{"name":"wp","href":"https:\/\/api.w.org\/{rel}","templated":true}]}}