{"id":13548,"date":"2020-06-24T14:56:18","date_gmt":"2020-06-24T19:56:18","guid":{"rendered":"https:\/\/diarioavanzada.com.mx\/?p=13548"},"modified":"2020-06-24T14:56:20","modified_gmt":"2020-06-24T19:56:20","slug":"adultos-mayores-los-que-mas-mueren-por-covid-19-en-colima-advierte-salud","status":"publish","type":"post","link":"https:\/\/diarioavanzada.com.mx\/?p=13548","title":{"rendered":"Adultos mayores, los que m\u00e1s mueren por Covid-19 en Colima, advierte Salud"},"content":{"rendered":"\n<p class=\"wp-block-paragraph\">Colima, M\u00e9xico, Avanzada (24\/06\/2020).- En el estado de Colima, la mayor\u00eda de los decesos por Covid-19 se registran en personas&nbsp; que tienen entre 65 y m\u00e1s a\u00f1os de vida, es decir, las que registran una menor movilidad y permanecen m\u00e1s tiempo en casa.<\/p>\n\n\n\n<p class=\"wp-block-paragraph\">Lo anterior fue informado por la secretaria de Salud, Leticia Delgado Carillo, quien se\u00f1al\u00f3 que las cifras anteriores muestran que la movilidad que registran integrantes de la familia por diversas circunstancias, \u00e9sta llevando el virus del Covid-19 a los hogares,&nbsp; y con ello, est\u00e1 ocasionando afectaciones en los adultos mayores.<\/p>\n\n\n\n<p class=\"wp-block-paragraph\">\u201cSi propiciamos que haya m\u00e1s&nbsp;desplazamiento de la poblaci\u00f3n, sin duda alguna tendremos un exponencial aumento de casos y de ser as\u00ed, estaremos en menores condiciones para que las instituciones&nbsp; del sector salud tengan los espacios suficientes para brindar la atenci\u00f3n\u201d.<\/p>\n\n\n\n<p class=\"wp-block-paragraph\">Delgado Carillo explic\u00f3 que de las 436 personas contagiadas por Covid-19 hasta el d\u00eda de ayer, el 42 por ciento requirieron hospitalizaci\u00f3n&nbsp; y de ellos, &nbsp;el 90 por ciento se report\u00f3 como grave, y 14, requirieron intubaci\u00f3n, \u201cen estos \u00faltimos casos es donde puede presentarse un desenlace fatal\u201d.<\/p>\n\n\n\n<p class=\"wp-block-paragraph\">La funcionaria estatal solicit\u00f3 a la poblaci\u00f3n incrementar las medidas de higiene y reducir la movilidad solo para las actividades esenciales, con la finalidad de evitar los contagios, pero sobre todo, poner en riesgo a los adultos mayores que permanecen en casa.<\/p>\n\n\n\n<p class=\"wp-block-paragraph\">\u201cLos adultos mayores que fueron contagiados en casa, tal vez no supieron qui\u00e9n fue (el que los contagio) pero sus familiares ya saben las consecuencias, por eso es importante que cada quien se cuide y que haya menos contagios, y m\u00e1s personas sanas para salvar vidas\u201d, dijo.<\/p>\n\n\n\n<p class=\"wp-block-paragraph\">Reconoci\u00f3 que&nbsp; el n\u00famero de contagios est\u00e1 creciendo de manera acelerada, principalmente en las zonas costeras.<\/p>\n\n\n\n<p class=\"wp-block-paragraph\">Dijo que se han estudiado&nbsp; mil 290 personas que presentaron &nbsp;s\u00edntomas, de ellas el 96 por ciento son residentes locales y 4 por ciento de otras entidades del pa\u00eds.<\/p>\n\n\n\n<p class=\"wp-block-paragraph\">Hay&nbsp; 80 casos que esperan su conformaci\u00f3n &nbsp;a Covid-19 y 2 decesos pendientes de resultados.<\/p>\n<div class=\"fb-background-color\">\n\t\t\t  <div \n\t\t\t  \tclass = \"fb-comments\" \n\t\t\t  \tdata-href = \"https:\/\/diarioavanzada.com.mx\/?p=13548\"\n\t\t\t  \tdata-numposts = \"10\"\n\t\t\t  \tdata-lazy = \"true\"\n\t\t\t\tdata-colorscheme = \"light\"\n\t\t\t\tdata-order-by = \"social\"\n\t\t\t\tdata-mobile=true>\n\t\t\t  <\/div><\/div>\n\t\t  <style>\n\t\t    .fb-background-color {\n\t\t\t\tbackground:  !important;\n\t\t\t}\n\t\t\t.fb_iframe_widget_fluid_desktop iframe {\n\t\t\t    width: 100% !important;\n\t\t\t}\n\t\t  <\/style>\n\t\t  ","protected":false},"excerpt":{"rendered":"<p>Colima, M\u00e9xico, Avanzada (24\/06\/2020).- En el estado de Colima, la mayor\u00eda de los decesos por Covid-19 se registran en personas&nbsp; que tienen entre 65 y m\u00e1s a\u00f1os de vida, es decir, las que registran una menor movilidad y permanecen m\u00e1s tiempo en casa. Lo anterior fue informado por la secretaria de Salud, Leticia Delgado Carillo, [&hellip;]<\/p>\n","protected":false},"author":5,"featured_media":13538,"comment_status":"closed","ping_status":"closed","sticky":false,"template":"","format":"standard","meta":{"_coblocks_attr":"","_coblocks_dimensions":"","_coblocks_responsive_height":"","_coblocks_accordion_ie_support":"","advanced_seo_description":"","jetpack_seo_html_title":"","jetpack_seo_noindex":false,"jetpack_seo_schema_type":"","_jetpack_newsletter_access":"","_jetpack_dont_email_post_to_subs":false,"_jetpack_newsletter_tier_id":0,"_jetpack_memberships_contains_paywalled_content":false,"_wpcom_ai_launchpad_first_post":false,"_jetpack_feature_clip_id":0,"_jetpack_memberships_contains_paid_content":false,"footnotes":"","jetpack_post_was_ever_published":false},"categories":[19,27],"tags":[300,210,218],"class_list":["post-13548","post","type-post","status-publish","format-standard","has-post-thumbnail","hentry","category-colima","category-salud","tag-covid-19","tag-portada","tag-salud"],"jetpack-related-posts":[],"jetpack_sharing_enabled":true,"amp_enabled":true,"jetpack_featured_media_url":"https:\/\/diarioavanzada.com.mx\/wp-content\/uploads\/2020\/06\/103311557_3017575425000290_8132035059729111498_o.jpg","_links":{"self":[{"href":"https:\/\/diarioavanzada.com.mx\/index.php?rest_route=\/wp\/v2\/posts\/13548","targetHints":{"allow":["GET"]}}],"collection":[{"href":"https:\/\/diarioavanzada.com.mx\/index.php?rest_route=\/wp\/v2\/posts"}],"about":[{"href":"https:\/\/diarioavanzada.com.mx\/index.php?rest_route=\/wp\/v2\/types\/post"}],"author":[{"embeddable":true,"href":"https:\/\/diarioavanzada.com.mx\/index.php?rest_route=\/wp\/v2\/users\/5"}],"replies":[{"embeddable":true,"href":"https:\/\/diarioavanzada.com.mx\/index.php?rest_route=%2Fwp%2Fv2%2Fcomments&post=13548"}],"version-history":[{"count":0,"href":"https:\/\/diarioavanzada.com.mx\/index.php?rest_route=\/wp\/v2\/posts\/13548\/revisions"}],"wp:featuredmedia":[{"embeddable":true,"href":"https:\/\/diarioavanzada.com.mx\/index.php?rest_route=\/wp\/v2\/media\/13538"}],"wp:attachment":[{"href":"https:\/\/diarioavanzada.com.mx\/index.php?rest_route=%2Fwp%2Fv2%2Fmedia&parent=13548"}],"wp:term":[{"taxonomy":"category","embeddable":true,"href":"https:\/\/diarioavanzada.com.mx\/index.php?rest_route=%2Fwp%2Fv2%2Fcategories&post=13548"},{"taxonomy":"post_tag","embeddable":true,"href":"https:\/\/diarioavanzada.com.mx\/index.php?rest_route=%2Fwp%2Fv2%2Ftags&post=13548"}],"curies":[{"name":"wp","href":"https:\/\/api.w.org\/{rel}","templated":true}]}}