{"id":135459,"date":"2026-09-03T19:27:27","date_gmt":"2026-09-04T01:27:27","guid":{"rendered":"https:\/\/diarioavanzada.com.mx\/?p=135459"},"modified":"2026-09-03T19:27:30","modified_gmt":"2026-09-04T01:27:30","slug":"gloria-vergara-no-se-puede-hablar-de-literatura-mexicana-sin-reconocer-el-trabajo-de-las-mujeres","status":"publish","type":"post","link":"https:\/\/diarioavanzada.com.mx\/?p=135459","title":{"rendered":"Gloria Vergara: \u201cno se puede hablar de literatura mexicana sin reconocer el trabajo de las mujeres\u201d"},"content":{"rendered":"\n<p class=\"wp-block-paragraph\"><em>La investigadora de la Universidad de Colima obtuvo el<\/em> <strong><em>Premio Aralia L\u00f3pez Gonz\u00e1lez 2026<\/em><\/strong><em>, que otorga El Colegio de M\u00e9xico, por una trayectoria de m\u00e1s de dos d\u00e9cadas dedicada al estudio de la literatura escrita por mujeres<\/em><\/p>\n\n\n\n<p class=\"wp-block-paragraph\">Colima, M\u00e9xico, Comunicado (03\/09\/2026).- Por su trayectoria acad\u00e9mica, la originalidad de sus investigaciones y sus aportaciones al estudio de la obra de escritoras mexicanas, Gloria Ignacia Vergara Mendoza, profesora investigadora de la Universidad de Colima, fue reconocida con el <strong>Premio Aralia L\u00f3pez Gonz\u00e1lez 2026<\/strong>, que otorga El Colegio de M\u00e9xico, a trav\u00e9s de su Centro de Estudios de G\u00e9nero.<\/p>\n\n\n\n<p class=\"wp-block-paragraph\">Para la acad\u00e9mica universitaria, la distinci\u00f3n representa no s\u00f3lo un reconocimiento a m\u00e1s de dos d\u00e9cadas de trabajo, sino tambi\u00e9n a la presencia y aportaciones de las mujeres en la construcci\u00f3n de la literatura mexicana.<\/p>\n\n\n\n<p class=\"wp-block-paragraph\">\u201cEs un premio muy importante porque, adem\u00e1s de reconocer el trabajo personal que he realizado durante m\u00e1s de 20 a\u00f1os en esta l\u00ednea de investigaci\u00f3n, representa tambi\u00e9n un reconocimiento al impacto que tienen las mujeres en el desarrollo y fortalecimiento de la literatura mexicana\u201d, se\u00f1al\u00f3 Gloria Vergara en entrevista.<\/p>\n\n\n\n<p class=\"wp-block-paragraph\">El Premio Aralia L\u00f3pez Gonz\u00e1lez fue creado en 2023 para reconocer a investigadoras mexicanas o residentes en el pa\u00eds que se hayan distinguido por sus estudios sobre la obra de escritoras mexicanas y por sus aportaciones al conocimiento, desarrollo y difusi\u00f3n de este campo, adem\u00e1s de tener una trayectoria acad\u00e9mica destacada nacional e internacionalmente.<\/p>\n\n\n\n<p class=\"wp-block-paragraph\">En el caso de Vergara Mendoza, el reconocimiento est\u00e1 estrechamente relacionado con una l\u00ednea de investigaci\u00f3n desarrollada durante d\u00e9cadas alrededor de la literatura mexicana y, particularmente, de la escritura de mujeres. Su trabajo comprende tambi\u00e9n la hermen\u00e9utica, la teor\u00eda literaria, la poes\u00eda y los estudios sobre memoria e identidad.<\/p>\n\n\n\n<p class=\"wp-block-paragraph\">A lo largo de su trayectoria ha estudiado la producci\u00f3n de distintas escritoras y poetas mexicanas, con investigaciones dirigidas al an\u00e1lisis de sus universos literarios, los procesos de construcci\u00f3n identitaria y las maneras en que la experiencia de las mujeres se configura mediante el lenguaje y la creaci\u00f3n literaria.<\/p>\n\n\n\n<p class=\"wp-block-paragraph\">Como autora y compiladora, entre sus libros y antolog\u00edas se encuentran: <em>Tiempo y verdad en la literatura<\/em> (2001); <em>El universo po\u00e9tico de Jaime Sabines<\/em> (2003); <em>Palabra en movimiento. Principios te\u00f3ricos para la narrativa oral<\/em> (2004); <em>La hermen\u00e9utica literaria de Roman Ingarden<\/em> (2018); <em>Nivel de sombra. Antolog\u00eda personal<\/em> (2019), y <em>Ruminalkatum (pr\u00e1cticas de duelo)<\/em> (2021).<\/p>\n\n\n\n<p class=\"wp-block-paragraph\">Destaca tambi\u00e9n el libro <em>Identidad y memoria en las poetas mexicanas del siglo XX<\/em>, publicado en 2007 por la Universidad Iberoamericana. Sus investigaciones han abordado tambi\u00e9n la obra de autoras como Rosario Castellanos y Pura L\u00f3pez Colom\u00e9, entre otras escritoras contempor\u00e1neas.<\/p>\n\n\n\n<p class=\"wp-block-paragraph\">\u201cEl premio hace honor al nombre de Aralia L\u00f3pez Gonz\u00e1lez, quien fue pionera en la tarea de desarrollar una cr\u00edtica literaria que incorporara y reconociera las voces femeninas del siglo XX\u201d, coment\u00f3.<\/p>\n\n\n\n<p class=\"wp-block-paragraph\">Para la investigadora, recibir esta distinci\u00f3n implica asimismo dar continuidad a una tarea que define como de \u201carqueolog\u00eda literaria\u201d: recuperar obras, autoras y aportaciones que durante a\u00f1os permanecieron fuera de los espacios centrales de la cr\u00edtica.<\/p>\n\n\n\n<p class=\"wp-block-paragraph\">\u201cRecibir este reconocimiento implica tambi\u00e9n el compromiso de continuar con esa labor de arqueolog\u00eda literaria que permita visibilizar aquello que ha sido acallado, ignorado o ninguneado por la cr\u00edtica can\u00f3nica; el compromiso de contribuir a hacer cada vez m\u00e1s evidente que hoy no se puede hablar de literatura mexicana sin reconocer el trabajo invaluable de las mujeres\u201d, afirm\u00f3.<\/p>\n\n\n\n<p class=\"wp-block-paragraph\">Gloria I. Vergara Mendoza es profesora investigadora de la Facultad de Letras y Comunicaci\u00f3n de la Universidad de Colima y ha desarrollado una trayectoria en la que confluyen investigaci\u00f3n, docencia, cr\u00edtica literaria y creaci\u00f3n po\u00e9tica. Forma parte, adem\u00e1s, de la Academia Mexicana de la Lengua como acad\u00e9mica correspondiente en Colima.<\/p>\n\n\n\n<p class=\"wp-block-paragraph\">A diferencia de reconocimientos otorgados a una obra o publicaci\u00f3n espec\u00edfica, el Premio Aralia L\u00f3pez Gonz\u00e1lez distingue una trayectoria de investigaci\u00f3n. Las candidaturas son presentadas por universidades, instituciones educativas o editoriales y evaluadas por un comit\u00e9 integrado por especialistas del Centro de Estudios de G\u00e9nero de El Colegio de M\u00e9xico, una persona externa de reconocido prestigio y acad\u00e9micas del Taller de Teor\u00eda y Cr\u00edtica Literaria Diana Mor\u00e1n.<\/p>\n\n\n\n<p class=\"wp-block-paragraph\">De acuerdo con la convocatoria 2026, la investigadora galardonada ofrecer\u00e1 una conferencia durante la ceremonia de premiaci\u00f3n, cuyo texto podr\u00e1 ser publicado posteriormente por El Colegio de M\u00e9xico. Esta edici\u00f3n contempla adem\u00e1s un premio \u00fanico de 250 mil pesos.<\/p>\n<div class=\"fb-background-color\">\n\t\t\t  <div \n\t\t\t  \tclass = \"fb-comments\" \n\t\t\t  \tdata-href = \"https:\/\/diarioavanzada.com.mx\/?p=135459\"\n\t\t\t  \tdata-numposts = \"10\"\n\t\t\t  \tdata-lazy = \"true\"\n\t\t\t\tdata-colorscheme = \"light\"\n\t\t\t\tdata-order-by = \"social\"\n\t\t\t\tdata-mobile=true>\n\t\t\t  <\/div><\/div>\n\t\t  <style>\n\t\t    .fb-background-color {\n\t\t\t\tbackground:  !important;\n\t\t\t}\n\t\t\t.fb_iframe_widget_fluid_desktop iframe {\n\t\t\t    width: 100% !important;\n\t\t\t}\n\t\t  <\/style>\n\t\t  ","protected":false},"excerpt":{"rendered":"<p>La investigadora de la Universidad de Colima obtuvo el Premio Aralia L\u00f3pez Gonz\u00e1lez 2026, que otorga El Colegio de M\u00e9xico, por una trayectoria de m\u00e1s de dos d\u00e9cadas dedicada al estudio de la literatura escrita por mujeres Colima, M\u00e9xico, Comunicado (03\/09\/2026).- Por su trayectoria acad\u00e9mica, la originalidad de sus investigaciones y sus aportaciones al estudio [&hellip;]<\/p>\n","protected":false},"author":7,"featured_media":135461,"comment_status":"closed","ping_status":"closed","sticky":false,"template":"","format":"standard","meta":{"_coblocks_attr":"","_coblocks_dimensions":"","_coblocks_responsive_height":"","_coblocks_accordion_ie_support":"","advanced_seo_description":"","jetpack_seo_html_title":"","jetpack_seo_noindex":false,"jetpack_seo_schema_type":"","_jetpack_newsletter_access":"","_jetpack_dont_email_post_to_subs":false,"_jetpack_newsletter_tier_id":0,"_jetpack_memberships_contains_paywalled_content":false,"_wpcom_ai_launchpad_first_post":false,"_jetpack_feature_clip_id":0,"_jetpack_memberships_contains_paid_content":false,"footnotes":"","jetpack_post_was_ever_published":false},"categories":[19,25,1,209,7,29],"tags":[],"class_list":["post-135459","post","type-post","status-publish","format-standard","has-post-thumbnail","hentry","category-colima","category-cultura","category-general","category-importantes","category-noticias","category-sociedad"],"jetpack-related-posts":[],"jetpack_sharing_enabled":true,"amp_enabled":true,"jetpack_featured_media_url":"https:\/\/diarioavanzada.com.mx\/wp-content\/uploads\/2026\/09\/Gloria-Vergara-Premio-Aralia-Lopez-Gonzalez-2026.jpg","_links":{"self":[{"href":"https:\/\/diarioavanzada.com.mx\/index.php?rest_route=\/wp\/v2\/posts\/135459","targetHints":{"allow":["GET"]}}],"collection":[{"href":"https:\/\/diarioavanzada.com.mx\/index.php?rest_route=\/wp\/v2\/posts"}],"about":[{"href":"https:\/\/diarioavanzada.com.mx\/index.php?rest_route=\/wp\/v2\/types\/post"}],"author":[{"embeddable":true,"href":"https:\/\/diarioavanzada.com.mx\/index.php?rest_route=\/wp\/v2\/users\/7"}],"replies":[{"embeddable":true,"href":"https:\/\/diarioavanzada.com.mx\/index.php?rest_route=%2Fwp%2Fv2%2Fcomments&post=135459"}],"version-history":[{"count":2,"href":"https:\/\/diarioavanzada.com.mx\/index.php?rest_route=\/wp\/v2\/posts\/135459\/revisions"}],"predecessor-version":[{"id":135462,"href":"https:\/\/diarioavanzada.com.mx\/index.php?rest_route=\/wp\/v2\/posts\/135459\/revisions\/135462"}],"wp:featuredmedia":[{"embeddable":true,"href":"https:\/\/diarioavanzada.com.mx\/index.php?rest_route=\/wp\/v2\/media\/135461"}],"wp:attachment":[{"href":"https:\/\/diarioavanzada.com.mx\/index.php?rest_route=%2Fwp%2Fv2%2Fmedia&parent=135459"}],"wp:term":[{"taxonomy":"category","embeddable":true,"href":"https:\/\/diarioavanzada.com.mx\/index.php?rest_route=%2Fwp%2Fv2%2Fcategories&post=135459"},{"taxonomy":"post_tag","embeddable":true,"href":"https:\/\/diarioavanzada.com.mx\/index.php?rest_route=%2Fwp%2Fv2%2Ftags&post=135459"}],"curies":[{"name":"wp","href":"https:\/\/api.w.org\/{rel}","templated":true}]}}