{"id":135426,"date":"2026-09-03T11:15:39","date_gmt":"2026-09-03T17:15:39","guid":{"rendered":"https:\/\/diarioavanzada.com.mx\/?p=135426"},"modified":"2026-09-03T11:15:39","modified_gmt":"2026-09-03T17:15:39","slug":"colapsa-por-segundo-dia-la-autopista-colima-manzanillo","status":"publish","type":"post","link":"https:\/\/diarioavanzada.com.mx\/?p=135426","title":{"rendered":"Colapsa por segundo d\u00eda la autopista Colima-Manzanillo"},"content":{"rendered":"\n<p class=\"wp-block-paragraph\"><strong>Filas de tr\u00e1ileres, autobuses y autom\u00f3viles se extienden por kil\u00f3metros; ayer, transportistas reportaron esperas de m\u00e1s de 14 horas para cruzar<\/strong><\/p>\n\n\n\n<p class=\"wp-block-paragraph\">Colima, M\u00e9xico, Avanzada (03\/09\/2026).- Por segundo d\u00eda consecutivo, la carretera Colima-Manzanillo permanece pr\u00e1cticamente colapsada, con el tr\u00e1nsito detenido en ambos sentidos y largas filas de tr\u00e1ileres, autobuses y veh\u00edculos particulares que se extienden por varios kil\u00f3metros.<\/p>\n\n\n\n<p class=\"wp-block-paragraph\">De acuerdo con reportes registrados desde las 6:30 de la ma\u00f1ana de este jueves, en ninguno de los dos sentidos existe una v\u00eda de escape hacia la carretera libre de Ixtlahuac\u00e1n, utilizada principalmente por veh\u00edculos particulares, por lo que automovilistas y transportistas permanecen atrapados en la zona.<\/p>\n\n\n\n<p class=\"wp-block-paragraph\">En el sentido Manzanillo-Colima, la fila de veh\u00edculos comienza desde la colonia Bayardo, en los l\u00edmites de Tecom\u00e1n y Armer\u00eda, y se extiende hasta la zona de La Salada. En direcci\u00f3n Colima-Manzanillo, el tr\u00e1nsito tambi\u00e9n permanece detenido a la altura de La Salada.<\/p>\n\n\n\n<p class=\"wp-block-paragraph\">La situaci\u00f3n mantiene varados principalmente a cientos de unidades de carga, aunque tambi\u00e9n afecta a autobuses y autom\u00f3viles particulares que intentan desplazarse entre Colima y Manzanillo.<\/p>\n\n\n\n<p class=\"wp-block-paragraph\">La jornada de este jueves ocurre despu\u00e9s de que ayer operadores de tr\u00e1ileres denunciaron que tardaron m\u00e1s de 14 horas para poder cruzar el tramo afectado, ante la severa congesti\u00f3n vehicular.<\/p>\n\n\n\n<p class=\"wp-block-paragraph\">Ayer, la p\u00e1gina de Facebook Corredor Log\u00edstico Colima-Manzanillo, operada por el Gobierno del Estado, inform\u00f3 que la vialidad hab\u00eda sido obstruida debido a la ca\u00edda de un poste de luz, el cual, seg\u00fan el reporte oficial, fue retirado alrededor del mediod\u00eda de este mi\u00e9rcoles.<\/p>\n\n\n\n<p class=\"wp-block-paragraph\">Sin embargo, pese a que la obstrucci\u00f3n fue reportada como atendida, la carretera contin\u00faa colapsada este jueves por la ma\u00f1ana. A las 9:42 horas, las filas permanec\u00edan pr\u00e1cticamente inm\u00f3viles, sin que los conductores tuvieran una alternativa efectiva para abandonar la zona de congestionamiento.<\/p>\n\n\n\n<p class=\"wp-block-paragraph\">El nuevo colapso representa una afectaci\u00f3n particularmente grave para el transporte de carga que utiliza diariamente el corredor hacia el puerto de Manzanillo, as\u00ed como para cientos de personas que se trasladan entre ambos municipios.<\/p>\n\n\n\n<p class=\"wp-block-paragraph\">Hasta el momento, la dimensi\u00f3n del congestionamiento y el tiempo que podr\u00edan permanecer detenidos los veh\u00edculos contin\u00faa siendo incierto.<\/p>\n\n\n\n<figure class=\"wp-block-video\"><div class=\"wp-block-embed__wrapper\">\n<iframe loading=\"lazy\" title=\"VideoPress Video Player\" aria-label=\"VideoPress Video Player\" width=\"740\" height=\"416\" src=\"https:\/\/videopress.com\/embed\/NcailHfw?cover=1&amp;preloadContent=metadata&amp;useAverageColor=1&amp;hd=0\" frameborder=\"0\" allowfullscreen data-resize-to-parent=\"true\" allow=\"clipboard-write; presentation\"><\/iframe><script src='https:\/\/v0.wordpress.com\/js\/next\/videopress-iframe.js?m=1770107250'><\/script>\n<\/div><\/figure>\n<div class=\"fb-background-color\">\n\t\t\t  <div \n\t\t\t  \tclass = \"fb-comments\" \n\t\t\t  \tdata-href = \"https:\/\/diarioavanzada.com.mx\/?p=135426\"\n\t\t\t  \tdata-numposts = \"10\"\n\t\t\t  \tdata-lazy = \"true\"\n\t\t\t\tdata-colorscheme = \"light\"\n\t\t\t\tdata-order-by = \"social\"\n\t\t\t\tdata-mobile=true>\n\t\t\t  <\/div><\/div>\n\t\t  <style>\n\t\t    .fb-background-color {\n\t\t\t\tbackground:  !important;\n\t\t\t}\n\t\t\t.fb_iframe_widget_fluid_desktop iframe {\n\t\t\t    width: 100% !important;\n\t\t\t}\n\t\t  <\/style>\n\t\t  ","protected":false},"excerpt":{"rendered":"<p>Filas de tr\u00e1ileres, autobuses y autom\u00f3viles se extienden por kil\u00f3metros; ayer, transportistas reportaron esperas de m\u00e1s de 14 horas para cruzar Colima, M\u00e9xico, Avanzada (03\/09\/2026).- Por segundo d\u00eda consecutivo, la carretera Colima-Manzanillo permanece pr\u00e1cticamente colapsada, con el tr\u00e1nsito detenido en ambos sentidos y largas filas de tr\u00e1ileres, autobuses y veh\u00edculos particulares que se extienden por [&hellip;]<\/p>\n","protected":false},"author":7,"featured_media":135425,"comment_status":"closed","ping_status":"closed","sticky":false,"template":"","format":"standard","meta":{"_coblocks_attr":"","_coblocks_dimensions":"","_coblocks_responsive_height":"","_coblocks_accordion_ie_support":"","advanced_seo_description":"","jetpack_seo_html_title":"","jetpack_seo_noindex":false,"jetpack_seo_schema_type":"","_jetpack_newsletter_access":"","_jetpack_dont_email_post_to_subs":false,"_jetpack_newsletter_tier_id":0,"_jetpack_memberships_contains_paywalled_content":false,"_wpcom_ai_launchpad_first_post":false,"_jetpack_feature_clip_id":0,"_jetpack_memberships_contains_paid_content":false,"footnotes":"","jetpack_post_was_ever_published":false},"categories":[19,1,209,7,29],"tags":[210],"class_list":["post-135426","post","type-post","status-publish","format-standard","has-post-thumbnail","hentry","category-colima","category-general","category-importantes","category-noticias","category-sociedad","tag-portada"],"jetpack-related-posts":[],"jetpack_sharing_enabled":true,"amp_enabled":true,"jetpack_featured_media_url":"https:\/\/diarioavanzada.com.mx\/wp-content\/uploads\/2026\/09\/img_4300.jpg","_links":{"self":[{"href":"https:\/\/diarioavanzada.com.mx\/index.php?rest_route=\/wp\/v2\/posts\/135426","targetHints":{"allow":["GET"]}}],"collection":[{"href":"https:\/\/diarioavanzada.com.mx\/index.php?rest_route=\/wp\/v2\/posts"}],"about":[{"href":"https:\/\/diarioavanzada.com.mx\/index.php?rest_route=\/wp\/v2\/types\/post"}],"author":[{"embeddable":true,"href":"https:\/\/diarioavanzada.com.mx\/index.php?rest_route=\/wp\/v2\/users\/7"}],"replies":[{"embeddable":true,"href":"https:\/\/diarioavanzada.com.mx\/index.php?rest_route=%2Fwp%2Fv2%2Fcomments&post=135426"}],"version-history":[{"count":0,"href":"https:\/\/diarioavanzada.com.mx\/index.php?rest_route=\/wp\/v2\/posts\/135426\/revisions"}],"wp:featuredmedia":[{"embeddable":true,"href":"https:\/\/diarioavanzada.com.mx\/index.php?rest_route=\/wp\/v2\/media\/135425"}],"wp:attachment":[{"href":"https:\/\/diarioavanzada.com.mx\/index.php?rest_route=%2Fwp%2Fv2%2Fmedia&parent=135426"}],"wp:term":[{"taxonomy":"category","embeddable":true,"href":"https:\/\/diarioavanzada.com.mx\/index.php?rest_route=%2Fwp%2Fv2%2Fcategories&post=135426"},{"taxonomy":"post_tag","embeddable":true,"href":"https:\/\/diarioavanzada.com.mx\/index.php?rest_route=%2Fwp%2Fv2%2Ftags&post=135426"}],"curies":[{"name":"wp","href":"https:\/\/api.w.org\/{rel}","templated":true}]}}