{"id":135339,"date":"2026-09-02T18:44:59","date_gmt":"2026-09-03T00:44:59","guid":{"rendered":"https:\/\/diarioavanzada.com.mx\/?p=135339"},"modified":"2026-09-02T18:44:59","modified_gmt":"2026-09-03T00:44:59","slug":"incendio-de-tractocamion-provoca-obstruccion-vial-en-manzanillo","status":"publish","type":"post","link":"https:\/\/diarioavanzada.com.mx\/?p=135339","title":{"rendered":"Incendio de tractocami\u00f3n provoca obstrucci\u00f3n vial en Manzanillo"},"content":{"rendered":"\n<p class=\"p3 wp-block-paragraph\">Manzanillo, M\u00e9xico, Avanzada (02\/09\/2026).- Un tractocami\u00f3n se incendi\u00f3 la tarde de este mi\u00e9rcoles sobre el Libramiento de Manzanillo Libre, en direcci\u00f3n de Tapeixtles hacia Colomos.<\/p>\n\n\n\n<p class=\"p3 wp-block-paragraph\">Elementos de la Unidad Municipal de Protecci\u00f3n Civil y Bomberos Manzanillo acudieron al lugar tras recibir el reporte de emergencia y realizaron las labores para controlar y sofocar el fuego.<\/p>\n\n\n\n<p class=\"p3 wp-block-paragraph\">El incendio fue extinguido y no se report\u00f3 que las llamas se propagaran hacia otros veh\u00edculos o zonas cercanas.<\/p>\n\n\n\n<p class=\"p4 wp-block-paragraph\">Debido a los restos del tractocami\u00f3n, permanece una obstrucci\u00f3n parcial en la vialidad, lo que genera tr\u00e1nsito lento en el tramo.<\/p>\n\n\n\n<figure class=\"wp-block-image size-large\"><img loading=\"lazy\" decoding=\"async\" width=\"1024\" height=\"768\" src=\"https:\/\/diarioavanzada.com.mx\/wp-content\/uploads\/2026\/09\/img_4867-1024x768.jpg\" class=\"wp-image-135334\" srcset=\"https:\/\/diarioavanzada.com.mx\/wp-content\/uploads\/2026\/09\/img_4867-1024x768.jpg 1024w, https:\/\/diarioavanzada.com.mx\/wp-content\/uploads\/2026\/09\/img_4867-300x225.jpg 300w, https:\/\/diarioavanzada.com.mx\/wp-content\/uploads\/2026\/09\/img_4867-768x576.jpg 768w, https:\/\/diarioavanzada.com.mx\/wp-content\/uploads\/2026\/09\/img_4867.jpg 1500w\" sizes=\"auto, (max-width: 1024px) 100vw, 1024px\" \/><\/figure>\n\n\n\n<figure class=\"wp-block-image size-large\"><img loading=\"lazy\" decoding=\"async\" width=\"1024\" height=\"768\" src=\"https:\/\/diarioavanzada.com.mx\/wp-content\/uploads\/2026\/09\/img_4865-1024x768.jpg\" class=\"wp-image-135335\" srcset=\"https:\/\/diarioavanzada.com.mx\/wp-content\/uploads\/2026\/09\/img_4865-1024x768.jpg 1024w, https:\/\/diarioavanzada.com.mx\/wp-content\/uploads\/2026\/09\/img_4865-300x225.jpg 300w, https:\/\/diarioavanzada.com.mx\/wp-content\/uploads\/2026\/09\/img_4865-768x576.jpg 768w, https:\/\/diarioavanzada.com.mx\/wp-content\/uploads\/2026\/09\/img_4865.jpg 1500w\" sizes=\"auto, (max-width: 1024px) 100vw, 1024px\" \/><\/figure>\n\n\n\n<figure class=\"wp-block-image size-large\"><img loading=\"lazy\" decoding=\"async\" width=\"960\" height=\"720\" src=\"https:\/\/diarioavanzada.com.mx\/wp-content\/uploads\/2026\/09\/img_4864.jpg\" class=\"wp-image-135336\" srcset=\"https:\/\/diarioavanzada.com.mx\/wp-content\/uploads\/2026\/09\/img_4864.jpg 960w, https:\/\/diarioavanzada.com.mx\/wp-content\/uploads\/2026\/09\/img_4864-300x225.jpg 300w, https:\/\/diarioavanzada.com.mx\/wp-content\/uploads\/2026\/09\/img_4864-768x576.jpg 768w\" sizes=\"auto, (max-width: 960px) 100vw, 960px\" \/><\/figure>\n\n\n\n<figure class=\"wp-block-image size-large\"><img loading=\"lazy\" decoding=\"async\" width=\"960\" height=\"720\" src=\"https:\/\/diarioavanzada.com.mx\/wp-content\/uploads\/2026\/09\/img_4863.jpg\" class=\"wp-image-135337\" srcset=\"https:\/\/diarioavanzada.com.mx\/wp-content\/uploads\/2026\/09\/img_4863.jpg 960w, https:\/\/diarioavanzada.com.mx\/wp-content\/uploads\/2026\/09\/img_4863-300x225.jpg 300w, https:\/\/diarioavanzada.com.mx\/wp-content\/uploads\/2026\/09\/img_4863-768x576.jpg 768w\" sizes=\"auto, (max-width: 960px) 100vw, 960px\" \/><\/figure>\n<div class=\"fb-background-color\">\n\t\t\t  <div \n\t\t\t  \tclass = \"fb-comments\" \n\t\t\t  \tdata-href = \"https:\/\/diarioavanzada.com.mx\/?p=135339\"\n\t\t\t  \tdata-numposts = \"10\"\n\t\t\t  \tdata-lazy = \"true\"\n\t\t\t\tdata-colorscheme = \"light\"\n\t\t\t\tdata-order-by = \"social\"\n\t\t\t\tdata-mobile=true>\n\t\t\t  <\/div><\/div>\n\t\t  <style>\n\t\t    .fb-background-color {\n\t\t\t\tbackground:  !important;\n\t\t\t}\n\t\t\t.fb_iframe_widget_fluid_desktop iframe {\n\t\t\t    width: 100% !important;\n\t\t\t}\n\t\t  <\/style>\n\t\t  ","protected":false},"excerpt":{"rendered":"<p>Manzanillo, M\u00e9xico, Avanzada (02\/09\/2026).- Un tractocami\u00f3n se incendi\u00f3 la tarde de este mi\u00e9rcoles sobre el Libramiento de Manzanillo Libre, en direcci\u00f3n de Tapeixtles hacia Colomos. Elementos de la Unidad Municipal de Protecci\u00f3n Civil y Bomberos Manzanillo acudieron al lugar tras recibir el reporte de emergencia y realizaron las labores para controlar y sofocar el fuego. [&hellip;]<\/p>\n","protected":false},"author":7,"featured_media":135338,"comment_status":"closed","ping_status":"closed","sticky":false,"template":"","format":"standard","meta":{"_coblocks_attr":"","_coblocks_dimensions":"","_coblocks_responsive_height":"","_coblocks_accordion_ie_support":"","advanced_seo_description":"","jetpack_seo_html_title":"","jetpack_seo_noindex":false,"jetpack_seo_schema_type":"","_jetpack_newsletter_access":"","_jetpack_dont_email_post_to_subs":false,"_jetpack_newsletter_tier_id":0,"_jetpack_memberships_contains_paywalled_content":false,"_wpcom_ai_launchpad_first_post":false,"_jetpack_feature_clip_id":0,"_jetpack_memberships_contains_paid_content":false,"footnotes":"","jetpack_post_was_ever_published":false},"categories":[19,1,209,7,231,29],"tags":[210],"class_list":["post-135339","post","type-post","status-publish","format-standard","has-post-thumbnail","hentry","category-colima","category-general","category-importantes","category-noticias","category-seguridad","category-sociedad","tag-portada"],"jetpack-related-posts":[],"jetpack_sharing_enabled":true,"amp_enabled":true,"jetpack_featured_media_url":"https:\/\/diarioavanzada.com.mx\/wp-content\/uploads\/2026\/09\/img_4868.png","_links":{"self":[{"href":"https:\/\/diarioavanzada.com.mx\/index.php?rest_route=\/wp\/v2\/posts\/135339","targetHints":{"allow":["GET"]}}],"collection":[{"href":"https:\/\/diarioavanzada.com.mx\/index.php?rest_route=\/wp\/v2\/posts"}],"about":[{"href":"https:\/\/diarioavanzada.com.mx\/index.php?rest_route=\/wp\/v2\/types\/post"}],"author":[{"embeddable":true,"href":"https:\/\/diarioavanzada.com.mx\/index.php?rest_route=\/wp\/v2\/users\/7"}],"replies":[{"embeddable":true,"href":"https:\/\/diarioavanzada.com.mx\/index.php?rest_route=%2Fwp%2Fv2%2Fcomments&post=135339"}],"version-history":[{"count":0,"href":"https:\/\/diarioavanzada.com.mx\/index.php?rest_route=\/wp\/v2\/posts\/135339\/revisions"}],"wp:featuredmedia":[{"embeddable":true,"href":"https:\/\/diarioavanzada.com.mx\/index.php?rest_route=\/wp\/v2\/media\/135338"}],"wp:attachment":[{"href":"https:\/\/diarioavanzada.com.mx\/index.php?rest_route=%2Fwp%2Fv2%2Fmedia&parent=135339"}],"wp:term":[{"taxonomy":"category","embeddable":true,"href":"https:\/\/diarioavanzada.com.mx\/index.php?rest_route=%2Fwp%2Fv2%2Fcategories&post=135339"},{"taxonomy":"post_tag","embeddable":true,"href":"https:\/\/diarioavanzada.com.mx\/index.php?rest_route=%2Fwp%2Fv2%2Ftags&post=135339"}],"curies":[{"name":"wp","href":"https:\/\/api.w.org\/{rel}","templated":true}]}}