{"id":135333,"date":"2026-09-02T18:04:39","date_gmt":"2026-09-03T00:04:39","guid":{"rendered":"https:\/\/diarioavanzada.com.mx\/?p=135333"},"modified":"2026-09-02T18:04:39","modified_gmt":"2026-09-03T00:04:39","slug":"cierra-selva-magica-en-guadalajara","status":"publish","type":"post","link":"https:\/\/diarioavanzada.com.mx\/?p=135333","title":{"rendered":"Cierra Selva M\u00e1gica en Guadalajara"},"content":{"rendered":"\n<p class=\"p3 wp-block-paragraph\">Jalisco, M\u00e9xico, Avanzada (02\/09\/2026).- Despu\u00e9s de casi cuatro d\u00e9cadas de operaci\u00f3n y de recibir a m\u00e1s de 25 millones de visitantes, Selva M\u00e1gica dej\u00f3 de funcionar en Guadalajara. El cierre del parque de atracciones, ocurrido el 1 de septiembre, fue atribuido por la empresa operadora a una reestructuraci\u00f3n global del grupo al que pertenece, aunque la decisi\u00f3n dej\u00f3 tambi\u00e9n reclamos econ\u00f3micos de proveedores que aseguran tener pagos pendientes por alrededor de 16 millones de pesos.<\/p>\n\n\n\n<p class=\"p3 wp-block-paragraph\">Servicios Compartidos para el Entretenimiento, S.A. de C.V. (SECOEN), responsable de la operaci\u00f3n del parque, inform\u00f3 el cierre mediante un comunicado en el que agradeci\u00f3 a las familias, visitantes y trabajadores que formaron parte de la historia del establecimiento.<\/p>\n\n\n\n<p class=\"p3 wp-block-paragraph\">La empresa destac\u00f3 que durante d\u00e9cadas Selva M\u00e1gica se convirti\u00f3 en un sitio de convivencia para varias generaciones de familias tapat\u00edas y en uno de los referentes tur\u00edsticos de Guadalajara. Sin embargo, no ofreci\u00f3 detalles sobre la situaci\u00f3n financiera que llev\u00f3 a tomar la decisi\u00f3n ni precis\u00f3 cu\u00e1l ser\u00e1 el destino de las instalaciones.<\/p>\n\n\n\n<p class=\"p3 wp-block-paragraph\">El cierre tambi\u00e9n abri\u00f3 un frente de inconformidad entre proveedores que prestaron distintos servicios al parque. De acuerdo con sus se\u00f1alamientos, existen adeudos que en conjunto rondar\u00edan los 16 millones de pesos. Algunos de ellos acudieron al lugar para exigir el pago de las cantidades que aseguran se encuentran pendientes.<\/p>\n\n\n\n<p class=\"p3 wp-block-paragraph\">La situaci\u00f3n gener\u00f3 mayor molestia debido a que, seg\u00fan los propios proveedores, durante el fin de semana previo al cierre todav\u00eda se promocionaban y comercializaban paquetes anuales, mientras que pocos d\u00edas despu\u00e9s se anunci\u00f3 la suspensi\u00f3n definitiva de operaciones.<\/p>\n\n\n\n<p class=\"p3 wp-block-paragraph\">La clausura de Selva M\u00e1gica ocurre en medio de la crisis financiera que enfrenta The Dolphin Company, grupo al que pertenece la empresa operadora. El comunicado de SECOEN se limit\u00f3 a se\u00f1alar que el cierre forma parte de una reestructuraci\u00f3n global, sin explicar c\u00f3mo se atender\u00e1n los compromisos econ\u00f3micos con terceros ni qu\u00e9 ocurrir\u00e1 con el complejo.<\/p>\n\n\n\n<p class=\"p3 wp-block-paragraph\">SECOEN tambi\u00e9n hizo \u00e9nfasis en que Selva M\u00e1gica es una empresa independiente y ajena al Zool\u00f3gico Guadalajara, instituci\u00f3n a la que reconoci\u00f3 por el respaldo que brind\u00f3 al proyecto desde sus primeros a\u00f1os.<\/p>\n\n\n\n<p class=\"p3 wp-block-paragraph\">Para sus trabajadores, la empresa asegur\u00f3 que el cierre se realiz\u00f3 cumpliendo \u00edntegramente con sus obligaciones. En su despedida, agradeci\u00f3 la entrega de quienes laboraron en el parque y sostuvo que fueron una parte fundamental de su historia.<\/p>\n\n\n\n<p class=\"p4 wp-block-paragraph\">Con su salida de operaciones, Guadalajara pierde uno de los espacios de entretenimiento que marcaron a varias generaciones. Pero mientras la empresa se despide de sus visitantes y reivindica casi 40 a\u00f1os de historia, proveedores y trabajadores de compa\u00f1\u00edas externas mantienen abierta otra pregunta: c\u00f3mo y cu\u00e1ndo ser\u00e1n cubiertos los adeudos que dej\u00f3 el cierre.<\/p>\n<div class=\"fb-background-color\">\n\t\t\t  <div \n\t\t\t  \tclass = \"fb-comments\" \n\t\t\t  \tdata-href = \"https:\/\/diarioavanzada.com.mx\/?p=135333\"\n\t\t\t  \tdata-numposts = \"10\"\n\t\t\t  \tdata-lazy = \"true\"\n\t\t\t\tdata-colorscheme = \"light\"\n\t\t\t\tdata-order-by = \"social\"\n\t\t\t\tdata-mobile=true>\n\t\t\t  <\/div><\/div>\n\t\t  <style>\n\t\t    .fb-background-color {\n\t\t\t\tbackground:  !important;\n\t\t\t}\n\t\t\t.fb_iframe_widget_fluid_desktop iframe {\n\t\t\t    width: 100% !important;\n\t\t\t}\n\t\t  <\/style>\n\t\t  ","protected":false},"excerpt":{"rendered":"<p>Jalisco, M\u00e9xico, Avanzada (02\/09\/2026).- Despu\u00e9s de casi cuatro d\u00e9cadas de operaci\u00f3n y de recibir a m\u00e1s de 25 millones de visitantes, Selva M\u00e1gica dej\u00f3 de funcionar en Guadalajara. El cierre del parque de atracciones, ocurrido el 1 de septiembre, fue atribuido por la empresa operadora a una reestructuraci\u00f3n global del grupo al que pertenece, aunque [&hellip;]<\/p>\n","protected":false},"author":7,"featured_media":135332,"comment_status":"closed","ping_status":"closed","sticky":false,"template":"","format":"standard","meta":{"_coblocks_attr":"","_coblocks_dimensions":"","_coblocks_responsive_height":"","_coblocks_accordion_ie_support":"","advanced_seo_description":"","jetpack_seo_html_title":"","jetpack_seo_noindex":false,"jetpack_seo_schema_type":"","_jetpack_newsletter_access":"","_jetpack_dont_email_post_to_subs":false,"_jetpack_newsletter_tier_id":0,"_jetpack_memberships_contains_paywalled_content":false,"_wpcom_ai_launchpad_first_post":false,"_jetpack_feature_clip_id":0,"_jetpack_memberships_contains_paid_content":false,"footnotes":"","jetpack_post_was_ever_published":false},"categories":[1,209,353,22,7,29],"tags":[210],"class_list":["post-135333","post","type-post","status-publish","format-standard","has-post-thumbnail","hentry","category-general","category-importantes","category-jalisco","category-nacion","category-noticias","category-sociedad","tag-portada"],"jetpack-related-posts":[],"jetpack_sharing_enabled":true,"amp_enabled":true,"jetpack_featured_media_url":"https:\/\/diarioavanzada.com.mx\/wp-content\/uploads\/2026\/09\/img_4862.png","_links":{"self":[{"href":"https:\/\/diarioavanzada.com.mx\/index.php?rest_route=\/wp\/v2\/posts\/135333","targetHints":{"allow":["GET"]}}],"collection":[{"href":"https:\/\/diarioavanzada.com.mx\/index.php?rest_route=\/wp\/v2\/posts"}],"about":[{"href":"https:\/\/diarioavanzada.com.mx\/index.php?rest_route=\/wp\/v2\/types\/post"}],"author":[{"embeddable":true,"href":"https:\/\/diarioavanzada.com.mx\/index.php?rest_route=\/wp\/v2\/users\/7"}],"replies":[{"embeddable":true,"href":"https:\/\/diarioavanzada.com.mx\/index.php?rest_route=%2Fwp%2Fv2%2Fcomments&post=135333"}],"version-history":[{"count":0,"href":"https:\/\/diarioavanzada.com.mx\/index.php?rest_route=\/wp\/v2\/posts\/135333\/revisions"}],"wp:featuredmedia":[{"embeddable":true,"href":"https:\/\/diarioavanzada.com.mx\/index.php?rest_route=\/wp\/v2\/media\/135332"}],"wp:attachment":[{"href":"https:\/\/diarioavanzada.com.mx\/index.php?rest_route=%2Fwp%2Fv2%2Fmedia&parent=135333"}],"wp:term":[{"taxonomy":"category","embeddable":true,"href":"https:\/\/diarioavanzada.com.mx\/index.php?rest_route=%2Fwp%2Fv2%2Fcategories&post=135333"},{"taxonomy":"post_tag","embeddable":true,"href":"https:\/\/diarioavanzada.com.mx\/index.php?rest_route=%2Fwp%2Fv2%2Ftags&post=135333"}],"curies":[{"name":"wp","href":"https:\/\/api.w.org\/{rel}","templated":true}]}}