{"id":135295,"date":"2026-09-02T08:24:47","date_gmt":"2026-09-02T14:24:47","guid":{"rendered":"https:\/\/diarioavanzada.com.mx\/?p=135295"},"modified":"2026-09-02T08:24:47","modified_gmt":"2026-09-02T14:24:47","slug":"por-segunda-vez-en-el-ano-vuelve-a-caer-el-turismo-en-colima","status":"publish","type":"post","link":"https:\/\/diarioavanzada.com.mx\/?p=135295","title":{"rendered":"Por segunda vez en el a\u00f1o, vuelve a caer el turismo en Colima"},"content":{"rendered":"\n<p class=\"p1 wp-block-paragraph\">Colima, M\u00e9xico, Avanzada (02\/09\/2026).- Por segunda ocasi\u00f3n en el a\u00f1o, el subsecretario de Turismo, Jorge Padilla Castillo, se\u00f1alado por realizar una promoci\u00f3n constante de su imagen en Manzanillo, reconoci\u00f3 que los resultados de la temporada vacacional de este verano quedaron por debajo de las expectativas gubernamentales.<\/p>\n\n\n\n<p class=\"p1 wp-block-paragraph\">El funcionario admiti\u00f3 ante medios de comunicaci\u00f3n que la temporada de verano de 2026 podr\u00eda cerrar con una ocupaci\u00f3n hotelera 3 por ciento menor a la registrada durante el mismo periodo de 2025, aunque precis\u00f3 que la cifra todav\u00eda es preliminar y contin\u00faa recab\u00e1ndose informaci\u00f3n entre los prestadores de servicios.<\/p>\n\n\n\n<p class=\"p1 wp-block-paragraph\">No obstante, la declaraci\u00f3n contrasta con el pron\u00f3stico que el propio subsecretario hizo antes de comenzar las vacaciones. El 25 de junio sostuvo que Colima esperaba una \u201cafluencia extraordinaria\u201d impulsada por el Mundial de Futbol de 2026 y por las campa\u00f1as promocionales desplegadas en Guadalajara y la Ciudad de M\u00e9xico, y asegur\u00f3 entonces que el gobierno trabajaba para garantizar \u201cun verano muy exitoso\u201d.<\/p>\n\n\n\n<p class=\"p1 wp-block-paragraph\">No es la primera vez que las proyecciones optimistas de la Subsecretar\u00eda de Turismo quedan frente a resultados inferiores a los esperados, pues, en marzo, el Gobierno estatal calcul\u00f3 que durante Semana Santa y Pascua llegar\u00edan a Colima cerca de 91 mil turistas, se alcanzar\u00edan m\u00e1s de 330 millones de pesos de derrama econ\u00f3mica y una ocupaci\u00f3n hotelera promedio de 60 por ciento.<\/p>\n\n\n\n<p class=\"p1 wp-block-paragraph\">Para Manzanillo se proyectaron 64 mil 400 visitantes, una derrama de 277 millones de pesos y una ocupaci\u00f3n de 70 por ciento. Sin embargo, una vez concluido el periodo vacacional, Padilla reconoci\u00f3 que Semana Santa y Pascua no tuvieron el comportamiento esperado en Manzanillo y que las obras de ampliaci\u00f3n de la autopista influyeron en la llegada de visitantes.<\/p>\n\n\n\n<p class=\"p1 wp-block-paragraph\">Padilla volvi\u00f3 a mencionar las obras carreteras como una de las causas del descenso preliminar del verano y confi\u00f3 en que su conclusi\u00f3n permita recuperar el flujo de visitantes. El funcionario sostuvo que la terminaci\u00f3n de los trabajos est\u00e1 pr\u00f3xima; la conclusi\u00f3n del tramo de La Salada ha sido proyectada para diciembre de 2026.<\/p>\n\n\n\n<p class=\"p1 wp-block-paragraph\">En medio de los resultados adversos, Jorge Padilla ha intensificado su presencia en eventos p\u00fablicos y actividades en Manzanillo, lo que ha generado acusaciones pol\u00edticas de utilizar el cargo para promover su imagen en el municipio.<\/p>\n\n\n\n<p class=\"p1 wp-block-paragraph\">El pasado s\u00e1bado 29 de agosto particip\u00f3, en representaci\u00f3n de la gobernadora, en la inauguraci\u00f3n del puente sobre el arroyo de Santiago, obra financiada y ejecutada por la Administraci\u00f3n del Sistema Portuario Nacional de Manzanillo.<\/p>\n\n\n\n<p class=\"p1 wp-block-paragraph\">La participaci\u00f3n del subsecretario gener\u00f3 cr\u00edticas en redes sociales porque encabez\u00f3 el posicionamiento del Gobierno estatal en torno a una infraestructura que no construy\u00f3 su dependencia.<\/p>\n<div class=\"fb-background-color\">\n\t\t\t  <div \n\t\t\t  \tclass = \"fb-comments\" \n\t\t\t  \tdata-href = \"https:\/\/diarioavanzada.com.mx\/?p=135295\"\n\t\t\t  \tdata-numposts = \"10\"\n\t\t\t  \tdata-lazy = \"true\"\n\t\t\t\tdata-colorscheme = \"light\"\n\t\t\t\tdata-order-by = \"social\"\n\t\t\t\tdata-mobile=true>\n\t\t\t  <\/div><\/div>\n\t\t  <style>\n\t\t    .fb-background-color {\n\t\t\t\tbackground:  !important;\n\t\t\t}\n\t\t\t.fb_iframe_widget_fluid_desktop iframe {\n\t\t\t    width: 100% !important;\n\t\t\t}\n\t\t  <\/style>\n\t\t  ","protected":false},"excerpt":{"rendered":"<p>Colima, M\u00e9xico, Avanzada (02\/09\/2026).- Por segunda ocasi\u00f3n en el a\u00f1o, el subsecretario de Turismo, Jorge Padilla Castillo, se\u00f1alado por realizar una promoci\u00f3n constante de su imagen en Manzanillo, reconoci\u00f3 que los resultados de la temporada vacacional de este verano quedaron por debajo de las expectativas gubernamentales. El funcionario admiti\u00f3 ante medios de comunicaci\u00f3n que la [&hellip;]<\/p>\n","protected":false},"author":5,"featured_media":135302,"comment_status":"closed","ping_status":"closed","sticky":false,"template":"","format":"standard","meta":{"_coblocks_attr":"","_coblocks_dimensions":"","_coblocks_responsive_height":"","_coblocks_accordion_ie_support":"","advanced_seo_description":"","jetpack_seo_html_title":"","jetpack_seo_noindex":false,"jetpack_seo_schema_type":"","_jetpack_newsletter_access":"","_jetpack_dont_email_post_to_subs":false,"_jetpack_newsletter_tier_id":0,"_jetpack_memberships_contains_paywalled_content":false,"_wpcom_ai_launchpad_first_post":false,"_jetpack_feature_clip_id":0,"_jetpack_memberships_contains_paid_content":false,"footnotes":"","jetpack_post_was_ever_published":false},"categories":[19,1,209,7,29],"tags":[],"class_list":["post-135295","post","type-post","status-publish","format-standard","has-post-thumbnail","hentry","category-colima","category-general","category-importantes","category-noticias","category-sociedad"],"jetpack-related-posts":[],"jetpack_sharing_enabled":true,"amp_enabled":true,"jetpack_featured_media_url":"https:\/\/diarioavanzada.com.mx\/wp-content\/uploads\/2026\/09\/img_4832.png","_links":{"self":[{"href":"https:\/\/diarioavanzada.com.mx\/index.php?rest_route=\/wp\/v2\/posts\/135295","targetHints":{"allow":["GET"]}}],"collection":[{"href":"https:\/\/diarioavanzada.com.mx\/index.php?rest_route=\/wp\/v2\/posts"}],"about":[{"href":"https:\/\/diarioavanzada.com.mx\/index.php?rest_route=\/wp\/v2\/types\/post"}],"author":[{"embeddable":true,"href":"https:\/\/diarioavanzada.com.mx\/index.php?rest_route=\/wp\/v2\/users\/5"}],"replies":[{"embeddable":true,"href":"https:\/\/diarioavanzada.com.mx\/index.php?rest_route=%2Fwp%2Fv2%2Fcomments&post=135295"}],"version-history":[{"count":1,"href":"https:\/\/diarioavanzada.com.mx\/index.php?rest_route=\/wp\/v2\/posts\/135295\/revisions"}],"predecessor-version":[{"id":135303,"href":"https:\/\/diarioavanzada.com.mx\/index.php?rest_route=\/wp\/v2\/posts\/135295\/revisions\/135303"}],"wp:featuredmedia":[{"embeddable":true,"href":"https:\/\/diarioavanzada.com.mx\/index.php?rest_route=\/wp\/v2\/media\/135302"}],"wp:attachment":[{"href":"https:\/\/diarioavanzada.com.mx\/index.php?rest_route=%2Fwp%2Fv2%2Fmedia&parent=135295"}],"wp:term":[{"taxonomy":"category","embeddable":true,"href":"https:\/\/diarioavanzada.com.mx\/index.php?rest_route=%2Fwp%2Fv2%2Fcategories&post=135295"},{"taxonomy":"post_tag","embeddable":true,"href":"https:\/\/diarioavanzada.com.mx\/index.php?rest_route=%2Fwp%2Fv2%2Ftags&post=135295"}],"curies":[{"name":"wp","href":"https:\/\/api.w.org\/{rel}","templated":true}]}}